{"id":16274,"date":"2025-07-21T22:59:51","date_gmt":"2025-07-21T22:59:51","guid":{"rendered":"https:\/\/alminutonoticia.com\/noticias\/?p=16274"},"modified":"2025-07-21T23:01:52","modified_gmt":"2025-07-21T23:01:52","slug":"cientificos-investigan-la-exposicion-de-los-peatones-a-la-contaminacion-atmosferica-provocada-por-el-trafico-vehicular-en-panama","status":"publish","type":"post","link":"https:\/\/alminutonoticia.com\/noticias\/cientificos-investigan-la-exposicion-de-los-peatones-a-la-contaminacion-atmosferica-provocada-por-el-trafico-vehicular-en-panama\/","title":{"rendered":"Cient\u00edficos investigan la exposici\u00f3n de los peatones a la contaminaci\u00f3n atmosf\u00e9rica provocada por el tr\u00e1fico vehicular en Panam\u00e1"},"content":{"rendered":"\n<p><strong>.<\/strong> Un grupo de investigadores de la Universidad Tecnol\u00f3gica de Panam\u00e1 (UTP), con el respaldo del Centro de Estudios Multidisciplinarios en Ciencias, Ingenier\u00eda y Tecnolog\u00eda (CEMCIT AIP), ha llevado a cabo un proyecto de investigaci\u00f3n que estim\u00f3 la exposici\u00f3n de las personas a los contaminantes atmosf\u00e9ricos generados por el tr\u00e1fico vehicular en distintos de puntos de la ciudad de Panam\u00e1.<\/p>\n\n\n\n<p>Esta investigaci\u00f3n cient\u00edfica fue liderada por la Dra. Franchesca Gonz\u00e1lez Olivard\u00eda, investigadora del Centro de Investigaci\u00f3n e Innovaci\u00f3n El\u00e9ctrica, Mec\u00e1nica y de la Industria (CINEMI) y coordinadora del Grupo de Investigaci\u00f3n \u2018Air Engineering Studies\u2019 (AirES) de esta casa de estudios superiores, quien obtuvo el financiamiento de la Secretar\u00eda Nacional de Ciencia, Tecnolog\u00eda e Innovaci\u00f3n (SENACYT) para el desarrollo del mismo.<\/p>\n\n\n\n<p>\u201c<em>Nuestro objetivo era estimar la exposici\u00f3n de las personas a la contaminaci\u00f3n ambiental producto de los motores de combusti\u00f3n interna, usando herramientas computacionales como Din\u00e1mica de Fluidos Computacional (CFD, por sus siglas en ingl\u00e9s), para as\u00ed comparar si el aire excede los l\u00edmites recomendados por la Organizaci\u00f3n Mundial de la Salud (OMS)<\/em>\u201d, comparte la investigadora principal.<\/p>\n\n\n\n<p>Actualmente, la contaminaci\u00f3n del aire es uno de los problemas ambientales m\u00e1s serios que enfrenta la poblaci\u00f3n mundial. Son varios los motivos que aportan a los altos niveles de contaminaci\u00f3n del aire ambiental, pero para el caso de las urbes, la quema de combustibles f\u00f3siles por fuentes m\u00f3viles en ruta son la principal causa.<\/p>\n\n\n\n<figure class=\"wp-block-image size-full\"><a href=\"https:\/\/alminutonoticia.com\/noticias\/wp-content\/uploads\/2025\/07\/Estacion-de-monitoreo-de-contaminantes-atmosfericos-\u2018AirSence-ubicada-en-la-entrada-del-Campus-Dr.-Victor-Levi-Sasso-de-la-UTP.jpg\"><img fetchpriority=\"high\" decoding=\"async\" width=\"708\" height=\"944\" src=\"https:\/\/alminutonoticia.com\/noticias\/wp-content\/uploads\/2025\/07\/Estacion-de-monitoreo-de-contaminantes-atmosfericos-\u2018AirSence-ubicada-en-la-entrada-del-Campus-Dr.-Victor-Levi-Sasso-de-la-UTP.jpg\" alt=\"\" class=\"wp-image-16275\" title=\"\" srcset=\"https:\/\/alminutonoticia.com\/noticias\/wp-content\/uploads\/2025\/07\/Estacion-de-monitoreo-de-contaminantes-atmosfericos-\u2018AirSence-ubicada-en-la-entrada-del-Campus-Dr.-Victor-Levi-Sasso-de-la-UTP.jpg 708w, https:\/\/alminutonoticia.com\/noticias\/wp-content\/uploads\/2025\/07\/Estacion-de-monitoreo-de-contaminantes-atmosfericos-\u2018AirSence-ubicada-en-la-entrada-del-Campus-Dr.-Victor-Levi-Sasso-de-la-UTP-225x300.jpg 225w\" sizes=\"(max-width: 708px) 100vw, 708px\" \/><\/a><\/figure>\n\n\n\n<p>\u201c<em>La contaminaci\u00f3n producida por fuentes m\u00f3viles, tales como autos, camiones, buses y motos, se da principalmente como producto de la combusti\u00f3n de hidrocarburos dentro de los cilindros del motor del veh\u00edculo. Esta combusti\u00f3n interna genera contaminantes como los \u00f3xidos de nitr\u00f3geno (NO<sub>x<\/sub>), mon\u00f3xido de carbono (CO), compuestos org\u00e1nicos (hidrocarburos no quemados), di\u00f3xido de azufre (SO<sub>2<\/sub>), di\u00f3xido de carbono (CO<sub>2<\/sub>) y part\u00edculas en suspensi\u00f3n, los cuales algunos estudios han correlacionado con malestares respiratorios, al desarrollo de asma y alergias durante la infancia, afecciones en el desarrollo cognitivo en ni\u00f1os, entre otros efecto<\/em>\u201d, explica la Dra. Gonz\u00e1lez Olivard\u00eda, quien tambi\u00e9n es investigadora asociada al CEMCIT AIP.<\/p>\n\n\n\n<p>Como parte de la investigaci\u00f3n, se desarrollaron jornadas de medici\u00f3n de emisiones para identificar los valores t\u00edpicos de las emisiones de los veh\u00edculos que se encuentran circulando en la Ciudad capital. Asimismo, se registraron las condiciones ambientales y las concentraciones de contaminantes atmosf\u00e9ricos utilizando la estaci\u00f3n de monitoreo de contaminantes atmosf\u00e9ricos \u2018AirSence\u2019 ubicada en la entrada del Campus Dr. V\u00edctor Levi Sasso de la UTP. Una vez recolectada la informaci\u00f3n, se aplicaron herramientas computaciones para predecir los valores de contaminaci\u00f3n del aire.<\/p>\n\n\n\n<p>\u201c<em>Entre los principales hallazgos podemos destacar que para veh\u00edculos de pasajeros que usan gasolina (excluyendo taxis y aquellos que declararon brindar servicios a trav\u00e9s de plataformas de transporte), casi el 20% no pasar\u00edan la prueba de emisiones seg\u00fan el Decreto de Ley No. 38 del 3 de junio de 2009. Tambi\u00e9n, de acuerdo con la estaci\u00f3n de monitoreo de aire ambiental, los valores de di\u00f3xido de nitr\u00f3geno (NO<sub>2<\/sub>) son excedidos diariamente, implicando que no se cumple con la resoluci\u00f3n adoptada el 24 de enero de 2023 por el Ministerio de Salud (MINSA)<\/em>\u201d, expone la doctora en ingenier\u00eda.<\/p>\n\n\n\n<figure class=\"wp-block-image size-full\"><a href=\"https:\/\/alminutonoticia.com\/noticias\/wp-content\/uploads\/2025\/07\/Analizador-de-gases-para-motores-de-combustion-interna.jpg\"><img decoding=\"async\" width=\"958\" height=\"719\" src=\"https:\/\/alminutonoticia.com\/noticias\/wp-content\/uploads\/2025\/07\/Analizador-de-gases-para-motores-de-combustion-interna.jpg\" alt=\"\" class=\"wp-image-16276\" title=\"\" srcset=\"https:\/\/alminutonoticia.com\/noticias\/wp-content\/uploads\/2025\/07\/Analizador-de-gases-para-motores-de-combustion-interna.jpg 958w, https:\/\/alminutonoticia.com\/noticias\/wp-content\/uploads\/2025\/07\/Analizador-de-gases-para-motores-de-combustion-interna-300x225.jpg 300w, https:\/\/alminutonoticia.com\/noticias\/wp-content\/uploads\/2025\/07\/Analizador-de-gases-para-motores-de-combustion-interna-768x576.jpg 768w\" sizes=\"(max-width: 958px) 100vw, 958px\" \/><\/a><\/figure>\n\n\n\n<p>Otro componente importante de este estudio cient\u00edfico fue la evaluaci\u00f3n de la exposici\u00f3n de vendedores ambulantes a los contaminantes ambientales, la cual se realiz\u00f3 en colaboraci\u00f3n con estudiantes de Salud Ocupacional de la Universidad de Panam\u00e1 (UP). Entre los principales resultados de la encuesta se identific\u00f3 que estas personas pasan m\u00e1s de 4 horas diarias expuestos a la contaminaci\u00f3n atmosf\u00e9rica.<\/p>\n\n\n\n<p>\u201c<em>Si bien con este proyecto se hado dado un primer paso para la mejora de las pol\u00edticas p\u00fablicas y se ha llamado la atenci\u00f3n a un tema que repercute en nuestras vidas diarias, a\u00fan se debe continuar investigando los niveles de exposici\u00f3n a contaminantes atmosf\u00e9ricos producto del tr\u00e1fico vehicular. El pa\u00eds requiere de estaciones de monitoreo de contaminantes criterios y contaminantes t\u00f3xicos. Asimismo, se debe iniciar campa\u00f1as de concienciaci\u00f3n p\u00fablica sobre este. tema<\/em>\u201d, reflexiona la Dra. Gonz\u00e1lez Olivard\u00eda.<\/p>\n\n\n\n<p>Participaron en este proyecto de investigaci\u00f3n los doctores C\u00e9sar Pinz\u00f3n y Omar Cornejo, los mag\u00edsteres Carlos Plazaola, Orlando Melgar y Luis Mogoll\u00f3n, y los estudiantes Ana Rodr\u00edguez y Cristian Rodr\u00edguez, de la UTP.<\/p>\n\n\n\n<p><strong>Sobre el CEMCIT AIP: <\/strong>Asociaci\u00f3n de inter\u00e9s p\u00fablico que fomenta, promueve y participa en el desarrollo de actividades de investigaci\u00f3n cient\u00edficas y tecnol\u00f3gica de Panam\u00e1. Cuenta con proyectos de investigaci\u00f3n en Log\u00edstica y Agroindustria; F\u00edsica, Materiales Avanzados y aplicaciones de Ciencias B\u00e1sicas; Mecatr\u00f3nica, Rob\u00f3tica y Sistemas Embebidos; Agua y Ambiente; Energ\u00eda; Biociencias y Biotecnolog\u00eda; Infraestructura y Construcci\u00f3n; y Sistemas Inteligentes. <a href=\"https:\/\/cemcit.org.pa\" target=\"_blank\" rel=\"noopener\">https:\/\/cemcit.org.pa<\/a><\/p>\n","protected":false},"excerpt":{"rendered":"<p>. Un grupo de investigadores de la Universidad Tecnol\u00f3gica de Panam\u00e1 (UTP), con el respaldo del Centro de Estudios Multidisciplinarios en Ciencias, Ingenier\u00eda y Tecnolog\u00eda (CEMCIT AIP), ha llevado a cabo un proyecto de investigaci\u00f3n que estim\u00f3 la exposici\u00f3n de las personas a los contaminantes atmosf\u00e9ricos generados por el tr\u00e1fico vehicular en distintos de puntos [&hellip;]<\/p>\n","protected":false},"author":3,"featured_media":16276,"comment_status":"open","ping_status":"open","sticky":false,"template":"","format":"standard","meta":{"footnotes":""},"categories":[36,49],"tags":[],"class_list":["post-16274","post","type-post","status-publish","format-standard","has-post-thumbnail","hentry","category-nacionales","category-tecnologia"],"_links":{"self":[{"href":"https:\/\/alminutonoticia.com\/noticias\/wp-json\/wp\/v2\/posts\/16274","targetHints":{"allow":["GET"]}}],"collection":[{"href":"https:\/\/alminutonoticia.com\/noticias\/wp-json\/wp\/v2\/posts"}],"about":[{"href":"https:\/\/alminutonoticia.com\/noticias\/wp-json\/wp\/v2\/types\/post"}],"author":[{"embeddable":true,"href":"https:\/\/alminutonoticia.com\/noticias\/wp-json\/wp\/v2\/users\/3"}],"replies":[{"embeddable":true,"href":"https:\/\/alminutonoticia.com\/noticias\/wp-json\/wp\/v2\/comments?post=16274"}],"version-history":[{"count":2,"href":"https:\/\/alminutonoticia.com\/noticias\/wp-json\/wp\/v2\/posts\/16274\/revisions"}],"predecessor-version":[{"id":16278,"href":"https:\/\/alminutonoticia.com\/noticias\/wp-json\/wp\/v2\/posts\/16274\/revisions\/16278"}],"wp:featuredmedia":[{"embeddable":true,"href":"https:\/\/alminutonoticia.com\/noticias\/wp-json\/wp\/v2\/media\/16276"}],"wp:attachment":[{"href":"https:\/\/alminutonoticia.com\/noticias\/wp-json\/wp\/v2\/media?parent=16274"}],"wp:term":[{"taxonomy":"category","embeddable":true,"href":"https:\/\/alminutonoticia.com\/noticias\/wp-json\/wp\/v2\/categories?post=16274"},{"taxonomy":"post_tag","embeddable":true,"href":"https:\/\/alminutonoticia.com\/noticias\/wp-json\/wp\/v2\/tags?post=16274"}],"curies":[{"name":"wp","href":"https:\/\/api.w.org\/{rel}","templated":true}]}}