{"id":16268,"date":"2025-07-21T22:56:22","date_gmt":"2025-07-21T22:56:22","guid":{"rendered":"https:\/\/alminutonoticia.com\/noticias\/?p=16268"},"modified":"2025-07-21T22:58:24","modified_gmt":"2025-07-21T22:58:24","slug":"presidente-de-la-republica-atiende-a-lideres-historicas-en-la-lucha-por-los-derechos-de-la-mujer","status":"publish","type":"post","link":"https:\/\/alminutonoticia.com\/noticias\/presidente-de-la-republica-atiende-a-lideres-historicas-en-la-lucha-por-los-derechos-de-la-mujer\/","title":{"rendered":"Presidente de la Rep\u00fablica atiende a l\u00edderes hist\u00f3ricas en la lucha por los derechos de la mujer"},"content":{"rendered":"\n<p>El presidente de la Rep\u00fablica, Jos\u00e9 Ra\u00fal Mulino, se reuni\u00f3 este lunes con un grupo de activistas y l\u00edderes hist\u00f3ricas de la lucha por los derechos de la mujer en Panam\u00e1, a quienes dio a conocer sus planes de transformaci\u00f3n del Estado, que incluyen cambios en el Ministerio de la Mujer.<\/p>\n\n\n\n<p>El grupo estuvo integrado por la exlegisladora Teresita Y\u00e1niz de Arias, Liriola Leoteau, Eyda Harvard, Lorena Gonz\u00e1lez y Alicia Franco. Acompa\u00f1\u00f3 al mandatario, la viceministra de la Presidencia, Virna Luque.<\/p>\n\n\n\n<figure class=\"wp-block-image size-large\"><a href=\"https:\/\/alminutonoticia.com\/noticias\/wp-content\/uploads\/2025\/07\/WhatsApp-Image-2025-07-21-at-2.22.49-PM-scaled.jpeg\"><img fetchpriority=\"high\" decoding=\"async\" width=\"1024\" height=\"683\" src=\"https:\/\/alminutonoticia.com\/noticias\/wp-content\/uploads\/2025\/07\/WhatsApp-Image-2025-07-21-at-2.22.49-PM-1024x683.jpeg\" alt=\"\" class=\"wp-image-16269\" title=\"\" srcset=\"https:\/\/alminutonoticia.com\/noticias\/wp-content\/uploads\/2025\/07\/WhatsApp-Image-2025-07-21-at-2.22.49-PM-1024x683.jpeg 1024w, https:\/\/alminutonoticia.com\/noticias\/wp-content\/uploads\/2025\/07\/WhatsApp-Image-2025-07-21-at-2.22.49-PM-300x200.jpeg 300w, https:\/\/alminutonoticia.com\/noticias\/wp-content\/uploads\/2025\/07\/WhatsApp-Image-2025-07-21-at-2.22.49-PM-768x512.jpeg 768w, https:\/\/alminutonoticia.com\/noticias\/wp-content\/uploads\/2025\/07\/WhatsApp-Image-2025-07-21-at-2.22.49-PM-1536x1024.jpeg 1536w, https:\/\/alminutonoticia.com\/noticias\/wp-content\/uploads\/2025\/07\/WhatsApp-Image-2025-07-21-at-2.22.49-PM-2048x1366.jpeg 2048w\" sizes=\"(max-width: 1024px) 100vw, 1024px\" \/><\/a><\/figure>\n\n\n\n<p>En la reuni\u00f3n, el presidente les explic\u00f3 que las transformaciones a futuro en el Gabinete Social no solo mantendr\u00e1n los logros y conquistas de las mujeres paname\u00f1as a lo largo de los a\u00f1os, sino que garantizar\u00e1n que se administren de forma m\u00e1s efectiva los fondos del Estado, para invertirlos hacia pol\u00edticas p\u00fablicas que defiendan sus derechos.<\/p>\n\n\n\n<p>\u00abHemos quedado satisfechas y estamos dispuestas a colaborar con el Presidente de la Rep\u00fablica, como con cualquier otro grupo dentro del gobierno que quiera que analicemos a partir de la experiencia que hemos acumulado, las cosas que se puedan hacer, aquellas que sean posibles y aquellas que sean necesarias\u00bb, afirm\u00f3 Y\u00e1niz de Arias tras la cordial reuni\u00f3n.<\/p>\n\n\n\n<div class=\"wp-block-columns is-layout-flex wp-container-core-columns-is-layout-28f84493 wp-block-columns-is-layout-flex\">\n<div class=\"wp-block-column is-layout-flow wp-block-column-is-layout-flow\" style=\"flex-basis:50%\">\n<figure class=\"wp-block-image size-large\"><a href=\"https:\/\/alminutonoticia.com\/noticias\/wp-content\/uploads\/2025\/07\/WhatsApp-Image-2025-07-21-at-2.22.48-PM-1-scaled.jpeg\"><img decoding=\"async\" width=\"1024\" height=\"683\" src=\"https:\/\/alminutonoticia.com\/noticias\/wp-content\/uploads\/2025\/07\/WhatsApp-Image-2025-07-21-at-2.22.48-PM-1-1024x683.jpeg\" alt=\"\" class=\"wp-image-16270\" title=\"\" srcset=\"https:\/\/alminutonoticia.com\/noticias\/wp-content\/uploads\/2025\/07\/WhatsApp-Image-2025-07-21-at-2.22.48-PM-1-1024x683.jpeg 1024w, https:\/\/alminutonoticia.com\/noticias\/wp-content\/uploads\/2025\/07\/WhatsApp-Image-2025-07-21-at-2.22.48-PM-1-300x200.jpeg 300w, https:\/\/alminutonoticia.com\/noticias\/wp-content\/uploads\/2025\/07\/WhatsApp-Image-2025-07-21-at-2.22.48-PM-1-768x512.jpeg 768w, https:\/\/alminutonoticia.com\/noticias\/wp-content\/uploads\/2025\/07\/WhatsApp-Image-2025-07-21-at-2.22.48-PM-1-1536x1024.jpeg 1536w, https:\/\/alminutonoticia.com\/noticias\/wp-content\/uploads\/2025\/07\/WhatsApp-Image-2025-07-21-at-2.22.48-PM-1-2048x1366.jpeg 2048w\" sizes=\"(max-width: 1024px) 100vw, 1024px\" \/><\/a><\/figure>\n<\/div>\n\n\n\n<div class=\"wp-block-column is-layout-flow wp-block-column-is-layout-flow\" style=\"flex-basis:50%\">\n<figure class=\"wp-block-image size-large\"><a href=\"https:\/\/alminutonoticia.com\/noticias\/wp-content\/uploads\/2025\/07\/WhatsApp-Image-2025-07-21-at-2.22.48-PM-scaled.jpeg\"><img decoding=\"async\" width=\"1024\" height=\"683\" src=\"https:\/\/alminutonoticia.com\/noticias\/wp-content\/uploads\/2025\/07\/WhatsApp-Image-2025-07-21-at-2.22.48-PM-1024x683.jpeg\" alt=\"\" class=\"wp-image-16271\" title=\"\" srcset=\"https:\/\/alminutonoticia.com\/noticias\/wp-content\/uploads\/2025\/07\/WhatsApp-Image-2025-07-21-at-2.22.48-PM-1024x683.jpeg 1024w, https:\/\/alminutonoticia.com\/noticias\/wp-content\/uploads\/2025\/07\/WhatsApp-Image-2025-07-21-at-2.22.48-PM-300x200.jpeg 300w, https:\/\/alminutonoticia.com\/noticias\/wp-content\/uploads\/2025\/07\/WhatsApp-Image-2025-07-21-at-2.22.48-PM-768x512.jpeg 768w, https:\/\/alminutonoticia.com\/noticias\/wp-content\/uploads\/2025\/07\/WhatsApp-Image-2025-07-21-at-2.22.48-PM-1536x1024.jpeg 1536w, https:\/\/alminutonoticia.com\/noticias\/wp-content\/uploads\/2025\/07\/WhatsApp-Image-2025-07-21-at-2.22.48-PM-2048x1366.jpeg 2048w\" sizes=\"(max-width: 1024px) 100vw, 1024px\" \/><\/a><\/figure>\n<\/div>\n<\/div>\n\n\n\n<p>El presidente y las dirigentes coincidieron en que, bajo una nueva entidad oficial, el Estado debe seguir impulsando los derechos de las mujeres y combatiendo los problemas que las aquejan, como lo son la violencia, la discriminaci\u00f3n, la pobreza y deficiencias en la educaci\u00f3n y la salud.<\/p>\n","protected":false},"excerpt":{"rendered":"<p>El presidente de la Rep\u00fablica, Jos\u00e9 Ra\u00fal Mulino, se reuni\u00f3 este lunes con un grupo de activistas y l\u00edderes hist\u00f3ricas de la lucha por los derechos de la mujer en Panam\u00e1, a quienes dio a conocer sus planes de transformaci\u00f3n del Estado, que incluyen cambios en el Ministerio de la Mujer. El grupo estuvo integrado [&hellip;]<\/p>\n","protected":false},"author":3,"featured_media":16271,"comment_status":"open","ping_status":"open","sticky":false,"template":"","format":"standard","meta":{"footnotes":""},"categories":[36],"tags":[],"class_list":["post-16268","post","type-post","status-publish","format-standard","has-post-thumbnail","hentry","category-nacionales"],"_links":{"self":[{"href":"https:\/\/alminutonoticia.com\/noticias\/wp-json\/wp\/v2\/posts\/16268","targetHints":{"allow":["GET"]}}],"collection":[{"href":"https:\/\/alminutonoticia.com\/noticias\/wp-json\/wp\/v2\/posts"}],"about":[{"href":"https:\/\/alminutonoticia.com\/noticias\/wp-json\/wp\/v2\/types\/post"}],"author":[{"embeddable":true,"href":"https:\/\/alminutonoticia.com\/noticias\/wp-json\/wp\/v2\/users\/3"}],"replies":[{"embeddable":true,"href":"https:\/\/alminutonoticia.com\/noticias\/wp-json\/wp\/v2\/comments?post=16268"}],"version-history":[{"count":1,"href":"https:\/\/alminutonoticia.com\/noticias\/wp-json\/wp\/v2\/posts\/16268\/revisions"}],"predecessor-version":[{"id":16272,"href":"https:\/\/alminutonoticia.com\/noticias\/wp-json\/wp\/v2\/posts\/16268\/revisions\/16272"}],"wp:featuredmedia":[{"embeddable":true,"href":"https:\/\/alminutonoticia.com\/noticias\/wp-json\/wp\/v2\/media\/16271"}],"wp:attachment":[{"href":"https:\/\/alminutonoticia.com\/noticias\/wp-json\/wp\/v2\/media?parent=16268"}],"wp:term":[{"taxonomy":"category","embeddable":true,"href":"https:\/\/alminutonoticia.com\/noticias\/wp-json\/wp\/v2\/categories?post=16268"},{"taxonomy":"post_tag","embeddable":true,"href":"https:\/\/alminutonoticia.com\/noticias\/wp-json\/wp\/v2\/tags?post=16268"}],"curies":[{"name":"wp","href":"https:\/\/api.w.org\/{rel}","templated":true}]}}