{"id":1626,"date":"2023-03-09T03:38:48","date_gmt":"2023-03-09T03:38:48","guid":{"rendered":"https:\/\/alminutonoticia.com\/noticias\/?p=1626"},"modified":"2023-03-09T03:38:48","modified_gmt":"2023-03-09T03:38:48","slug":"lanzan-registro-para-el-voto-adelantado","status":"publish","type":"post","link":"https:\/\/alminutonoticia.com\/noticias\/lanzan-registro-para-el-voto-adelantado\/","title":{"rendered":"Lanzan Registro para el voto adelantado"},"content":{"rendered":"\n<p>Ya inicio el periodo de inscripci\u00f3n en el Registro de Electores para el Voto Adelantado por internet, desde el pasado lunes 6 de marzo hasta el viernes 15 de diciembre de 2023, mediante el\u00a0Registro de Electores Residentes en el Extranjero (RERE) y el Registro de \u00a0Electores del Voto Adelantado para los residentes en Panam\u00e1 (REVA),<\/p>\n\n\n\n<p>Alfredo Junc\u00e1 Wendehake, magistrado presidente, destac\u00f3 durante el acto de lanzamiento de este proyecto, se\u00f1al\u00f3 que \u201ca trav\u00e9s de la innovaci\u00f3n y la tecnolog\u00eda nos unimos para celebrar un mundo digital inclusivo, pero estamos realmente lejos de poder lograr esto, y digo que estamos lejos porque todav\u00eda falta much\u00edsimo por hacer\u201d.&nbsp;&nbsp;&nbsp;&nbsp;&nbsp;<\/p>\n\n\n\n<p>\u201cEsta inclusi\u00f3n llega de la mano de la revoluci\u00f3n digital que el Tribunal Electoral ha abrazado, y en el d\u00eda de hoy nos complacemos en presentar oficialmente el programa que arranc\u00f3 el 6 de marzo, que es el proyecto del voto.<\/p>\n\n\n\n<p>Por su parte, el magistrado primer vicepresidente y director general del PLAGEL, Eduardo Vald\u00e9s Escoffery, dijo que para la Elecci\u00f3n General 2024 el voto por internet tendr\u00e1 una nueva modalidad de seguridad, una nueva fisonom\u00eda, un nuevo \u201cupgrade\u201d con sistemas de reconocimiento facial biom\u00e9trico.&nbsp;&nbsp;&nbsp;&nbsp;<\/p>\n\n\n\n<p>Asimismo, resalt\u00f3 que la \u00faltima reforma a la Ley Electoral permiti\u00f3 que se sumaran adem\u00e1s de los miembros de los estamentos de seguridad del Estado, &nbsp;a los m\u00e9dicos y enfermeras, los camar\u00f3grafos de televisi\u00f3n, fot\u00f3grafos de prensa y periodistas.&nbsp; Hoy tambi\u00e9n se contempla otra norma del C\u00f3digo Electoral para poder ofrecer esta facilidad a personas que sufren alg\u00fan tipo de discapacidad para que c\u00f3modamente puedan ejercer su voto por internet.<\/p>\n\n\n\n<p>Entre tanto, Sharon Sinclaire de Dumanoir, directora nacional del Registro Civil y encargada de la Comisi\u00f3n de Voto Adelantado, destac\u00f3 que&nbsp;existen dos modalidades de voto en Panam\u00e1 dentro del territorio nacional y desde el extranjero: el voto manual o el voto presencial que todos conocemos y el voto electr\u00f3nico que se hace en algunas mesas de votaci\u00f3n. Las personas que viviendo dentro del pa\u00eds van a poder votar de forma adelantada porque est\u00e1n dentro de las categor\u00edas que establece la Ley Electoral.&nbsp; Solamente estas personas dentro de estas categor\u00edas son las que podr\u00e1n hacer ejercicio de este nuevo mecanismo de voto adelantado y, desde el extranjero, a trav\u00e9s de la modalidad por internet.&nbsp;&nbsp;<\/p>\n\n\n\n<p>El C\u00f3digo Electoral permite ejercer el voto adelantado solo para el cargo de presidente de la Rep\u00fablica. La figura consiste en el ejercicio del sufragio antes de la fecha, a trav\u00e9s de los mecanismos que reglamenta el TE.<\/p>\n\n\n\n<p>Podr\u00e1n ejercer el voto adelantado los ciudadanos que est\u00e9n en el extranjero el d\u00eda de las elecciones, los miembros de la Fuerza P\u00fablica, del Cuerpo de Bomberos, Sinaproc, la Cruz Roja Paname\u00f1a, el personal m\u00e9dico y de enfermer\u00eda, as\u00ed como los fot\u00f3grafos de prensa, los camar\u00f3grafos de televisi\u00f3n y periodistas, delegados electorales, servidores del Tribunal Electoral y de la Fiscal\u00eda General Electoral y las personas que hayan comprobado tener alg\u00fan tipo de discapacidad.<\/p>\n\n\n\n<p>En este mismo periodo los ciudadanos paname\u00f1os que viven en el extranjero podr\u00e1n inscribirse en el Registro de Electores de Paname\u00f1os Residentes en el Extranjero (RERE) y podr\u00e1n votar desde el exterior, por internet.<\/p>\n\n\n\n<p>Se pueden inscribir a trav\u00e9s del Centro de Atenci\u00f3n al Usuario (CAU) y en el sitio web\u00a0<a rel=\"noreferrer noopener\" href=\"http:\/\/www.tribunalcontigo.com\/\" target=\"_blank\">www.tribunalcontigo.com<\/a><\/p>\n\n\n\n<figure class=\"wp-block-image size-full\"><a href=\"https:\/\/alminutonoticia.com\/noticias\/wp-content\/uploads\/2023\/03\/WhatsApp-Image-2023-03-08-at-6.02.54-PM.jpeg\"><img fetchpriority=\"high\" decoding=\"async\" width=\"1024\" height=\"598\" src=\"https:\/\/alminutonoticia.com\/noticias\/wp-content\/uploads\/2023\/03\/WhatsApp-Image-2023-03-08-at-6.02.54-PM.jpeg\" alt=\"\" class=\"wp-image-1627\" title=\"\" srcset=\"https:\/\/alminutonoticia.com\/noticias\/wp-content\/uploads\/2023\/03\/WhatsApp-Image-2023-03-08-at-6.02.54-PM.jpeg 1024w, https:\/\/alminutonoticia.com\/noticias\/wp-content\/uploads\/2023\/03\/WhatsApp-Image-2023-03-08-at-6.02.54-PM-300x175.jpeg 300w, https:\/\/alminutonoticia.com\/noticias\/wp-content\/uploads\/2023\/03\/WhatsApp-Image-2023-03-08-at-6.02.54-PM-768x449.jpeg 768w\" sizes=\"(max-width: 1024px) 100vw, 1024px\" \/><\/a><\/figure>\n","protected":false},"excerpt":{"rendered":"<p>Ya inicio el periodo de inscripci\u00f3n en el Registro de Electores para el Voto Adelantado por internet, desde el pasado lunes 6 de marzo hasta el viernes 15 de diciembre de 2023, mediante el\u00a0Registro de Electores Residentes en el Extranjero (RERE) y el Registro de \u00a0Electores del Voto Adelantado para los residentes en Panam\u00e1 (REVA), [&hellip;]<\/p>\n","protected":false},"author":3,"featured_media":0,"comment_status":"open","ping_status":"open","sticky":false,"template":"","format":"standard","meta":{"footnotes":""},"categories":[36,37],"tags":[],"class_list":["post-1626","post","type-post","status-publish","format-standard","hentry","category-nacionales","category-politica"],"_links":{"self":[{"href":"https:\/\/alminutonoticia.com\/noticias\/wp-json\/wp\/v2\/posts\/1626","targetHints":{"allow":["GET"]}}],"collection":[{"href":"https:\/\/alminutonoticia.com\/noticias\/wp-json\/wp\/v2\/posts"}],"about":[{"href":"https:\/\/alminutonoticia.com\/noticias\/wp-json\/wp\/v2\/types\/post"}],"author":[{"embeddable":true,"href":"https:\/\/alminutonoticia.com\/noticias\/wp-json\/wp\/v2\/users\/3"}],"replies":[{"embeddable":true,"href":"https:\/\/alminutonoticia.com\/noticias\/wp-json\/wp\/v2\/comments?post=1626"}],"version-history":[{"count":1,"href":"https:\/\/alminutonoticia.com\/noticias\/wp-json\/wp\/v2\/posts\/1626\/revisions"}],"predecessor-version":[{"id":1628,"href":"https:\/\/alminutonoticia.com\/noticias\/wp-json\/wp\/v2\/posts\/1626\/revisions\/1628"}],"wp:attachment":[{"href":"https:\/\/alminutonoticia.com\/noticias\/wp-json\/wp\/v2\/media?parent=1626"}],"wp:term":[{"taxonomy":"category","embeddable":true,"href":"https:\/\/alminutonoticia.com\/noticias\/wp-json\/wp\/v2\/categories?post=1626"},{"taxonomy":"post_tag","embeddable":true,"href":"https:\/\/alminutonoticia.com\/noticias\/wp-json\/wp\/v2\/tags?post=1626"}],"curies":[{"name":"wp","href":"https:\/\/api.w.org\/{rel}","templated":true}]}}