{"id":16259,"date":"2025-07-21T22:40:02","date_gmt":"2025-07-21T22:40:02","guid":{"rendered":"https:\/\/alminutonoticia.com\/noticias\/?p=16259"},"modified":"2025-07-21T22:40:05","modified_gmt":"2025-07-21T22:40:05","slug":"panama-sede-de-la-5-a-conferencia-regional-de-apoyonline","status":"publish","type":"post","link":"https:\/\/alminutonoticia.com\/noticias\/panama-sede-de-la-5-a-conferencia-regional-de-apoyonline\/","title":{"rendered":"Panam\u00e1 sede de la 5.\u00aa Conferencia Regional de APOYOnline"},"content":{"rendered":"\n<p>Con la participaci\u00f3n de 235 expertos y profesionales de 27 pa\u00edses, y un total de 65 ponencias y 44 p\u00f3sters presentados, Panam\u00e1 fue el escenario de la 5.\u00aa Conferencia Regional de APOYOnline, un evento clave para la preservaci\u00f3n del patrimonio cultural en Am\u00e9rica Latina, el Caribe y pa\u00edses de habla portuguesa y espa\u00f1ola.<\/p>\n\n\n\n<p>Del 30 de junio al 4 de julio de 2025, la conferencia se llev\u00f3 a cabo en modalidad presencial y virtual, organizada por APOYOnline \u2013 Association for Heritage Preservation of the Americas, Inc., junto al Museo del Canal de Panam\u00e1 y otras instituciones locales y regionales.<\/p>\n\n\n\n<p>Bajo el lema \u201cConexiones sostenibles para el patrimonio cultural\u201d, el encuentro reuni\u00f3 a expertos, comunidades y profesionales comprometidos con la conservaci\u00f3n del patrimonio cultural, quienes abordaron temas fundamentales como el impacto del cambio clim\u00e1tico en colecciones en riesgo, la participaci\u00f3n comunitaria, la innovaci\u00f3n tecnol\u00f3gica, las tendencias actuales, y la educaci\u00f3n y formaci\u00f3n en preservaci\u00f3n.<\/p>\n\n\n\n<figure class=\"wp-block-image size-large\"><a href=\"https:\/\/alminutonoticia.com\/noticias\/wp-content\/uploads\/2025\/07\/WhatsApp-Image-2025-07-21-at-10.50.40-AM-2.jpeg\"><img fetchpriority=\"high\" decoding=\"async\" width=\"1024\" height=\"684\" src=\"https:\/\/alminutonoticia.com\/noticias\/wp-content\/uploads\/2025\/07\/WhatsApp-Image-2025-07-21-at-10.50.40-AM-2-1024x684.jpeg\" alt=\"\" class=\"wp-image-16260\" title=\"\" srcset=\"https:\/\/alminutonoticia.com\/noticias\/wp-content\/uploads\/2025\/07\/WhatsApp-Image-2025-07-21-at-10.50.40-AM-2-1024x684.jpeg 1024w, https:\/\/alminutonoticia.com\/noticias\/wp-content\/uploads\/2025\/07\/WhatsApp-Image-2025-07-21-at-10.50.40-AM-2-300x200.jpeg 300w, https:\/\/alminutonoticia.com\/noticias\/wp-content\/uploads\/2025\/07\/WhatsApp-Image-2025-07-21-at-10.50.40-AM-2-768x513.jpeg 768w, https:\/\/alminutonoticia.com\/noticias\/wp-content\/uploads\/2025\/07\/WhatsApp-Image-2025-07-21-at-10.50.40-AM-2-1536x1025.jpeg 1536w, https:\/\/alminutonoticia.com\/noticias\/wp-content\/uploads\/2025\/07\/WhatsApp-Image-2025-07-21-at-10.50.40-AM-2.jpeg 1600w\" sizes=\"(max-width: 1024px) 100vw, 1024px\" \/><\/a><\/figure>\n\n\n\n<p>Durante cinco d\u00edas, los asistentes disfrutaron de una variada agenda acad\u00e9mica y pr\u00e1ctica. Las ponencias y p\u00f3sters destacaron investigaciones recientes y estudios de caso, mientras que los paneles de discusi\u00f3n fomentaron el di\u00e1logo entre especialistas de distintas disciplinas sobre los retos y oportunidades regionales. Adem\u00e1s, los talleres ofrecieron capacitaci\u00f3n t\u00e9cnica con instructores de renombre mundial, disponibles tanto de forma presencial como virtual.<\/p>\n\n\n\n<p>Una de las iniciativas m\u00e1s significativas fue MANOS A LA OBRA, que invit\u00f3 a los participantes a involucrarse activamente en proyectos voluntarios de conservaci\u00f3n y sensibilizaci\u00f3n en una instituci\u00f3n local, fortaleciendo el v\u00ednculo entre teor\u00eda y pr\u00e1ctica.<\/p>\n\n\n\n<p>\u201cEste evento es el punto culminante de 35 a\u00f1os de dedicaci\u00f3n a construir puentes de comunicaci\u00f3n para preservar nuestro patrimonio cultural com\u00fan. Estamos muy agradecidos por el compromiso de los voluntarios y el apoyo de colaboradores y patrocinadores de toda la regi\u00f3n. Gracias a este esfuerzo colectivo, la conferencia ya es un gran \u00e9xito,\u201d destac\u00f3 Beatriz Haspo, Directora Ejecutiva Voluntaria de APOYOnline.<\/p>\n\n\n\n<figure class=\"wp-block-image size-large\"><a href=\"https:\/\/alminutonoticia.com\/noticias\/wp-content\/uploads\/2025\/07\/WhatsApp-Image-2025-07-21-at-10.50.40-AM-1.jpeg\"><img decoding=\"async\" width=\"1024\" height=\"684\" src=\"https:\/\/alminutonoticia.com\/noticias\/wp-content\/uploads\/2025\/07\/WhatsApp-Image-2025-07-21-at-10.50.40-AM-1-1024x684.jpeg\" alt=\"\" class=\"wp-image-16261\" title=\"\" srcset=\"https:\/\/alminutonoticia.com\/noticias\/wp-content\/uploads\/2025\/07\/WhatsApp-Image-2025-07-21-at-10.50.40-AM-1-1024x684.jpeg 1024w, https:\/\/alminutonoticia.com\/noticias\/wp-content\/uploads\/2025\/07\/WhatsApp-Image-2025-07-21-at-10.50.40-AM-1-300x200.jpeg 300w, https:\/\/alminutonoticia.com\/noticias\/wp-content\/uploads\/2025\/07\/WhatsApp-Image-2025-07-21-at-10.50.40-AM-1-768x513.jpeg 768w, https:\/\/alminutonoticia.com\/noticias\/wp-content\/uploads\/2025\/07\/WhatsApp-Image-2025-07-21-at-10.50.40-AM-1-1536x1025.jpeg 1536w, https:\/\/alminutonoticia.com\/noticias\/wp-content\/uploads\/2025\/07\/WhatsApp-Image-2025-07-21-at-10.50.40-AM-1.jpeg 1600w\" sizes=\"(max-width: 1024px) 100vw, 1024px\" \/><\/a><\/figure>\n\n\n\n<p>APOYOnline es una organizaci\u00f3n sin fines de lucro fundada en 1989, que a lo largo de m\u00e1s de tres d\u00e9cadas ha reunido a m\u00e1s de 6,100 miembros y otorgado m\u00e1s de 1,400 becas profesionales en 31 pa\u00edses. Su misi\u00f3n se centra en fortalecer redes, ofrecer formaci\u00f3n especializada y traducir publicaciones t\u00e9cnicas clave al espa\u00f1ol y portugu\u00e9s, impulsando el desarrollo de la conservaci\u00f3n patrimonial en la regi\u00f3n.<\/p>\n\n\n\n<p>\u201cNos sentimos orgullosos de ser colaboradores de esta conferencia que fortalece el di\u00e1logo y la acci\u00f3n en torno a la preservaci\u00f3n de nuestro patrimonio, un recurso vital para la identidad y desarrollo sostenible,\u201d expres\u00f3 Ana Elizabeth Gonz\u00e1lez, Directora Ejecutiva y Curadora en Jefe del Museo del Canal de Panam\u00e1.<\/p>\n\n\n\n<p>Como complemento, los asistentes realizaron visitas t\u00e9cnicas a sitios patrimoniales y culturales emblem\u00e1ticos de Ciudad de Panam\u00e1, donde pudieron observar los retos y avances en conservaci\u00f3n.<br>Tambi\u00e9n se llev\u00f3 a cabo una exhibici\u00f3n de proveedores especializados en materiales y tecnolog\u00edas para la preservaci\u00f3n, facilitando el contacto entre profesionales y la industria.<\/p>\n\n\n\n<figure class=\"wp-block-image size-large\"><a href=\"https:\/\/alminutonoticia.com\/noticias\/wp-content\/uploads\/2025\/07\/WhatsApp-Image-2025-07-21-at-10.50.40-AM.jpeg\"><img decoding=\"async\" width=\"1024\" height=\"684\" src=\"https:\/\/alminutonoticia.com\/noticias\/wp-content\/uploads\/2025\/07\/WhatsApp-Image-2025-07-21-at-10.50.40-AM-1024x684.jpeg\" alt=\"\" class=\"wp-image-16262\" title=\"\" srcset=\"https:\/\/alminutonoticia.com\/noticias\/wp-content\/uploads\/2025\/07\/WhatsApp-Image-2025-07-21-at-10.50.40-AM-1024x684.jpeg 1024w, https:\/\/alminutonoticia.com\/noticias\/wp-content\/uploads\/2025\/07\/WhatsApp-Image-2025-07-21-at-10.50.40-AM-300x200.jpeg 300w, https:\/\/alminutonoticia.com\/noticias\/wp-content\/uploads\/2025\/07\/WhatsApp-Image-2025-07-21-at-10.50.40-AM-768x513.jpeg 768w, https:\/\/alminutonoticia.com\/noticias\/wp-content\/uploads\/2025\/07\/WhatsApp-Image-2025-07-21-at-10.50.40-AM-1536x1025.jpeg 1536w, https:\/\/alminutonoticia.com\/noticias\/wp-content\/uploads\/2025\/07\/WhatsApp-Image-2025-07-21-at-10.50.40-AM.jpeg 1600w\" sizes=\"(max-width: 1024px) 100vw, 1024px\" \/><\/a><\/figure>\n\n\n\n<p>Esta conferencia no solo permiti\u00f3 compartir conocimientos y experiencias, sino que fortaleci\u00f3 las redes de colaboraci\u00f3n para enfrentar los retos ambientales, sociales y tecnol\u00f3gicos que amenazan el patrimonio cultural, especialmente en Centroam\u00e9rica.<\/p>\n","protected":false},"excerpt":{"rendered":"<p>Con la participaci\u00f3n de 235 expertos y profesionales de 27 pa\u00edses, y un total de 65 ponencias y 44 p\u00f3sters presentados, Panam\u00e1 fue el escenario de la 5.\u00aa Conferencia Regional de APOYOnline, un evento clave para la preservaci\u00f3n del patrimonio cultural en Am\u00e9rica Latina, el Caribe y pa\u00edses de habla portuguesa y espa\u00f1ola. Del 30 [&hellip;]<\/p>\n","protected":false},"author":3,"featured_media":16262,"comment_status":"open","ping_status":"open","sticky":false,"template":"","format":"standard","meta":{"footnotes":""},"categories":[36],"tags":[],"class_list":["post-16259","post","type-post","status-publish","format-standard","has-post-thumbnail","hentry","category-nacionales"],"_links":{"self":[{"href":"https:\/\/alminutonoticia.com\/noticias\/wp-json\/wp\/v2\/posts\/16259","targetHints":{"allow":["GET"]}}],"collection":[{"href":"https:\/\/alminutonoticia.com\/noticias\/wp-json\/wp\/v2\/posts"}],"about":[{"href":"https:\/\/alminutonoticia.com\/noticias\/wp-json\/wp\/v2\/types\/post"}],"author":[{"embeddable":true,"href":"https:\/\/alminutonoticia.com\/noticias\/wp-json\/wp\/v2\/users\/3"}],"replies":[{"embeddable":true,"href":"https:\/\/alminutonoticia.com\/noticias\/wp-json\/wp\/v2\/comments?post=16259"}],"version-history":[{"count":1,"href":"https:\/\/alminutonoticia.com\/noticias\/wp-json\/wp\/v2\/posts\/16259\/revisions"}],"predecessor-version":[{"id":16263,"href":"https:\/\/alminutonoticia.com\/noticias\/wp-json\/wp\/v2\/posts\/16259\/revisions\/16263"}],"wp:featuredmedia":[{"embeddable":true,"href":"https:\/\/alminutonoticia.com\/noticias\/wp-json\/wp\/v2\/media\/16262"}],"wp:attachment":[{"href":"https:\/\/alminutonoticia.com\/noticias\/wp-json\/wp\/v2\/media?parent=16259"}],"wp:term":[{"taxonomy":"category","embeddable":true,"href":"https:\/\/alminutonoticia.com\/noticias\/wp-json\/wp\/v2\/categories?post=16259"},{"taxonomy":"post_tag","embeddable":true,"href":"https:\/\/alminutonoticia.com\/noticias\/wp-json\/wp\/v2\/tags?post=16259"}],"curies":[{"name":"wp","href":"https:\/\/api.w.org\/{rel}","templated":true}]}}