{"id":16255,"date":"2025-07-21T22:37:48","date_gmt":"2025-07-21T22:37:48","guid":{"rendered":"https:\/\/alminutonoticia.com\/noticias\/?p=16255"},"modified":"2025-07-21T22:37:50","modified_gmt":"2025-07-21T22:37:50","slug":"inadeh-lanza-curso-de-administracion-de-propiedad-horizontal","status":"publish","type":"post","link":"https:\/\/alminutonoticia.com\/noticias\/inadeh-lanza-curso-de-administracion-de-propiedad-horizontal\/","title":{"rendered":"INADEH lanza curso de Administraci\u00f3n de Propiedad Horizontal"},"content":{"rendered":"\n<p>El Instituto Nacional de Formaci\u00f3n Profesional y Capacitaci\u00f3n para el Desarrollo Humano (INADEH) a\u00f1ade una nueva capacitaci\u00f3n para fortalecer su oferta formativa, se trata del curso Administraci\u00f3n de Propiedad Horizontal, enfocado en brindar las herramientas necesarias para una gesti\u00f3n eficiente, transparente y legalmente adecuada de los bienes comunes y espacios compartidos.<\/p>\n\n\n\n<p>Este curso forma parte del \u00e1rea de Gesti\u00f3n Empresarial y responde a las necesidades identificadas durante una mesa sectorial tripartita, en la que participaron distintos actores del sector, entre estos la Asociaci\u00f3n de Profesionales de Administraci\u00f3n de PH (ADEPAH), donde se detectaron las demandas de capacitaci\u00f3n en el sector inmobiliario y de administraci\u00f3n de propiedades.<\/p>\n\n\n\n<figure class=\"wp-block-image size-large\"><a href=\"https:\/\/alminutonoticia.com\/noticias\/wp-content\/uploads\/2025\/07\/WhatsApp-Image-2025-07-21-at-10.50.47-AM-1.jpeg\"><img fetchpriority=\"high\" decoding=\"async\" width=\"1024\" height=\"682\" src=\"https:\/\/alminutonoticia.com\/noticias\/wp-content\/uploads\/2025\/07\/WhatsApp-Image-2025-07-21-at-10.50.47-AM-1-1024x682.jpeg\" alt=\"\" class=\"wp-image-16256\" title=\"\" srcset=\"https:\/\/alminutonoticia.com\/noticias\/wp-content\/uploads\/2025\/07\/WhatsApp-Image-2025-07-21-at-10.50.47-AM-1-1024x682.jpeg 1024w, https:\/\/alminutonoticia.com\/noticias\/wp-content\/uploads\/2025\/07\/WhatsApp-Image-2025-07-21-at-10.50.47-AM-1-300x200.jpeg 300w, https:\/\/alminutonoticia.com\/noticias\/wp-content\/uploads\/2025\/07\/WhatsApp-Image-2025-07-21-at-10.50.47-AM-1-768x512.jpeg 768w, https:\/\/alminutonoticia.com\/noticias\/wp-content\/uploads\/2025\/07\/WhatsApp-Image-2025-07-21-at-10.50.47-AM-1-1536x1023.jpeg 1536w, https:\/\/alminutonoticia.com\/noticias\/wp-content\/uploads\/2025\/07\/WhatsApp-Image-2025-07-21-at-10.50.47-AM-1.jpeg 1600w\" sizes=\"(max-width: 1024px) 100vw, 1024px\" \/><\/a><\/figure>\n\n\n\n<p>Con una duraci\u00f3n de 80 horas, el programa ofrece contenidos actualizados conforme a la Ley 284 del 14 de febrero de 2022, su reglamentaci\u00f3n y normas complementarias. Los participantes aprender\u00e1n a coordinar actividades administrativas, elaborar documentaci\u00f3n clave y tomar decisiones dentro del marco legal vigente.<\/p>\n\n\n\n<p>En esta primera etapa, se ofrecer\u00e1n 12 cursos en modalidades presencial y virtual, disponibles en las sedes de La Marquesa (Arraij\u00e1n), Tocumen (Plaza Galer\u00edas Panamericana) y Los Pueblos.<\/p>\n\n\n\n<p>\u00abLa creciente urbanizaci\u00f3n del pa\u00eds exige personas preparados que comprendan la complejidad de la propiedad horizontal. Con esta nueva formaci\u00f3n, en INADEH contribuimos al desarrollo de comunidades m\u00e1s organizadas y seguras\u00bb, explic\u00f3 Yajaira Pitti, directora General del INADEH.<\/p>\n\n\n\n<figure class=\"wp-block-image size-large\"><a href=\"https:\/\/alminutonoticia.com\/noticias\/wp-content\/uploads\/2025\/07\/WhatsApp-Image-2025-07-21-at-10.50.47-AM.jpeg\"><img decoding=\"async\" width=\"1024\" height=\"682\" src=\"https:\/\/alminutonoticia.com\/noticias\/wp-content\/uploads\/2025\/07\/WhatsApp-Image-2025-07-21-at-10.50.47-AM-1024x682.jpeg\" alt=\"\" class=\"wp-image-16257\" title=\"\" srcset=\"https:\/\/alminutonoticia.com\/noticias\/wp-content\/uploads\/2025\/07\/WhatsApp-Image-2025-07-21-at-10.50.47-AM-1024x682.jpeg 1024w, https:\/\/alminutonoticia.com\/noticias\/wp-content\/uploads\/2025\/07\/WhatsApp-Image-2025-07-21-at-10.50.47-AM-300x200.jpeg 300w, https:\/\/alminutonoticia.com\/noticias\/wp-content\/uploads\/2025\/07\/WhatsApp-Image-2025-07-21-at-10.50.47-AM-768x512.jpeg 768w, https:\/\/alminutonoticia.com\/noticias\/wp-content\/uploads\/2025\/07\/WhatsApp-Image-2025-07-21-at-10.50.47-AM-1536x1023.jpeg 1536w, https:\/\/alminutonoticia.com\/noticias\/wp-content\/uploads\/2025\/07\/WhatsApp-Image-2025-07-21-at-10.50.47-AM.jpeg 1600w\" sizes=\"(max-width: 1024px) 100vw, 1024px\" \/><\/a><\/figure>\n\n\n\n<p>Los interesados ya pueden preinscribirse a trav\u00e9s de la p\u00e1gina web www.inadeh.edu.pa, llamar al 538-2300 o contactar v\u00eda WhatsApp al 6379-1469.<\/p>\n","protected":false},"excerpt":{"rendered":"<p>El Instituto Nacional de Formaci\u00f3n Profesional y Capacitaci\u00f3n para el Desarrollo Humano (INADEH) a\u00f1ade una nueva capacitaci\u00f3n para fortalecer su oferta formativa, se trata del curso Administraci\u00f3n de Propiedad Horizontal, enfocado en brindar las herramientas necesarias para una gesti\u00f3n eficiente, transparente y legalmente adecuada de los bienes comunes y espacios compartidos. Este curso forma parte [&hellip;]<\/p>\n","protected":false},"author":3,"featured_media":16257,"comment_status":"open","ping_status":"open","sticky":false,"template":"","format":"standard","meta":{"footnotes":""},"categories":[36],"tags":[],"class_list":["post-16255","post","type-post","status-publish","format-standard","has-post-thumbnail","hentry","category-nacionales"],"_links":{"self":[{"href":"https:\/\/alminutonoticia.com\/noticias\/wp-json\/wp\/v2\/posts\/16255","targetHints":{"allow":["GET"]}}],"collection":[{"href":"https:\/\/alminutonoticia.com\/noticias\/wp-json\/wp\/v2\/posts"}],"about":[{"href":"https:\/\/alminutonoticia.com\/noticias\/wp-json\/wp\/v2\/types\/post"}],"author":[{"embeddable":true,"href":"https:\/\/alminutonoticia.com\/noticias\/wp-json\/wp\/v2\/users\/3"}],"replies":[{"embeddable":true,"href":"https:\/\/alminutonoticia.com\/noticias\/wp-json\/wp\/v2\/comments?post=16255"}],"version-history":[{"count":1,"href":"https:\/\/alminutonoticia.com\/noticias\/wp-json\/wp\/v2\/posts\/16255\/revisions"}],"predecessor-version":[{"id":16258,"href":"https:\/\/alminutonoticia.com\/noticias\/wp-json\/wp\/v2\/posts\/16255\/revisions\/16258"}],"wp:featuredmedia":[{"embeddable":true,"href":"https:\/\/alminutonoticia.com\/noticias\/wp-json\/wp\/v2\/media\/16257"}],"wp:attachment":[{"href":"https:\/\/alminutonoticia.com\/noticias\/wp-json\/wp\/v2\/media?parent=16255"}],"wp:term":[{"taxonomy":"category","embeddable":true,"href":"https:\/\/alminutonoticia.com\/noticias\/wp-json\/wp\/v2\/categories?post=16255"},{"taxonomy":"post_tag","embeddable":true,"href":"https:\/\/alminutonoticia.com\/noticias\/wp-json\/wp\/v2\/tags?post=16255"}],"curies":[{"name":"wp","href":"https:\/\/api.w.org\/{rel}","templated":true}]}}