{"id":16240,"date":"2025-07-19T20:13:02","date_gmt":"2025-07-19T20:13:02","guid":{"rendered":"https:\/\/alminutonoticia.com\/noticias\/?p=16240"},"modified":"2025-07-21T22:33:28","modified_gmt":"2025-07-21T22:33:28","slug":"denuncia-empresario-mexicano-a-fiscalia-de-panama","status":"publish","type":"post","link":"https:\/\/alminutonoticia.com\/noticias\/denuncia-empresario-mexicano-a-fiscalia-de-panama\/","title":{"rendered":"Denuncia empresario mexicano a fiscal\u00eda de Panam\u00e1"},"content":{"rendered":"\n<p>Un empresario mexicano denunci\u00f3 ante la fiscal\u00eda de Panam\u00e1 una supuesta persecuci\u00f3n judicial en su contra, la cual lleva m\u00e1s de cinco a\u00f1os, alegando que sus bienes y cuentas permanecen retenidos sin pruebas ni cargos formales. Desde 2019, afirma haber enfrentado irregularidades por parte de las autoridades paname\u00f1as, incluyendo la falta de avances pese al cambio de gobierno en ese pa\u00eds.<\/p>\n\n\n\n<p>Seg\u00fan el empresario, la fiscal Isis Soto minti\u00f3 al Procurador General al afirmar que a\u00fan se esperaba la audiencia de imputaci\u00f3n, cuando esta ya se hab\u00eda realizado en 2022 y el juez neg\u00f3 la solicitud del Ministerio P\u00fablico. Su equipo legal acusa a la fiscal\u00eda de prolongar el caso con abusos de poder, ocultamiento de pruebas y una campa\u00f1a de desprestigio para justificar la retenci\u00f3n de su patrimonio.<\/p>\n\n\n\n<p>El empresario sostiene que auditor\u00edas independientes han confirmado la legalidad de sus operaciones financieras y denuncia que la fiscal\u00eda ocult\u00f3 estos informes. Tambi\u00e9n acusa a funcionarios paname\u00f1os de haber confiscado y utilizado sus veh\u00edculos, y relata haber sido detenido por 36 horas en un aeropuerto y haber perdido su visa de inversionista sin causa justificada.<\/p>\n\n\n\n<p>Responsabiliza directamente a la fiscal Isis Soto y a Marcos Mosquera por corrupci\u00f3n, y se\u00f1ala al exvicepresidente Gabriel Carrizo como presunto responsable de una red de extorsi\u00f3n. Recuerda que, pese a que una jueza orden\u00f3 levantar las medidas cautelares en 2022, sus bienes siguen retenidos y la investigaci\u00f3n contin\u00faa activa sin sustento legal.<\/p>\n\n\n\n<p>El empresario concluye exigiendo la intervenci\u00f3n del actual Procurador General, Luis G\u00f3mez Rudi, y la devoluci\u00f3n inmediata de sus bienes. Tambi\u00e9n advierte que su caso podr\u00eda formar parte de un patr\u00f3n de abusos judiciales que afectan a inversionistas extranjeros en Panam\u00e1, calificando su situaci\u00f3n como una grave violaci\u00f3n a sus derechos fundamentales.<\/p>\n\n\n\n<p>Fuente : reforma Mexico <\/p>\n\n\n\n<figure class=\"wp-block-image size-full\"><a href=\"https:\/\/alminutonoticia.com\/noticias\/wp-content\/uploads\/2025\/07\/WhatsApp-Image-2025-07-19-at-2.50.28-PM.jpeg\"><img fetchpriority=\"high\" decoding=\"async\" width=\"981\" height=\"554\" src=\"https:\/\/alminutonoticia.com\/noticias\/wp-content\/uploads\/2025\/07\/WhatsApp-Image-2025-07-19-at-2.50.28-PM.jpeg\" alt=\"\" class=\"wp-image-16241\" title=\"\" srcset=\"https:\/\/alminutonoticia.com\/noticias\/wp-content\/uploads\/2025\/07\/WhatsApp-Image-2025-07-19-at-2.50.28-PM.jpeg 981w, https:\/\/alminutonoticia.com\/noticias\/wp-content\/uploads\/2025\/07\/WhatsApp-Image-2025-07-19-at-2.50.28-PM-300x169.jpeg 300w, https:\/\/alminutonoticia.com\/noticias\/wp-content\/uploads\/2025\/07\/WhatsApp-Image-2025-07-19-at-2.50.28-PM-768x434.jpeg 768w\" sizes=\"(max-width: 981px) 100vw, 981px\" \/><\/a><\/figure>\n","protected":false},"excerpt":{"rendered":"<p>Un empresario mexicano denunci\u00f3 ante la fiscal\u00eda de Panam\u00e1 una supuesta persecuci\u00f3n judicial en su contra, la cual lleva m\u00e1s de cinco a\u00f1os, alegando que sus bienes y cuentas permanecen retenidos sin pruebas ni cargos formales. Desde 2019, afirma haber enfrentado irregularidades por parte de las autoridades paname\u00f1as, incluyendo la falta de avances pese al [&hellip;]<\/p>\n","protected":false},"author":3,"featured_media":16241,"comment_status":"open","ping_status":"open","sticky":false,"template":"","format":"standard","meta":{"footnotes":""},"categories":[39,36],"tags":[],"class_list":["post-16240","post","type-post","status-publish","format-standard","has-post-thumbnail","hentry","category-internacionales","category-nacionales"],"_links":{"self":[{"href":"https:\/\/alminutonoticia.com\/noticias\/wp-json\/wp\/v2\/posts\/16240","targetHints":{"allow":["GET"]}}],"collection":[{"href":"https:\/\/alminutonoticia.com\/noticias\/wp-json\/wp\/v2\/posts"}],"about":[{"href":"https:\/\/alminutonoticia.com\/noticias\/wp-json\/wp\/v2\/types\/post"}],"author":[{"embeddable":true,"href":"https:\/\/alminutonoticia.com\/noticias\/wp-json\/wp\/v2\/users\/3"}],"replies":[{"embeddable":true,"href":"https:\/\/alminutonoticia.com\/noticias\/wp-json\/wp\/v2\/comments?post=16240"}],"version-history":[{"count":1,"href":"https:\/\/alminutonoticia.com\/noticias\/wp-json\/wp\/v2\/posts\/16240\/revisions"}],"predecessor-version":[{"id":16242,"href":"https:\/\/alminutonoticia.com\/noticias\/wp-json\/wp\/v2\/posts\/16240\/revisions\/16242"}],"wp:featuredmedia":[{"embeddable":true,"href":"https:\/\/alminutonoticia.com\/noticias\/wp-json\/wp\/v2\/media\/16241"}],"wp:attachment":[{"href":"https:\/\/alminutonoticia.com\/noticias\/wp-json\/wp\/v2\/media?parent=16240"}],"wp:term":[{"taxonomy":"category","embeddable":true,"href":"https:\/\/alminutonoticia.com\/noticias\/wp-json\/wp\/v2\/categories?post=16240"},{"taxonomy":"post_tag","embeddable":true,"href":"https:\/\/alminutonoticia.com\/noticias\/wp-json\/wp\/v2\/tags?post=16240"}],"curies":[{"name":"wp","href":"https:\/\/api.w.org\/{rel}","templated":true}]}}