{"id":16234,"date":"2025-07-18T20:56:29","date_gmt":"2025-07-18T20:56:29","guid":{"rendered":"https:\/\/alminutonoticia.com\/noticias\/?p=16234"},"modified":"2025-07-18T20:56:41","modified_gmt":"2025-07-18T20:56:41","slug":"acaba-la-espera-para-pacientes-prostaticos-en-bocas-del-toro-inicia-la-megajornada-de-cirugias","status":"publish","type":"post","link":"https:\/\/alminutonoticia.com\/noticias\/acaba-la-espera-para-pacientes-prostaticos-en-bocas-del-toro-inicia-la-megajornada-de-cirugias\/","title":{"rendered":"Acaba la espera para pacientes prost\u00e1ticos en Bocas del Toro: Inicia la megajornada de cirug\u00edas"},"content":{"rendered":"\n<p>A partir de hoy,&nbsp;y durante tres d\u00edas,&nbsp;se desarrollar\u00e1 en el Hospital Dr. Ra\u00fal D\u00e1vila Mena, de Changuinola, en la provincia de Bocas del Toro, la megajornada de cirug\u00edas prost\u00e1ticas, lo que llevar\u00e1 alivio a m\u00e1s de 20 pacientes que han esperado por m\u00e1s de un a\u00f1o una cirug\u00eda.<\/p>\n\n\n\n<p>Dos modernos quir\u00f3fanos, completamente equipados,&nbsp;y m\u00e1s de 50 profesionales, entre m\u00e9dicos generales, ur\u00f3logos, anestesi\u00f3logos, personal enfermer\u00eda, de recobro y administrativo formar\u00e1n parte de esta jornada extraordinaria, que finalizar\u00e1 este domingo, 20 de julio.<\/p>\n\n\n\n<p>El Dr. Esteban Sinclair, director m\u00e9dico del Hospital Dr. Ra\u00fal D\u00e1vila Mena, inform\u00f3 que las cirug\u00edas est\u00e1n programadas a iniciar a partir de las tres&nbsp;de la tarde de hoy, con los primeros cuatro casos.<\/p>\n\n\n\n<p>Para el d\u00eda s\u00e1bado tienen contemplado realizar 10 cirug\u00edas m\u00e1s, mientras que el domingo se completar\u00e1 el proceso con el resto de las 10 intervenciones.<\/p>\n\n\n\n<figure class=\"wp-block-image size-full\"><a href=\"https:\/\/alminutonoticia.com\/noticias\/wp-content\/uploads\/2025\/07\/WhatsApp-Image-2025-07-18-at-2.07.31-PM-3-1024x682-1.jpeg\"><img fetchpriority=\"high\" decoding=\"async\" width=\"1024\" height=\"682\" src=\"https:\/\/alminutonoticia.com\/noticias\/wp-content\/uploads\/2025\/07\/WhatsApp-Image-2025-07-18-at-2.07.31-PM-3-1024x682-1.jpeg\" alt=\"\" class=\"wp-image-16235\" title=\"\" srcset=\"https:\/\/alminutonoticia.com\/noticias\/wp-content\/uploads\/2025\/07\/WhatsApp-Image-2025-07-18-at-2.07.31-PM-3-1024x682-1.jpeg 1024w, https:\/\/alminutonoticia.com\/noticias\/wp-content\/uploads\/2025\/07\/WhatsApp-Image-2025-07-18-at-2.07.31-PM-3-1024x682-1-300x200.jpeg 300w, https:\/\/alminutonoticia.com\/noticias\/wp-content\/uploads\/2025\/07\/WhatsApp-Image-2025-07-18-at-2.07.31-PM-3-1024x682-1-768x512.jpeg 768w\" sizes=\"(max-width: 1024px) 100vw, 1024px\" \/><\/a><\/figure>\n\n\n\n<p>La mayor\u00eda de los pacientes que ser\u00e1n sometidos a este proceso quir\u00fargico oscilan entre los 60 y 80 a\u00f1os de edad, inform\u00f3 el Dr. Sinclair.<\/p>\n\n\n\n<p>\u00abEstos pacientes tuvieron que esperar entre un a\u00f1o o a\u00f1o y medio para poder ser beneficiados con esta cirug\u00eda de gran impacto para ellos\u00bb, se\u00f1al\u00f3 el m\u00e9dico.<\/p>\n\n\n\n<p>En la mayor\u00eda de las intervenciones se aplicar\u00e1 la t\u00e9cnica de cirug\u00edas endosc\u00f3picas y abiertas, con el prop\u00f3sito de brindar a los pacientes una soluci\u00f3n definitiva.<\/p>\n\n\n\n<p>\u00abNosotros y el resto del personal nos sentimos sumamente orgullosos por haber escogido a esta provincia para reducir la mora quir\u00fargica y adem\u00e1s haber hecho toda la log\u00edstica para contar con los suficientes insumos m\u00e9dicos quir\u00fargicos\u00bb, enfatiz\u00f3 el Dr. Sinclair.<\/p>\n\n\n\n<div class=\"wp-block-columns is-layout-flex wp-container-core-columns-is-layout-28f84493 wp-block-columns-is-layout-flex\">\n<div class=\"wp-block-column is-layout-flow wp-block-column-is-layout-flow\">\n<figure class=\"wp-block-image size-full\"><a href=\"https:\/\/alminutonoticia.com\/noticias\/wp-content\/uploads\/2025\/07\/WhatsApp-Image-2025-07-18-at-2.07.31-PM-1-1024x682-1.jpeg\"><img decoding=\"async\" width=\"1024\" height=\"682\" src=\"https:\/\/alminutonoticia.com\/noticias\/wp-content\/uploads\/2025\/07\/WhatsApp-Image-2025-07-18-at-2.07.31-PM-1-1024x682-1.jpeg\" alt=\"\" class=\"wp-image-16236\" title=\"\" srcset=\"https:\/\/alminutonoticia.com\/noticias\/wp-content\/uploads\/2025\/07\/WhatsApp-Image-2025-07-18-at-2.07.31-PM-1-1024x682-1.jpeg 1024w, https:\/\/alminutonoticia.com\/noticias\/wp-content\/uploads\/2025\/07\/WhatsApp-Image-2025-07-18-at-2.07.31-PM-1-1024x682-1-300x200.jpeg 300w, https:\/\/alminutonoticia.com\/noticias\/wp-content\/uploads\/2025\/07\/WhatsApp-Image-2025-07-18-at-2.07.31-PM-1-1024x682-1-768x512.jpeg 768w\" sizes=\"(max-width: 1024px) 100vw, 1024px\" \/><\/a><\/figure>\n<\/div>\n\n\n\n<div class=\"wp-block-column is-layout-flow wp-block-column-is-layout-flow\">\n<figure class=\"wp-block-image size-full\"><a href=\"https:\/\/alminutonoticia.com\/noticias\/wp-content\/uploads\/2025\/07\/WhatsApp-Image-2025-07-18-at-2.07.30-PM-1-1024x682-1.jpeg\"><img decoding=\"async\" width=\"1024\" height=\"682\" src=\"https:\/\/alminutonoticia.com\/noticias\/wp-content\/uploads\/2025\/07\/WhatsApp-Image-2025-07-18-at-2.07.30-PM-1-1024x682-1.jpeg\" alt=\"\" class=\"wp-image-16237\" title=\"\" srcset=\"https:\/\/alminutonoticia.com\/noticias\/wp-content\/uploads\/2025\/07\/WhatsApp-Image-2025-07-18-at-2.07.30-PM-1-1024x682-1.jpeg 1024w, https:\/\/alminutonoticia.com\/noticias\/wp-content\/uploads\/2025\/07\/WhatsApp-Image-2025-07-18-at-2.07.30-PM-1-1024x682-1-300x200.jpeg 300w, https:\/\/alminutonoticia.com\/noticias\/wp-content\/uploads\/2025\/07\/WhatsApp-Image-2025-07-18-at-2.07.30-PM-1-1024x682-1-768x512.jpeg 768w\" sizes=\"(max-width: 1024px) 100vw, 1024px\" \/><\/a><\/figure>\n<\/div>\n<\/div>\n\n\n\n<p>La estrategia de reducir la mora quir\u00fargica en cada provincia responde al compromiso de la Caja de Seguro Social de garantizar una atenci\u00f3n oportuna, digna y de calidad a la poblaci\u00f3n paname\u00f1a.<\/p>\n","protected":false},"excerpt":{"rendered":"<p>A partir de hoy,&nbsp;y durante tres d\u00edas,&nbsp;se desarrollar\u00e1 en el Hospital Dr. Ra\u00fal D\u00e1vila Mena, de Changuinola, en la provincia de Bocas del Toro, la megajornada de cirug\u00edas prost\u00e1ticas, lo que llevar\u00e1 alivio a m\u00e1s de 20 pacientes que han esperado por m\u00e1s de un a\u00f1o una cirug\u00eda. Dos modernos quir\u00f3fanos, completamente equipados,&nbsp;y m\u00e1s de [&hellip;]<\/p>\n","protected":false},"author":3,"featured_media":16235,"comment_status":"open","ping_status":"open","sticky":false,"template":"","format":"standard","meta":{"footnotes":""},"categories":[36,45],"tags":[],"class_list":["post-16234","post","type-post","status-publish","format-standard","has-post-thumbnail","hentry","category-nacionales","category-salud"],"_links":{"self":[{"href":"https:\/\/alminutonoticia.com\/noticias\/wp-json\/wp\/v2\/posts\/16234","targetHints":{"allow":["GET"]}}],"collection":[{"href":"https:\/\/alminutonoticia.com\/noticias\/wp-json\/wp\/v2\/posts"}],"about":[{"href":"https:\/\/alminutonoticia.com\/noticias\/wp-json\/wp\/v2\/types\/post"}],"author":[{"embeddable":true,"href":"https:\/\/alminutonoticia.com\/noticias\/wp-json\/wp\/v2\/users\/3"}],"replies":[{"embeddable":true,"href":"https:\/\/alminutonoticia.com\/noticias\/wp-json\/wp\/v2\/comments?post=16234"}],"version-history":[{"count":2,"href":"https:\/\/alminutonoticia.com\/noticias\/wp-json\/wp\/v2\/posts\/16234\/revisions"}],"predecessor-version":[{"id":16554,"href":"https:\/\/alminutonoticia.com\/noticias\/wp-json\/wp\/v2\/posts\/16234\/revisions\/16554"}],"wp:featuredmedia":[{"embeddable":true,"href":"https:\/\/alminutonoticia.com\/noticias\/wp-json\/wp\/v2\/media\/16235"}],"wp:attachment":[{"href":"https:\/\/alminutonoticia.com\/noticias\/wp-json\/wp\/v2\/media?parent=16234"}],"wp:term":[{"taxonomy":"category","embeddable":true,"href":"https:\/\/alminutonoticia.com\/noticias\/wp-json\/wp\/v2\/categories?post=16234"},{"taxonomy":"post_tag","embeddable":true,"href":"https:\/\/alminutonoticia.com\/noticias\/wp-json\/wp\/v2\/tags?post=16234"}],"curies":[{"name":"wp","href":"https:\/\/api.w.org\/{rel}","templated":true}]}}