{"id":16039,"date":"2025-07-15T00:26:33","date_gmt":"2025-07-15T00:26:33","guid":{"rendered":"https:\/\/alminutonoticia.com\/noticias\/?p=16039"},"modified":"2025-07-15T00:27:40","modified_gmt":"2025-07-15T00:27:40","slug":"miviot-atiende-a-familias-afectadas-por-incendio-en-colon-y-procede-a-realizar-evaluaciones","status":"publish","type":"post","link":"https:\/\/alminutonoticia.com\/noticias\/miviot-atiende-a-familias-afectadas-por-incendio-en-colon-y-procede-a-realizar-evaluaciones\/","title":{"rendered":"Miviot atiende a familias afectadas por incendio en Col\u00f3n y procede a realizar evaluaciones"},"content":{"rendered":"\n<p>Trabajadoras sociales del Ministerio de Vivienda y Ordenamiento Territorial (Miviot), realizan las evaluaciones socioecon\u00f3micas de las familias afectadas por el incendio que se registr\u00f3 este lunes 14 de julio, en los caserones 2028, 2011, 2026 y 2009, ubicados entre las Avenidas Amador Guerrero y Bol\u00edvar, en la provincia de Col\u00f3n.<\/p>\n\n\n\n<p>Los edificios que resultaron afectados por el siniestro eran ocupados por un total de 265 personas, sin embargo, seg\u00fan autoridades del Miviot estos apartamentos hab\u00edan sido desalojados previamente y las familias que resid\u00edan originalmente y que cumplieron los requisitos exigidos fueron trasladadas al proyecto Altos de Los Lagos, donde habitan actualmente.<\/p>\n\n\n\n<figure class=\"wp-block-image size-large\"><a href=\"https:\/\/alminutonoticia.com\/noticias\/wp-content\/uploads\/2025\/07\/IMG-20250714-WA0025.jpg\"><img fetchpriority=\"high\" decoding=\"async\" width=\"472\" height=\"1024\" src=\"https:\/\/alminutonoticia.com\/noticias\/wp-content\/uploads\/2025\/07\/IMG-20250714-WA0025-472x1024.jpg\" alt=\"\" class=\"wp-image-16040\" title=\"\" srcset=\"https:\/\/alminutonoticia.com\/noticias\/wp-content\/uploads\/2025\/07\/IMG-20250714-WA0025-472x1024.jpg 472w, https:\/\/alminutonoticia.com\/noticias\/wp-content\/uploads\/2025\/07\/IMG-20250714-WA0025-138x300.jpg 138w, https:\/\/alminutonoticia.com\/noticias\/wp-content\/uploads\/2025\/07\/IMG-20250714-WA0025-708x1536.jpg 708w, https:\/\/alminutonoticia.com\/noticias\/wp-content\/uploads\/2025\/07\/IMG-20250714-WA0025.jpg 738w\" sizes=\"(max-width: 472px) 100vw, 472px\" \/><\/a><\/figure>\n\n\n\n<p>Los viejos caserones seg\u00fan un informe del Sistema Nacional de Protecci\u00f3n Civil (Sinaproc), resultaron con afectaciones totales y parciales en los 75 apartamentos que lo componen.<\/p>\n\n\n\n<p>Luego de las evaluaciones realizadas por el Miviot, se proceder\u00e1 a levantar un expediente de todas las personas que habitaban el inmueble, para conocer la situaci\u00f3n y buscar las posibles soluciones habitacionales a los afectados.<\/p>\n\n\n\n<figure class=\"wp-block-image size-large\"><a href=\"https:\/\/alminutonoticia.com\/noticias\/wp-content\/uploads\/2025\/07\/IMG-20250714-WA0020.jpg\"><img decoding=\"async\" width=\"1024\" height=\"472\" src=\"https:\/\/alminutonoticia.com\/noticias\/wp-content\/uploads\/2025\/07\/IMG-20250714-WA0020-1024x472.jpg\" alt=\"\" class=\"wp-image-16041\" title=\"\" srcset=\"https:\/\/alminutonoticia.com\/noticias\/wp-content\/uploads\/2025\/07\/IMG-20250714-WA0020-1024x472.jpg 1024w, https:\/\/alminutonoticia.com\/noticias\/wp-content\/uploads\/2025\/07\/IMG-20250714-WA0020-300x138.jpg 300w, https:\/\/alminutonoticia.com\/noticias\/wp-content\/uploads\/2025\/07\/IMG-20250714-WA0020-768x354.jpg 768w, https:\/\/alminutonoticia.com\/noticias\/wp-content\/uploads\/2025\/07\/IMG-20250714-WA0020-1536x708.jpg 1536w, https:\/\/alminutonoticia.com\/noticias\/wp-content\/uploads\/2025\/07\/IMG-20250714-WA0020.jpg 1600w\" sizes=\"(max-width: 1024px) 100vw, 1024px\" \/><\/a><\/figure>\n\n\n\n<p>Por el momento el Benem\u00e9rito Cuerpo de Bomberos de Col\u00f3n, realiza las investigaciones para conocer las causas que ocasionaron el fuego en los inmuebles.&nbsp;<\/p>\n","protected":false},"excerpt":{"rendered":"<p>Trabajadoras sociales del Ministerio de Vivienda y Ordenamiento Territorial (Miviot), realizan las evaluaciones socioecon\u00f3micas de las familias afectadas por el incendio que se registr\u00f3 este lunes 14 de julio, en los caserones 2028, 2011, 2026 y 2009, ubicados entre las Avenidas Amador Guerrero y Bol\u00edvar, en la provincia de Col\u00f3n. Los edificios que resultaron afectados [&hellip;]<\/p>\n","protected":false},"author":3,"featured_media":16041,"comment_status":"open","ping_status":"open","sticky":false,"template":"","format":"standard","meta":{"footnotes":""},"categories":[36],"tags":[],"class_list":["post-16039","post","type-post","status-publish","format-standard","has-post-thumbnail","hentry","category-nacionales"],"_links":{"self":[{"href":"https:\/\/alminutonoticia.com\/noticias\/wp-json\/wp\/v2\/posts\/16039","targetHints":{"allow":["GET"]}}],"collection":[{"href":"https:\/\/alminutonoticia.com\/noticias\/wp-json\/wp\/v2\/posts"}],"about":[{"href":"https:\/\/alminutonoticia.com\/noticias\/wp-json\/wp\/v2\/types\/post"}],"author":[{"embeddable":true,"href":"https:\/\/alminutonoticia.com\/noticias\/wp-json\/wp\/v2\/users\/3"}],"replies":[{"embeddable":true,"href":"https:\/\/alminutonoticia.com\/noticias\/wp-json\/wp\/v2\/comments?post=16039"}],"version-history":[{"count":1,"href":"https:\/\/alminutonoticia.com\/noticias\/wp-json\/wp\/v2\/posts\/16039\/revisions"}],"predecessor-version":[{"id":16042,"href":"https:\/\/alminutonoticia.com\/noticias\/wp-json\/wp\/v2\/posts\/16039\/revisions\/16042"}],"wp:featuredmedia":[{"embeddable":true,"href":"https:\/\/alminutonoticia.com\/noticias\/wp-json\/wp\/v2\/media\/16041"}],"wp:attachment":[{"href":"https:\/\/alminutonoticia.com\/noticias\/wp-json\/wp\/v2\/media?parent=16039"}],"wp:term":[{"taxonomy":"category","embeddable":true,"href":"https:\/\/alminutonoticia.com\/noticias\/wp-json\/wp\/v2\/categories?post=16039"},{"taxonomy":"post_tag","embeddable":true,"href":"https:\/\/alminutonoticia.com\/noticias\/wp-json\/wp\/v2\/tags?post=16039"}],"curies":[{"name":"wp","href":"https:\/\/api.w.org\/{rel}","templated":true}]}}