{"id":16029,"date":"2025-07-15T00:07:23","date_gmt":"2025-07-15T00:07:23","guid":{"rendered":"https:\/\/alminutonoticia.com\/noticias\/?p=16029"},"modified":"2025-07-15T00:08:19","modified_gmt":"2025-07-15T00:08:19","slug":"umip-celebra-la-semana-del-marino-el-valor-del-marino-panameno-y-su-impacto-en-la-economia-nacional","status":"publish","type":"post","link":"https:\/\/alminutonoticia.com\/noticias\/umip-celebra-la-semana-del-marino-el-valor-del-marino-panameno-y-su-impacto-en-la-economia-nacional\/","title":{"rendered":"UMIP celebra la semana del marino, el valor del marino paname\u00f1o y su impacto en la econom\u00eda nacional"},"content":{"rendered":"\n<p>Con un vibrante concierto ofrecido por la Banda Republicana, que evoc\u00f3 lo mejor de la identidad y cultura paname\u00f1a, la Universidad Mar\u00edtima Internacional de Panam\u00e1 (UMIP), dio inicio este lunes a la tradicional Semana del Marino, una celebraci\u00f3n que va mucho m\u00e1s all\u00e1 del entretenimiento: es un tributo al papel fundamental que desempe\u00f1an los marinos en el desarrollo econ\u00f3mico y estrat\u00e9gico de la naci\u00f3n.<\/p>\n\n\n\n<p>Durante la ceremonia de apertura, el rector de la UMIP, V\u00edctor Luna Barahona, subray\u00f3 la importancia de esta semana para la formaci\u00f3n integral de los cadetes y futuros l\u00edderes del sector mar\u00edtimo. \u201cEsta semana no solo conmemora el esfuerzo incansable de nuestros marinos, sino que tambi\u00e9n nos invita a reflexionar sobre el papel vital del desarrollo mar\u00edtimo de Panam\u00e1\u201d, expres\u00f3 Luna. A\u00f1adi\u00f3 que se trata de una oportunidad para fortalecer conocimientos, habilidades y valores que son esenciales en una industria din\u00e1mica y altamente competitiva.<\/p>\n\n\n\n<figure class=\"wp-block-image size-large\"><a href=\"https:\/\/alminutonoticia.com\/noticias\/wp-content\/uploads\/2025\/07\/WhatsApp-Image-2025-07-14-at-5.20.19-PM.jpeg\"><img fetchpriority=\"high\" decoding=\"async\" width=\"1024\" height=\"628\" src=\"https:\/\/alminutonoticia.com\/noticias\/wp-content\/uploads\/2025\/07\/WhatsApp-Image-2025-07-14-at-5.20.19-PM-1024x628.jpeg\" alt=\"\" class=\"wp-image-16030\" title=\"\" srcset=\"https:\/\/alminutonoticia.com\/noticias\/wp-content\/uploads\/2025\/07\/WhatsApp-Image-2025-07-14-at-5.20.19-PM-1024x628.jpeg 1024w, https:\/\/alminutonoticia.com\/noticias\/wp-content\/uploads\/2025\/07\/WhatsApp-Image-2025-07-14-at-5.20.19-PM-300x184.jpeg 300w, https:\/\/alminutonoticia.com\/noticias\/wp-content\/uploads\/2025\/07\/WhatsApp-Image-2025-07-14-at-5.20.19-PM-768x471.jpeg 768w, https:\/\/alminutonoticia.com\/noticias\/wp-content\/uploads\/2025\/07\/WhatsApp-Image-2025-07-14-at-5.20.19-PM-1536x942.jpeg 1536w, https:\/\/alminutonoticia.com\/noticias\/wp-content\/uploads\/2025\/07\/WhatsApp-Image-2025-07-14-at-5.20.19-PM.jpeg 1600w\" sizes=\"(max-width: 1024px) 100vw, 1024px\" \/><\/a><\/figure>\n\n\n\n<p><br>El evento busca adem\u00e1s visibilizar el enorme aporte del marino paname\u00f1o a la econom\u00eda del pa\u00eds, gracias a la operaci\u00f3n del Canal de Panam\u00e1, los servicios portuarios, la marina mercante y el comercio internacional.<\/p>\n\n\n\n<p>Los marinos, con su disciplina, resiliencia y vocaci\u00f3n de servicio, constituyen el recurso humano que hace posible que Panam\u00e1 mantenga su prestigio como hub log\u00edstico global.<\/p>\n\n\n\n<p>La apertura tambi\u00e9n incluy\u00f3 la esperada competencia de marcha \u201cBest Marching 2025\u201d, en la que participaron las doce compa\u00f1\u00edas estudiantiles nombradas seg\u00fan el alfabeto n\u00e1utico.<\/p>\n\n\n\n<figure class=\"wp-block-image size-large\"><a href=\"https:\/\/alminutonoticia.com\/noticias\/wp-content\/uploads\/2025\/07\/WhatsApp-Image-2025-07-14-at-5.20.18-PM.jpeg\"><img decoding=\"async\" width=\"1024\" height=\"682\" src=\"https:\/\/alminutonoticia.com\/noticias\/wp-content\/uploads\/2025\/07\/WhatsApp-Image-2025-07-14-at-5.20.18-PM-1024x682.jpeg\" alt=\"\" class=\"wp-image-16031\" title=\"\" srcset=\"https:\/\/alminutonoticia.com\/noticias\/wp-content\/uploads\/2025\/07\/WhatsApp-Image-2025-07-14-at-5.20.18-PM-1024x682.jpeg 1024w, https:\/\/alminutonoticia.com\/noticias\/wp-content\/uploads\/2025\/07\/WhatsApp-Image-2025-07-14-at-5.20.18-PM-300x200.jpeg 300w, https:\/\/alminutonoticia.com\/noticias\/wp-content\/uploads\/2025\/07\/WhatsApp-Image-2025-07-14-at-5.20.18-PM-768x512.jpeg 768w, https:\/\/alminutonoticia.com\/noticias\/wp-content\/uploads\/2025\/07\/WhatsApp-Image-2025-07-14-at-5.20.18-PM-1536x1023.jpeg 1536w, https:\/\/alminutonoticia.com\/noticias\/wp-content\/uploads\/2025\/07\/WhatsApp-Image-2025-07-14-at-5.20.18-PM.jpeg 1600w\" sizes=\"(max-width: 1024px) 100vw, 1024px\" \/><\/a><\/figure>\n\n\n\n<p>La compa\u00f1\u00eda Echo, comandada por Ambhar Navarro, se alz\u00f3 con el primer lugar en esta exigente prueba de coordinaci\u00f3n y esp\u00edritu de cuerpo.<\/p>\n\n\n\n<p>La compa\u00f1\u00eda Bravo obtuvo el premio a Mejor Guidon, mientras que el Command Award fue otorgado a la compa\u00f1\u00eda Golf, destacando el alto nivel de disciplina que caracteriza a la comunidad estudiantil de la UMIP<\/p>\n\n\n\n<figure class=\"wp-block-image size-large\"><a href=\"https:\/\/alminutonoticia.com\/noticias\/wp-content\/uploads\/2025\/07\/WhatsApp-Image-2025-07-14-at-5.20.19-PM-1.jpeg\"><img decoding=\"async\" width=\"1024\" height=\"682\" src=\"https:\/\/alminutonoticia.com\/noticias\/wp-content\/uploads\/2025\/07\/WhatsApp-Image-2025-07-14-at-5.20.19-PM-1-1024x682.jpeg\" alt=\"\" class=\"wp-image-16032\" title=\"\" srcset=\"https:\/\/alminutonoticia.com\/noticias\/wp-content\/uploads\/2025\/07\/WhatsApp-Image-2025-07-14-at-5.20.19-PM-1-1024x682.jpeg 1024w, https:\/\/alminutonoticia.com\/noticias\/wp-content\/uploads\/2025\/07\/WhatsApp-Image-2025-07-14-at-5.20.19-PM-1-300x200.jpeg 300w, https:\/\/alminutonoticia.com\/noticias\/wp-content\/uploads\/2025\/07\/WhatsApp-Image-2025-07-14-at-5.20.19-PM-1-768x512.jpeg 768w, https:\/\/alminutonoticia.com\/noticias\/wp-content\/uploads\/2025\/07\/WhatsApp-Image-2025-07-14-at-5.20.19-PM-1-1536x1023.jpeg 1536w, https:\/\/alminutonoticia.com\/noticias\/wp-content\/uploads\/2025\/07\/WhatsApp-Image-2025-07-14-at-5.20.19-PM-1.jpeg 1600w\" sizes=\"(max-width: 1024px) 100vw, 1024px\" \/><\/a><\/figure>\n\n\n\n<p>.<br>Las actividades contin\u00faan este martes 15 de julio con una agenda que incluye foros, conversatorios, olimpiadas de astronom\u00eda, torneo E-SPORT, juegos de mesa a gran escala y otras din\u00e1micas dise\u00f1adas para fortalecer la integraci\u00f3n y el orgullo institucional.<\/p>\n\n\n\n<p>La Semana del Marino no solo es una celebraci\u00f3n universitaria, sino un recordatorio de que detr\u00e1s de cada contenedor que cruza el Canal de Panam\u00e1, de cada embarcaci\u00f3n con bandera paname\u00f1a y de cada operaci\u00f3n portuaria exitosa, hay un marino paname\u00f1o comprometido con el desarrollo del pa\u00eds y del comercio global. Celebrar su labor es honrar una parte vital del alma econ\u00f3mica y cultural de Panam\u00e1.<\/p>\n","protected":false},"excerpt":{"rendered":"<p>Con un vibrante concierto ofrecido por la Banda Republicana, que evoc\u00f3 lo mejor de la identidad y cultura paname\u00f1a, la Universidad Mar\u00edtima Internacional de Panam\u00e1 (UMIP), dio inicio este lunes a la tradicional Semana del Marino, una celebraci\u00f3n que va mucho m\u00e1s all\u00e1 del entretenimiento: es un tributo al papel fundamental que desempe\u00f1an los marinos [&hellip;]<\/p>\n","protected":false},"author":3,"featured_media":16031,"comment_status":"open","ping_status":"open","sticky":false,"template":"","format":"standard","meta":{"footnotes":""},"categories":[36],"tags":[],"class_list":["post-16029","post","type-post","status-publish","format-standard","has-post-thumbnail","hentry","category-nacionales"],"_links":{"self":[{"href":"https:\/\/alminutonoticia.com\/noticias\/wp-json\/wp\/v2\/posts\/16029","targetHints":{"allow":["GET"]}}],"collection":[{"href":"https:\/\/alminutonoticia.com\/noticias\/wp-json\/wp\/v2\/posts"}],"about":[{"href":"https:\/\/alminutonoticia.com\/noticias\/wp-json\/wp\/v2\/types\/post"}],"author":[{"embeddable":true,"href":"https:\/\/alminutonoticia.com\/noticias\/wp-json\/wp\/v2\/users\/3"}],"replies":[{"embeddable":true,"href":"https:\/\/alminutonoticia.com\/noticias\/wp-json\/wp\/v2\/comments?post=16029"}],"version-history":[{"count":1,"href":"https:\/\/alminutonoticia.com\/noticias\/wp-json\/wp\/v2\/posts\/16029\/revisions"}],"predecessor-version":[{"id":16033,"href":"https:\/\/alminutonoticia.com\/noticias\/wp-json\/wp\/v2\/posts\/16029\/revisions\/16033"}],"wp:featuredmedia":[{"embeddable":true,"href":"https:\/\/alminutonoticia.com\/noticias\/wp-json\/wp\/v2\/media\/16031"}],"wp:attachment":[{"href":"https:\/\/alminutonoticia.com\/noticias\/wp-json\/wp\/v2\/media?parent=16029"}],"wp:term":[{"taxonomy":"category","embeddable":true,"href":"https:\/\/alminutonoticia.com\/noticias\/wp-json\/wp\/v2\/categories?post=16029"},{"taxonomy":"post_tag","embeddable":true,"href":"https:\/\/alminutonoticia.com\/noticias\/wp-json\/wp\/v2\/tags?post=16029"}],"curies":[{"name":"wp","href":"https:\/\/api.w.org\/{rel}","templated":true}]}}