{"id":16024,"date":"2025-07-15T00:04:39","date_gmt":"2025-07-15T00:04:39","guid":{"rendered":"https:\/\/alminutonoticia.com\/noticias\/?p=16024"},"modified":"2025-07-15T00:05:22","modified_gmt":"2025-07-15T00:05:22","slug":"and-cumple-su-primer-ano-con-mas-eficiencia-transparencia-y-participacion-ciudadana","status":"publish","type":"post","link":"https:\/\/alminutonoticia.com\/noticias\/and-cumple-su-primer-ano-con-mas-eficiencia-transparencia-y-participacion-ciudadana\/","title":{"rendered":"AND cumple su primer a\u00f1o con m\u00e1s eficiencia, transparencia y participaci\u00f3n ciudadana"},"content":{"rendered":"\n<p>A un a\u00f1o de haber iniciado su gesti\u00f3n, la Autoridad Nacional de Descentralizaci\u00f3n (AND) presenta logros significativos en su compromiso de llevar bienestar y desarrollo a cada rinc\u00f3n del pa\u00eds, bajo el liderazgo del presidente de la Rep\u00fablica, Jos\u00e9 Ra\u00fal Mulino.<\/p>\n\n\n\n<p>Durante este primer a\u00f1o, la AND ha transferido anualmente 180 millones de d\u00f3lares a 82 municipios y 701 Juntas Comunales, fortaleciendo la capacidad de los gobiernos locales para atender las necesidades prioritarias de las comunidades a trav\u00e9s de la planificaci\u00f3n y optimizaci\u00f3n de los recursos.<\/p>\n\n\n\n<p>La participaci\u00f3n ciudadana ha sido un eje central: m\u00e1s de 80,000 personas fueron consultadas en 1,600 jornadas para decidir de manera democr\u00e1tica el destino de los fondos p\u00fablicos correspondientes a los a\u00f1os 2024 y 2025.<\/p>\n\n\n\n<figure class=\"wp-block-image size-large\"><a href=\"https:\/\/alminutonoticia.com\/noticias\/wp-content\/uploads\/2025\/07\/WhatsApp-Image-2025-07-14-at-4.15.31-PM.jpeg\"><img fetchpriority=\"high\" decoding=\"async\" width=\"1024\" height=\"575\" src=\"https:\/\/alminutonoticia.com\/noticias\/wp-content\/uploads\/2025\/07\/WhatsApp-Image-2025-07-14-at-4.15.31-PM-1024x575.jpeg\" alt=\"\" class=\"wp-image-16025\" title=\"\" srcset=\"https:\/\/alminutonoticia.com\/noticias\/wp-content\/uploads\/2025\/07\/WhatsApp-Image-2025-07-14-at-4.15.31-PM-1024x575.jpeg 1024w, https:\/\/alminutonoticia.com\/noticias\/wp-content\/uploads\/2025\/07\/WhatsApp-Image-2025-07-14-at-4.15.31-PM-300x168.jpeg 300w, https:\/\/alminutonoticia.com\/noticias\/wp-content\/uploads\/2025\/07\/WhatsApp-Image-2025-07-14-at-4.15.31-PM-768x431.jpeg 768w, https:\/\/alminutonoticia.com\/noticias\/wp-content\/uploads\/2025\/07\/WhatsApp-Image-2025-07-14-at-4.15.31-PM-1536x862.jpeg 1536w, https:\/\/alminutonoticia.com\/noticias\/wp-content\/uploads\/2025\/07\/WhatsApp-Image-2025-07-14-at-4.15.31-PM-2048x1150.jpeg 2048w\" sizes=\"(max-width: 1024px) 100vw, 1024px\" \/><\/a><\/figure>\n\n\n\n<p>Con visi\u00f3n de futuro, los 82 Planes Estrat\u00e9gicos de Desarrollo Distrital ya est\u00e1n en marcha, orientando inversiones sostenibles y priorizando las verdaderas necesidades de cada comunidad. En ese sentido, se han aprobado 4,300 proyectos por un valor de 110 millones de d\u00f3lares, de los cuales el 60% se financia mediante el Impuesto de Bienes Inmuebles (IBI).<\/p>\n\n\n\n<p>En busca de una gesti\u00f3n m\u00e1s \u00e1gil, transparente y eficaz, la AND ha logrado reducir en un 50% los tiempos de aprobaci\u00f3n de proyectos gracias a la implementaci\u00f3n de una nueva plataforma tecnol\u00f3gica.<\/p>\n\n\n\n<p>Capacitaci\u00f3n y formaci\u00f3n continua han sido clave en este proceso. Durante el \u00faltimo a\u00f1o se llevaron a cabo 2 foros tipo congreso con jornadas de formaci\u00f3n dirigidas a alcaldes, representantes y funcionarios municipales, fomentando el uso de nuevas tecnolog\u00edas, alianzas entre el Gobierno central y el sector privado.<\/p>\n\n\n\n<p>En el marco de la transferencia de nuevas competencias, 22 alcaldes ya participan en procesos de certificaci\u00f3n, lo que les permitir\u00e1 formalizar sus solicitudes ante las entidades gubernamentales respectivas.<\/p>\n\n\n\n<p>La transparencia contin\u00faa siendo un pilar fundamental para una descentralizaci\u00f3n efectiva. Hasta el 10 de julio de 2024, la AND ha presentado 280 denuncias ante el Ministerio P\u00fablico, por un monto total de 200,516,044.73, reafirmando as\u00ed su firme compromiso con la rendici\u00f3n de cuentas.<\/p>\n\n\n\n<figure class=\"wp-block-image size-full\"><a href=\"https:\/\/alminutonoticia.com\/noticias\/wp-content\/uploads\/2025\/07\/WhatsApp-Image-2025-07-14-at-4.15.32-PM.jpeg\"><img decoding=\"async\" width=\"800\" height=\"449\" src=\"https:\/\/alminutonoticia.com\/noticias\/wp-content\/uploads\/2025\/07\/WhatsApp-Image-2025-07-14-at-4.15.32-PM.jpeg\" alt=\"\" class=\"wp-image-16026\" title=\"\" srcset=\"https:\/\/alminutonoticia.com\/noticias\/wp-content\/uploads\/2025\/07\/WhatsApp-Image-2025-07-14-at-4.15.32-PM.jpeg 800w, https:\/\/alminutonoticia.com\/noticias\/wp-content\/uploads\/2025\/07\/WhatsApp-Image-2025-07-14-at-4.15.32-PM-300x168.jpeg 300w, https:\/\/alminutonoticia.com\/noticias\/wp-content\/uploads\/2025\/07\/WhatsApp-Image-2025-07-14-at-4.15.32-PM-768x431.jpeg 768w\" sizes=\"(max-width: 800px) 100vw, 800px\" \/><\/a><\/figure>\n\n\n\n<p>Con estos avances, la Autoridad Nacional de Descentralizaci\u00f3n reafirma su misi\u00f3n de promover el desarrollo equitativo y sostenible de todas las regiones del pa\u00eds alineada con la visi\u00f3n de desarrollo local impulsada por el presidente Jos\u00e9 Ra\u00fal Mulino.<\/p>\n","protected":false},"excerpt":{"rendered":"<p>A un a\u00f1o de haber iniciado su gesti\u00f3n, la Autoridad Nacional de Descentralizaci\u00f3n (AND) presenta logros significativos en su compromiso de llevar bienestar y desarrollo a cada rinc\u00f3n del pa\u00eds, bajo el liderazgo del presidente de la Rep\u00fablica, Jos\u00e9 Ra\u00fal Mulino. Durante este primer a\u00f1o, la AND ha transferido anualmente 180 millones de d\u00f3lares a [&hellip;]<\/p>\n","protected":false},"author":3,"featured_media":16026,"comment_status":"open","ping_status":"open","sticky":false,"template":"","format":"standard","meta":{"footnotes":""},"categories":[36],"tags":[],"class_list":["post-16024","post","type-post","status-publish","format-standard","has-post-thumbnail","hentry","category-nacionales"],"_links":{"self":[{"href":"https:\/\/alminutonoticia.com\/noticias\/wp-json\/wp\/v2\/posts\/16024","targetHints":{"allow":["GET"]}}],"collection":[{"href":"https:\/\/alminutonoticia.com\/noticias\/wp-json\/wp\/v2\/posts"}],"about":[{"href":"https:\/\/alminutonoticia.com\/noticias\/wp-json\/wp\/v2\/types\/post"}],"author":[{"embeddable":true,"href":"https:\/\/alminutonoticia.com\/noticias\/wp-json\/wp\/v2\/users\/3"}],"replies":[{"embeddable":true,"href":"https:\/\/alminutonoticia.com\/noticias\/wp-json\/wp\/v2\/comments?post=16024"}],"version-history":[{"count":1,"href":"https:\/\/alminutonoticia.com\/noticias\/wp-json\/wp\/v2\/posts\/16024\/revisions"}],"predecessor-version":[{"id":16027,"href":"https:\/\/alminutonoticia.com\/noticias\/wp-json\/wp\/v2\/posts\/16024\/revisions\/16027"}],"wp:featuredmedia":[{"embeddable":true,"href":"https:\/\/alminutonoticia.com\/noticias\/wp-json\/wp\/v2\/media\/16026"}],"wp:attachment":[{"href":"https:\/\/alminutonoticia.com\/noticias\/wp-json\/wp\/v2\/media?parent=16024"}],"wp:term":[{"taxonomy":"category","embeddable":true,"href":"https:\/\/alminutonoticia.com\/noticias\/wp-json\/wp\/v2\/categories?post=16024"},{"taxonomy":"post_tag","embeddable":true,"href":"https:\/\/alminutonoticia.com\/noticias\/wp-json\/wp\/v2\/tags?post=16024"}],"curies":[{"name":"wp","href":"https:\/\/api.w.org\/{rel}","templated":true}]}}