{"id":16021,"date":"2025-07-15T00:02:14","date_gmt":"2025-07-15T00:02:14","guid":{"rendered":"https:\/\/alminutonoticia.com\/noticias\/?p=16021"},"modified":"2025-07-15T00:02:54","modified_gmt":"2025-07-15T00:02:54","slug":"asamblea-nacional-aprueba-normas-contra-el-ciberdelito","status":"publish","type":"post","link":"https:\/\/alminutonoticia.com\/noticias\/asamblea-nacional-aprueba-normas-contra-el-ciberdelito\/","title":{"rendered":"Asamblea Nacional aprueba normas contra el ciberdelito"},"content":{"rendered":"\n<p>En la sesi\u00f3n del lunes 14 de julio, los diputados aprobaron, con 51 votos a favor, el proyecto de Ley 61, Que modifica y adiciona art\u00edculos al C\u00f3digo Penal, al C\u00f3digo Procesal Penal y a la Ley 11 de 2015, sobre asistencia jur\u00eddica internacional en materia penal y dicta otra disposici\u00f3n, respecto a medidas contra la ciberdelincuencia.<\/p>\n\n\n\n<p>Esta legislaci\u00f3n tiene el objetivo de combatir la ciberdelincuencia y de proteger a las v\u00edctimas de violaciones cibern\u00e9ticas en la rep\u00fablica de Panam\u00e1 al adicionar nuevos tipos penales para delitos inform\u00e1ticos que antes no estaban contemplados.<\/p>\n\n\n\n<p>En este t\u00e9rmino, hace alusi\u00f3n al uso no autorizado de tecnolog\u00eda de la informaci\u00f3n, la interceptaci\u00f3n il\u00edcita de datos y el acoso a menores por medios cibern\u00e9ticos. Respecto a la asistencia jur\u00eddica internacional, en materia penal, se aplicar\u00e1n medidas contra la ciberdelincuencia.<\/p>\n\n\n\n<p>El Proyecto 61 protege a las v\u00edctimas de violencia sexual digital tipificando la divulgaci\u00f3n no consentida de contenido \u00edntimo y estableciendo sanciones para los agresores.<\/p>\n\n\n\n<p>Con la aprobaci\u00f3n, en general, se unifican leyes sobre delitos sexuales y cibern\u00e9ticos para una mejor protecci\u00f3n y de una persecuci\u00f3n m\u00e1s efectiva de las transgresiones.<\/p>\n\n\n\n<figure class=\"wp-block-image size-large\"><a href=\"https:\/\/alminutonoticia.com\/noticias\/wp-content\/uploads\/2025\/07\/WhatsApp-Image-2025-07-14-at-5.59.04-PM-scaled.jpeg\"><img fetchpriority=\"high\" decoding=\"async\" width=\"1024\" height=\"683\" src=\"https:\/\/alminutonoticia.com\/noticias\/wp-content\/uploads\/2025\/07\/WhatsApp-Image-2025-07-14-at-5.59.04-PM-1024x683.jpeg\" alt=\"\" class=\"wp-image-16022\" title=\"\" srcset=\"https:\/\/alminutonoticia.com\/noticias\/wp-content\/uploads\/2025\/07\/WhatsApp-Image-2025-07-14-at-5.59.04-PM-1024x683.jpeg 1024w, https:\/\/alminutonoticia.com\/noticias\/wp-content\/uploads\/2025\/07\/WhatsApp-Image-2025-07-14-at-5.59.04-PM-300x200.jpeg 300w, https:\/\/alminutonoticia.com\/noticias\/wp-content\/uploads\/2025\/07\/WhatsApp-Image-2025-07-14-at-5.59.04-PM-768x512.jpeg 768w, https:\/\/alminutonoticia.com\/noticias\/wp-content\/uploads\/2025\/07\/WhatsApp-Image-2025-07-14-at-5.59.04-PM-1536x1024.jpeg 1536w, https:\/\/alminutonoticia.com\/noticias\/wp-content\/uploads\/2025\/07\/WhatsApp-Image-2025-07-14-at-5.59.04-PM-2048x1365.jpeg 2048w\" sizes=\"(max-width: 1024px) 100vw, 1024px\" \/><\/a><\/figure>\n\n\n\n<p>LA LUCHA SE EXTIENDE EN MATERIA INTERNACIONAL<\/p>\n\n\n\n<p>Complementando esta norma, Panam\u00e1 se suscribe al Convenio Iberoamericano de Cooperaci\u00f3n sobre Investigaci\u00f3n, Aseguramiento y Obtenci\u00f3n de prueba en Materia de Ciberdelincuencia, hecho en Madrid el d\u00eda 28 de mayo de 2014, luego de que el proyecto de Ley 205 recibiera la aprobaci\u00f3n, en tercer debate, de los diputados.<\/p>\n\n\n\n<p>El convenio reforzar\u00e1 la cooperaci\u00f3n entre los Estados miembros, los cuales deber\u00e1n cumplir las solicitudes de reciprocidad, formuladas por sus pares. Adem\u00e1s de ajustar sus ordenamientos jur\u00eddicos para gestionar las medidas de aseguramiento y diligencias de investigaci\u00f3n.<\/p>\n\n\n\n<p>Este documento ha sido firmado por Guatemala, Nicaragua, Per\u00fa, Portugal y Uruguay en mayo de 2014 en la ciudad Madrid y, posteriormente, por Costa Rica y M\u00e9xico. Cuba fue el primer pa\u00eds en depositar el instrumento de ratificaci\u00f3n en el a\u00f1o 2016; el segundo fue la Rep\u00fablica Oriental del Uruguay.<\/p>\n\n\n\n<p>La Rep\u00fablica de Nicaragua ratific\u00f3 el Convenio por Decreto Presidencial N\u00b0. 08-2020 aprobado el 16 de abril de 2020.<\/p>\n","protected":false},"excerpt":{"rendered":"<p>En la sesi\u00f3n del lunes 14 de julio, los diputados aprobaron, con 51 votos a favor, el proyecto de Ley 61, Que modifica y adiciona art\u00edculos al C\u00f3digo Penal, al C\u00f3digo Procesal Penal y a la Ley 11 de 2015, sobre asistencia jur\u00eddica internacional en materia penal y dicta otra disposici\u00f3n, respecto a medidas contra [&hellip;]<\/p>\n","protected":false},"author":3,"featured_media":16022,"comment_status":"open","ping_status":"open","sticky":false,"template":"","format":"standard","meta":{"footnotes":""},"categories":[36],"tags":[],"class_list":["post-16021","post","type-post","status-publish","format-standard","has-post-thumbnail","hentry","category-nacionales"],"_links":{"self":[{"href":"https:\/\/alminutonoticia.com\/noticias\/wp-json\/wp\/v2\/posts\/16021","targetHints":{"allow":["GET"]}}],"collection":[{"href":"https:\/\/alminutonoticia.com\/noticias\/wp-json\/wp\/v2\/posts"}],"about":[{"href":"https:\/\/alminutonoticia.com\/noticias\/wp-json\/wp\/v2\/types\/post"}],"author":[{"embeddable":true,"href":"https:\/\/alminutonoticia.com\/noticias\/wp-json\/wp\/v2\/users\/3"}],"replies":[{"embeddable":true,"href":"https:\/\/alminutonoticia.com\/noticias\/wp-json\/wp\/v2\/comments?post=16021"}],"version-history":[{"count":1,"href":"https:\/\/alminutonoticia.com\/noticias\/wp-json\/wp\/v2\/posts\/16021\/revisions"}],"predecessor-version":[{"id":16023,"href":"https:\/\/alminutonoticia.com\/noticias\/wp-json\/wp\/v2\/posts\/16021\/revisions\/16023"}],"wp:featuredmedia":[{"embeddable":true,"href":"https:\/\/alminutonoticia.com\/noticias\/wp-json\/wp\/v2\/media\/16022"}],"wp:attachment":[{"href":"https:\/\/alminutonoticia.com\/noticias\/wp-json\/wp\/v2\/media?parent=16021"}],"wp:term":[{"taxonomy":"category","embeddable":true,"href":"https:\/\/alminutonoticia.com\/noticias\/wp-json\/wp\/v2\/categories?post=16021"},{"taxonomy":"post_tag","embeddable":true,"href":"https:\/\/alminutonoticia.com\/noticias\/wp-json\/wp\/v2\/tags?post=16021"}],"curies":[{"name":"wp","href":"https:\/\/api.w.org\/{rel}","templated":true}]}}