{"id":16016,"date":"2025-07-14T23:44:08","date_gmt":"2025-07-14T23:44:08","guid":{"rendered":"https:\/\/alminutonoticia.com\/noticias\/?p=16016"},"modified":"2025-07-14T23:55:58","modified_gmt":"2025-07-14T23:55:58","slug":"bajo-el-liderazgo-de-su-presidenta-yanibel-abrego-continuan-jornadas-de-capacitacion-en-cd","status":"publish","type":"post","link":"https:\/\/alminutonoticia.com\/noticias\/bajo-el-liderazgo-de-su-presidenta-yanibel-abrego-continuan-jornadas-de-capacitacion-en-cd\/","title":{"rendered":"Bajo el liderazgo de su presidenta Yanibel Abrego, contin\u00faan jornadas de capacitaci\u00f3n en CD"},"content":{"rendered":"\n<p>Con gran entusiasmo inici\u00f3 en Col\u00f3n este s\u00e1bado, la jornada de capacitaciones que lleva adelante la dirigencia del partido Cambio Democr\u00e1tico (CD), liderado por su presidenta Yanibel Abrego, quien junto a su junta directiva, se traslad\u00f3 a la provincia atl\u00e1ntica para participar en la actividad politica-partidista.<\/p>\n\n\n\n<p>Bajo el tema: \u00abCompromiso, Organizaci\u00f3n y Futuro para un nuevo CD el evento inici\u00f3 con las palabras de bienvenida a cargo de Ana Giselle Rosas, quien dirige la Secretar\u00eda Nacional de la Mujer.<\/p>\n\n\n\n<p>La importancia de la organizaci\u00f3n territorial para el crecimiento del partido, nuevas generaciones nuevas ideas, como integrar a la juventud en la renovaci\u00f3n partidaria, tecnolog\u00eda y comunicaci\u00f3n para la organizaci\u00f3n pol\u00edtica del siglo XXI y participaci\u00f3n de las mujeres en la nueva estructura, son solo algunos de los temas que se expusieron ante m\u00e1s de 230 dirigentes, militantes y l\u00edderes colonenses.<\/p>\n\n\n\n<div class=\"wp-block-columns is-layout-flex wp-container-core-columns-is-layout-28f84493 wp-block-columns-is-layout-flex\">\n<div class=\"wp-block-column is-layout-flow wp-block-column-is-layout-flow\">\n<figure class=\"wp-block-image size-large\"><a href=\"https:\/\/alminutonoticia.com\/noticias\/wp-content\/uploads\/2025\/07\/WhatsApp-Image-2025-07-12-at-3.29.55-PM-1.jpeg\"><img fetchpriority=\"high\" decoding=\"async\" width=\"1024\" height=\"768\" src=\"https:\/\/alminutonoticia.com\/noticias\/wp-content\/uploads\/2025\/07\/WhatsApp-Image-2025-07-12-at-3.29.55-PM-1-1024x768.jpeg\" alt=\"\" class=\"wp-image-16017\" title=\"\" srcset=\"https:\/\/alminutonoticia.com\/noticias\/wp-content\/uploads\/2025\/07\/WhatsApp-Image-2025-07-12-at-3.29.55-PM-1-1024x768.jpeg 1024w, https:\/\/alminutonoticia.com\/noticias\/wp-content\/uploads\/2025\/07\/WhatsApp-Image-2025-07-12-at-3.29.55-PM-1-300x225.jpeg 300w, https:\/\/alminutonoticia.com\/noticias\/wp-content\/uploads\/2025\/07\/WhatsApp-Image-2025-07-12-at-3.29.55-PM-1-768x576.jpeg 768w, https:\/\/alminutonoticia.com\/noticias\/wp-content\/uploads\/2025\/07\/WhatsApp-Image-2025-07-12-at-3.29.55-PM-1-1536x1152.jpeg 1536w, https:\/\/alminutonoticia.com\/noticias\/wp-content\/uploads\/2025\/07\/WhatsApp-Image-2025-07-12-at-3.29.55-PM-1.jpeg 1600w\" sizes=\"(max-width: 1024px) 100vw, 1024px\" \/><\/a><\/figure>\n<\/div>\n\n\n\n<div class=\"wp-block-column is-layout-flow wp-block-column-is-layout-flow\">\n<figure class=\"wp-block-image size-large\"><a href=\"https:\/\/alminutonoticia.com\/noticias\/wp-content\/uploads\/2025\/07\/WhatsApp-Image-2025-07-12-at-3.29.55-PM.jpeg\"><img decoding=\"async\" width=\"1024\" height=\"576\" src=\"https:\/\/alminutonoticia.com\/noticias\/wp-content\/uploads\/2025\/07\/WhatsApp-Image-2025-07-12-at-3.29.55-PM-1024x576.jpeg\" alt=\"\" class=\"wp-image-16018\" title=\"\" srcset=\"https:\/\/alminutonoticia.com\/noticias\/wp-content\/uploads\/2025\/07\/WhatsApp-Image-2025-07-12-at-3.29.55-PM-1024x576.jpeg 1024w, https:\/\/alminutonoticia.com\/noticias\/wp-content\/uploads\/2025\/07\/WhatsApp-Image-2025-07-12-at-3.29.55-PM-300x169.jpeg 300w, https:\/\/alminutonoticia.com\/noticias\/wp-content\/uploads\/2025\/07\/WhatsApp-Image-2025-07-12-at-3.29.55-PM-768x432.jpeg 768w, https:\/\/alminutonoticia.com\/noticias\/wp-content\/uploads\/2025\/07\/WhatsApp-Image-2025-07-12-at-3.29.55-PM-1536x864.jpeg 1536w, https:\/\/alminutonoticia.com\/noticias\/wp-content\/uploads\/2025\/07\/WhatsApp-Image-2025-07-12-at-3.29.55-PM.jpeg 1600w\" sizes=\"(max-width: 1024px) 100vw, 1024px\" \/><\/a><\/figure>\n<\/div>\n<\/div>\n\n\n\n<p>Este evento se convierte en la 4ta actividad multitudinaria que la nueva dirigencia realiza con gran \u00e9xito, tras los seminarios registrados en la capital paname\u00f1a, en provincia de Chiriqu\u00ed, y m\u00e1s recientemente en Cocl\u00e9 donde j\u00f3venes y mujeres se congregaron en una jornada de capacitaci\u00f3n.<\/p>\n\n\n\n<p>Se contempla que la capacitaci\u00f3n de este s\u00e1bado culmine a eso de las 5:30 pm con las palabras de la presidenta Yanibel Abrego.<\/p>\n\n\n\n<figure class=\"wp-block-image size-large\"><a href=\"https:\/\/alminutonoticia.com\/noticias\/wp-content\/uploads\/2025\/07\/WhatsApp-Image-2025-07-12-at-3.29.55-PM-3.jpeg\"><img decoding=\"async\" width=\"1024\" height=\"768\" src=\"https:\/\/alminutonoticia.com\/noticias\/wp-content\/uploads\/2025\/07\/WhatsApp-Image-2025-07-12-at-3.29.55-PM-3-1024x768.jpeg\" alt=\"\" class=\"wp-image-16019\" title=\"\" srcset=\"https:\/\/alminutonoticia.com\/noticias\/wp-content\/uploads\/2025\/07\/WhatsApp-Image-2025-07-12-at-3.29.55-PM-3-1024x768.jpeg 1024w, https:\/\/alminutonoticia.com\/noticias\/wp-content\/uploads\/2025\/07\/WhatsApp-Image-2025-07-12-at-3.29.55-PM-3-300x225.jpeg 300w, https:\/\/alminutonoticia.com\/noticias\/wp-content\/uploads\/2025\/07\/WhatsApp-Image-2025-07-12-at-3.29.55-PM-3-768x576.jpeg 768w, https:\/\/alminutonoticia.com\/noticias\/wp-content\/uploads\/2025\/07\/WhatsApp-Image-2025-07-12-at-3.29.55-PM-3-1536x1152.jpeg 1536w, https:\/\/alminutonoticia.com\/noticias\/wp-content\/uploads\/2025\/07\/WhatsApp-Image-2025-07-12-at-3.29.55-PM-3.jpeg 1600w\" sizes=\"(max-width: 1024px) 100vw, 1024px\" \/><\/a><\/figure>\n","protected":false},"excerpt":{"rendered":"<p>Con gran entusiasmo inici\u00f3 en Col\u00f3n este s\u00e1bado, la jornada de capacitaciones que lleva adelante la dirigencia del partido Cambio Democr\u00e1tico (CD), liderado por su presidenta Yanibel Abrego, quien junto a su junta directiva, se traslad\u00f3 a la provincia atl\u00e1ntica para participar en la actividad politica-partidista. Bajo el tema: \u00abCompromiso, Organizaci\u00f3n y Futuro para un [&hellip;]<\/p>\n","protected":false},"author":3,"featured_media":16018,"comment_status":"open","ping_status":"open","sticky":false,"template":"","format":"standard","meta":{"footnotes":""},"categories":[36,37],"tags":[],"class_list":["post-16016","post","type-post","status-publish","format-standard","has-post-thumbnail","hentry","category-nacionales","category-politica"],"_links":{"self":[{"href":"https:\/\/alminutonoticia.com\/noticias\/wp-json\/wp\/v2\/posts\/16016","targetHints":{"allow":["GET"]}}],"collection":[{"href":"https:\/\/alminutonoticia.com\/noticias\/wp-json\/wp\/v2\/posts"}],"about":[{"href":"https:\/\/alminutonoticia.com\/noticias\/wp-json\/wp\/v2\/types\/post"}],"author":[{"embeddable":true,"href":"https:\/\/alminutonoticia.com\/noticias\/wp-json\/wp\/v2\/users\/3"}],"replies":[{"embeddable":true,"href":"https:\/\/alminutonoticia.com\/noticias\/wp-json\/wp\/v2\/comments?post=16016"}],"version-history":[{"count":1,"href":"https:\/\/alminutonoticia.com\/noticias\/wp-json\/wp\/v2\/posts\/16016\/revisions"}],"predecessor-version":[{"id":16020,"href":"https:\/\/alminutonoticia.com\/noticias\/wp-json\/wp\/v2\/posts\/16016\/revisions\/16020"}],"wp:featuredmedia":[{"embeddable":true,"href":"https:\/\/alminutonoticia.com\/noticias\/wp-json\/wp\/v2\/media\/16018"}],"wp:attachment":[{"href":"https:\/\/alminutonoticia.com\/noticias\/wp-json\/wp\/v2\/media?parent=16016"}],"wp:term":[{"taxonomy":"category","embeddable":true,"href":"https:\/\/alminutonoticia.com\/noticias\/wp-json\/wp\/v2\/categories?post=16016"},{"taxonomy":"post_tag","embeddable":true,"href":"https:\/\/alminutonoticia.com\/noticias\/wp-json\/wp\/v2\/tags?post=16016"}],"curies":[{"name":"wp","href":"https:\/\/api.w.org\/{rel}","templated":true}]}}