{"id":16012,"date":"2025-07-11T23:04:21","date_gmt":"2025-07-11T23:04:21","guid":{"rendered":"https:\/\/alminutonoticia.com\/noticias\/?p=16012"},"modified":"2025-07-11T23:16:56","modified_gmt":"2025-07-11T23:16:56","slug":"presidente-mulino-y-miembros-de-la-bancada-rm-se-reunen","status":"publish","type":"post","link":"https:\/\/alminutonoticia.com\/noticias\/presidente-mulino-y-miembros-de-la-bancada-rm-se-reunen\/","title":{"rendered":"Presidente Mulino y miembros de la bancada RM se re\u00fanen"},"content":{"rendered":"\n<p>El presidente Jos\u00e9 Ra\u00fal Mulino sostuvo este viernes, 11 de julio, una reuni\u00f3n de trabajo en el Palacio de las Garzas con los diputados que conforman la bancada del partido Realizando Metas (RM), como parte de la coordinaci\u00f3n entre el Ejecutivo y la Asamblea Nacional para este nuevo periodo del \u00d3rgano Legislativo.<\/p>\n\n\n\n<p>Este encuentro sirvi\u00f3 para revisar los proyectos en favor del pa\u00eds que se llevar\u00e1n a la Asamblea, sobre temas relacionados con las oportunidades que enfrenta el pa\u00eds, como es la aprobaci\u00f3n del convenio con el Mercosur, al que Panam\u00e1 se adhiri\u00f3 como Estado Asociado en diciembre pasado.<\/p>\n\n\n\n<figure class=\"wp-block-image size-full\"><a href=\"https:\/\/alminutonoticia.com\/noticias\/wp-content\/uploads\/2025\/07\/lpresidencia-as-garzas_0.jpg\"><img fetchpriority=\"high\" decoding=\"async\" width=\"1024\" height=\"680\" src=\"https:\/\/alminutonoticia.com\/noticias\/wp-content\/uploads\/2025\/07\/lpresidencia-as-garzas_0.jpg\" alt=\"\" class=\"wp-image-16013\" title=\"\" srcset=\"https:\/\/alminutonoticia.com\/noticias\/wp-content\/uploads\/2025\/07\/lpresidencia-as-garzas_0.jpg 1024w, https:\/\/alminutonoticia.com\/noticias\/wp-content\/uploads\/2025\/07\/lpresidencia-as-garzas_0-300x199.jpg 300w, https:\/\/alminutonoticia.com\/noticias\/wp-content\/uploads\/2025\/07\/lpresidencia-as-garzas_0-768x510.jpg 768w\" sizes=\"(max-width: 1024px) 100vw, 1024px\" \/><\/a><\/figure>\n\n\n\n<p>En la reuni\u00f3n se convers\u00f3 sobre propuestas para trabajar de forma conjunta en favor del bienestar de los paname\u00f1os.<\/p>\n\n\n\n<p>El jueves pasado, en conferencia de prensa, el mandatario Mulino tambi\u00e9n anunci\u00f3 que en este periodo legislativo se llevar\u00e1 el proyecto de modificaci\u00f3n de la Ley de Carrera Administrativa y la ratificaci\u00f3n de nuevas designaciones de magistrados de la Corte Suprema de Justicia (CSJ).<\/p>\n","protected":false},"excerpt":{"rendered":"<p>El presidente Jos\u00e9 Ra\u00fal Mulino sostuvo este viernes, 11 de julio, una reuni\u00f3n de trabajo en el Palacio de las Garzas con los diputados que conforman la bancada del partido Realizando Metas (RM), como parte de la coordinaci\u00f3n entre el Ejecutivo y la Asamblea Nacional para este nuevo periodo del \u00d3rgano Legislativo. Este encuentro sirvi\u00f3 [&hellip;]<\/p>\n","protected":false},"author":3,"featured_media":16013,"comment_status":"open","ping_status":"open","sticky":false,"template":"","format":"standard","meta":{"footnotes":""},"categories":[36,37],"tags":[],"class_list":["post-16012","post","type-post","status-publish","format-standard","has-post-thumbnail","hentry","category-nacionales","category-politica"],"_links":{"self":[{"href":"https:\/\/alminutonoticia.com\/noticias\/wp-json\/wp\/v2\/posts\/16012","targetHints":{"allow":["GET"]}}],"collection":[{"href":"https:\/\/alminutonoticia.com\/noticias\/wp-json\/wp\/v2\/posts"}],"about":[{"href":"https:\/\/alminutonoticia.com\/noticias\/wp-json\/wp\/v2\/types\/post"}],"author":[{"embeddable":true,"href":"https:\/\/alminutonoticia.com\/noticias\/wp-json\/wp\/v2\/users\/3"}],"replies":[{"embeddable":true,"href":"https:\/\/alminutonoticia.com\/noticias\/wp-json\/wp\/v2\/comments?post=16012"}],"version-history":[{"count":1,"href":"https:\/\/alminutonoticia.com\/noticias\/wp-json\/wp\/v2\/posts\/16012\/revisions"}],"predecessor-version":[{"id":16014,"href":"https:\/\/alminutonoticia.com\/noticias\/wp-json\/wp\/v2\/posts\/16012\/revisions\/16014"}],"wp:featuredmedia":[{"embeddable":true,"href":"https:\/\/alminutonoticia.com\/noticias\/wp-json\/wp\/v2\/media\/16013"}],"wp:attachment":[{"href":"https:\/\/alminutonoticia.com\/noticias\/wp-json\/wp\/v2\/media?parent=16012"}],"wp:term":[{"taxonomy":"category","embeddable":true,"href":"https:\/\/alminutonoticia.com\/noticias\/wp-json\/wp\/v2\/categories?post=16012"},{"taxonomy":"post_tag","embeddable":true,"href":"https:\/\/alminutonoticia.com\/noticias\/wp-json\/wp\/v2\/tags?post=16012"}],"curies":[{"name":"wp","href":"https:\/\/api.w.org\/{rel}","templated":true}]}}