{"id":15892,"date":"2025-07-09T23:11:43","date_gmt":"2025-07-09T23:11:43","guid":{"rendered":"https:\/\/alminutonoticia.com\/noticias\/?p=15892"},"modified":"2025-07-09T23:15:53","modified_gmt":"2025-07-09T23:15:53","slug":"impulsan-integracion-de-panama-al-mercosur","status":"publish","type":"post","link":"https:\/\/alminutonoticia.com\/noticias\/impulsan-integracion-de-panama-al-mercosur\/","title":{"rendered":"Impulsan integraci\u00f3n de Panam\u00e1 al Mercosur"},"content":{"rendered":"\n<p>La bancada del Partido Paname\u00f1ista, presidida por su coordinador, diputado Med\u00edn Jim\u00e9nez, se reuni\u00f3 con los embajadores de Mercosur, integrado por Carolina Vuillarubia, de Uruguay; Carlos Henrique de Abreu, de Brasil, y Sandra Pitta, de Argentina, con la finalidad de fortalecer la integraci\u00f3n de Panam\u00e1 al organismo.<\/p>\n\n\n\n<p>El diputado Jim\u00e9nez se\u00f1al\u00f3 que el Mercado Com\u00fan del Sur (Mercosur) es una oportunidad para que nuestro pa\u00eds se beneficie con diferentes actividades que podemos recibir y ofrecer, a trav\u00e9s de los tratados que se firmen, para fortalecer las relaciones comerciales y atraer inversiones con el mercado suramericano.<\/p>\n\n\n\n<figure class=\"wp-block-image size-large\"><a href=\"https:\/\/alminutonoticia.com\/noticias\/wp-content\/uploads\/2025\/07\/WhatsApp-Image-2025-07-09-at-3.35.49-PM-scaled.jpeg\"><img fetchpriority=\"high\" decoding=\"async\" width=\"1024\" height=\"632\" src=\"https:\/\/alminutonoticia.com\/noticias\/wp-content\/uploads\/2025\/07\/WhatsApp-Image-2025-07-09-at-3.35.49-PM-1024x632.jpeg\" alt=\"\" class=\"wp-image-15893\" title=\"\" srcset=\"https:\/\/alminutonoticia.com\/noticias\/wp-content\/uploads\/2025\/07\/WhatsApp-Image-2025-07-09-at-3.35.49-PM-1024x632.jpeg 1024w, https:\/\/alminutonoticia.com\/noticias\/wp-content\/uploads\/2025\/07\/WhatsApp-Image-2025-07-09-at-3.35.49-PM-300x185.jpeg 300w, https:\/\/alminutonoticia.com\/noticias\/wp-content\/uploads\/2025\/07\/WhatsApp-Image-2025-07-09-at-3.35.49-PM-768x474.jpeg 768w, https:\/\/alminutonoticia.com\/noticias\/wp-content\/uploads\/2025\/07\/WhatsApp-Image-2025-07-09-at-3.35.49-PM-1536x947.jpeg 1536w, https:\/\/alminutonoticia.com\/noticias\/wp-content\/uploads\/2025\/07\/WhatsApp-Image-2025-07-09-at-3.35.49-PM-2048x1263.jpeg 2048w\" sizes=\"(max-width: 1024px) 100vw, 1024px\" \/><\/a><\/figure>\n\n\n\n<p>Sandra Pitta, embajadora de Argentina, se\u00f1al\u00f3 que con la integraci\u00f3n de Panam\u00e1 al Mercosur se espera la estimulaci\u00f3n del comercio, la cooperaci\u00f3n con el sector agropecuario; adem\u00e1s, una nueva era de colaboraci\u00f3n con otros pa\u00edses de la regi\u00f3n.<\/p>\n\n\n\n<p>Por su parte, el embajador de Brasil, Carlos Henr\u00edquez de Abreu, indic\u00f3 que el di\u00e1logo con los diputados fue productivo, porque lo que se quiere es sumar competencia, para que juntos seamos m\u00e1s fuertes y competitivos.<\/p>\n\n\n\n<figure class=\"wp-block-image size-large\"><a href=\"https:\/\/alminutonoticia.com\/noticias\/wp-content\/uploads\/2025\/07\/WhatsApp-Image-2025-07-09-at-3.35.47-PM-scaled.jpeg\"><img decoding=\"async\" width=\"1024\" height=\"650\" src=\"https:\/\/alminutonoticia.com\/noticias\/wp-content\/uploads\/2025\/07\/WhatsApp-Image-2025-07-09-at-3.35.47-PM-1024x650.jpeg\" alt=\"\" class=\"wp-image-15894\" title=\"\" srcset=\"https:\/\/alminutonoticia.com\/noticias\/wp-content\/uploads\/2025\/07\/WhatsApp-Image-2025-07-09-at-3.35.47-PM-1024x650.jpeg 1024w, https:\/\/alminutonoticia.com\/noticias\/wp-content\/uploads\/2025\/07\/WhatsApp-Image-2025-07-09-at-3.35.47-PM-300x190.jpeg 300w, https:\/\/alminutonoticia.com\/noticias\/wp-content\/uploads\/2025\/07\/WhatsApp-Image-2025-07-09-at-3.35.47-PM-768x487.jpeg 768w, https:\/\/alminutonoticia.com\/noticias\/wp-content\/uploads\/2025\/07\/WhatsApp-Image-2025-07-09-at-3.35.47-PM-1536x975.jpeg 1536w, https:\/\/alminutonoticia.com\/noticias\/wp-content\/uploads\/2025\/07\/WhatsApp-Image-2025-07-09-at-3.35.47-PM-2048x1300.jpeg 2048w\" sizes=\"(max-width: 1024px) 100vw, 1024px\" \/><\/a><\/figure>\n\n\n\n<p>La integraci\u00f3n al Mercosur ser\u00eda una prioridad para nuestro pa\u00eds, porque se convertir\u00eda en parte de una de las mayores econom\u00edas del mundo.<\/p>\n","protected":false},"excerpt":{"rendered":"<p>La bancada del Partido Paname\u00f1ista, presidida por su coordinador, diputado Med\u00edn Jim\u00e9nez, se reuni\u00f3 con los embajadores de Mercosur, integrado por Carolina Vuillarubia, de Uruguay; Carlos Henrique de Abreu, de Brasil, y Sandra Pitta, de Argentina, con la finalidad de fortalecer la integraci\u00f3n de Panam\u00e1 al organismo. El diputado Jim\u00e9nez se\u00f1al\u00f3 que el Mercado Com\u00fan [&hellip;]<\/p>\n","protected":false},"author":3,"featured_media":15894,"comment_status":"open","ping_status":"open","sticky":false,"template":"","format":"standard","meta":{"footnotes":""},"categories":[36,37],"tags":[],"class_list":["post-15892","post","type-post","status-publish","format-standard","has-post-thumbnail","hentry","category-nacionales","category-politica"],"_links":{"self":[{"href":"https:\/\/alminutonoticia.com\/noticias\/wp-json\/wp\/v2\/posts\/15892","targetHints":{"allow":["GET"]}}],"collection":[{"href":"https:\/\/alminutonoticia.com\/noticias\/wp-json\/wp\/v2\/posts"}],"about":[{"href":"https:\/\/alminutonoticia.com\/noticias\/wp-json\/wp\/v2\/types\/post"}],"author":[{"embeddable":true,"href":"https:\/\/alminutonoticia.com\/noticias\/wp-json\/wp\/v2\/users\/3"}],"replies":[{"embeddable":true,"href":"https:\/\/alminutonoticia.com\/noticias\/wp-json\/wp\/v2\/comments?post=15892"}],"version-history":[{"count":1,"href":"https:\/\/alminutonoticia.com\/noticias\/wp-json\/wp\/v2\/posts\/15892\/revisions"}],"predecessor-version":[{"id":15895,"href":"https:\/\/alminutonoticia.com\/noticias\/wp-json\/wp\/v2\/posts\/15892\/revisions\/15895"}],"wp:featuredmedia":[{"embeddable":true,"href":"https:\/\/alminutonoticia.com\/noticias\/wp-json\/wp\/v2\/media\/15894"}],"wp:attachment":[{"href":"https:\/\/alminutonoticia.com\/noticias\/wp-json\/wp\/v2\/media?parent=15892"}],"wp:term":[{"taxonomy":"category","embeddable":true,"href":"https:\/\/alminutonoticia.com\/noticias\/wp-json\/wp\/v2\/categories?post=15892"},{"taxonomy":"post_tag","embeddable":true,"href":"https:\/\/alminutonoticia.com\/noticias\/wp-json\/wp\/v2\/tags?post=15892"}],"curies":[{"name":"wp","href":"https:\/\/api.w.org\/{rel}","templated":true}]}}