{"id":15886,"date":"2025-07-09T23:08:07","date_gmt":"2025-07-09T23:08:07","guid":{"rendered":"https:\/\/alminutonoticia.com\/noticias\/?p=15886"},"modified":"2025-07-09T23:09:14","modified_gmt":"2025-07-09T23:09:14","slug":"mas-de-250-jovenes-seran-capacitados-para-operar-plantas-potabilizadoras-en-todo-el-pais","status":"publish","type":"post","link":"https:\/\/alminutonoticia.com\/noticias\/mas-de-250-jovenes-seran-capacitados-para-operar-plantas-potabilizadoras-en-todo-el-pais\/","title":{"rendered":"M\u00e1s de 250 j\u00f3venes ser\u00e1n capacitados para operar plantas potabilizadoras en todo el pa\u00eds"},"content":{"rendered":"\n<p>M\u00e1s de 250 j\u00f3venes formar\u00e1n parte del equipo t\u00e9cnico especializado del Instituto de Acueductos y Alcantarillados Nacionales (IDAAN) para fortalecer la operaci\u00f3n de las plantas potabilizadoras en todo el pa\u00eds, gracias a una iniciativa conjunta con el Ministerio de Trabajo y Desarrollo Laboral (Mitradel) y la Universidad Tecnol\u00f3gica de Panam\u00e1 (UTP).<\/p>\n\n\n\n<p>Esta alianza estrat\u00e9gica se formaliz\u00f3 mediante la firma de convenios de cooperaci\u00f3n entre IDAAN y Mitradel para el reclutamiento a trav\u00e9s de sus mecanismos de intermediaci\u00f3n laboral garantizando la transparencia y la igualdad de oportunidades para los aspirantes; y el IDAAN y la UTP para la capacitaci\u00f3n t\u00e9cnica especializada para operadores de plantas potabilizadoras.<\/p>\n\n\n\n<p>Una vez los j\u00f3venes culminen las capacitaciones, ser\u00e1n contratados como operadores de las plantas potabilizadoras del IDAAN a nivel nacional como parte de su plan de modernizaci\u00f3n y profesionalizaci\u00f3n.<\/p>\n\n\n\n<p>Los acuerdos fueron firmados por la ministra de Trabajo, Jackeline Mu\u00f1oz; el director ejecutivo del IDAAN, Rutilio Villarreal; y la rectora de la UTP, \u00c1ngela Laguna Caicedo.<\/p>\n\n\n\n<figure class=\"wp-block-image size-large\"><a href=\"https:\/\/alminutonoticia.com\/noticias\/wp-content\/uploads\/2025\/07\/WhatsApp-Image-2025-07-09-at-1.03.38-PM.jpeg\"><img fetchpriority=\"high\" decoding=\"async\" width=\"1024\" height=\"774\" src=\"https:\/\/alminutonoticia.com\/noticias\/wp-content\/uploads\/2025\/07\/WhatsApp-Image-2025-07-09-at-1.03.38-PM-1024x774.jpeg\" alt=\"\" class=\"wp-image-15889\" title=\"\" srcset=\"https:\/\/alminutonoticia.com\/noticias\/wp-content\/uploads\/2025\/07\/WhatsApp-Image-2025-07-09-at-1.03.38-PM-1024x774.jpeg 1024w, https:\/\/alminutonoticia.com\/noticias\/wp-content\/uploads\/2025\/07\/WhatsApp-Image-2025-07-09-at-1.03.38-PM-300x227.jpeg 300w, https:\/\/alminutonoticia.com\/noticias\/wp-content\/uploads\/2025\/07\/WhatsApp-Image-2025-07-09-at-1.03.38-PM-768x580.jpeg 768w, https:\/\/alminutonoticia.com\/noticias\/wp-content\/uploads\/2025\/07\/WhatsApp-Image-2025-07-09-at-1.03.38-PM-1536x1161.jpeg 1536w, https:\/\/alminutonoticia.com\/noticias\/wp-content\/uploads\/2025\/07\/WhatsApp-Image-2025-07-09-at-1.03.38-PM.jpeg 1540w\" sizes=\"(max-width: 1024px) 100vw, 1024px\" \/><\/a><\/figure>\n\n\n\n<p>Durante el acto de firma, el director ejecutivo del IDAAN, Rutilio Villarreal, agradeci\u00f3 el compromiso del MITRADEL y la UTP con este proyecto que busca garantizar un recurso humano capacitado y la profesionalizaci\u00f3n de la instituci\u00f3n para optimizar los procesos de producci\u00f3n de agua potable a nivel nacional.<\/p>\n\n\n\n<p>\u201cEstos convenios representan un paso trascendental en el compromiso del se\u00f1or Presidente de la Rep\u00fablica, Jos\u00e9 Ra\u00fal Mulino Quintero, de asegurar el acceso a agua potable de calidad para todas las comunidades con una infraestructura moderna y garantizando la sostenibilidad del recurso h\u00eddrico\u201d, expres\u00f3.<\/p>\n\n\n\n<p>La ministra de Trabajo, Jackeline Mu\u00f1oz, afirm\u00f3 que est\u00e1n generando oportunidades reales concretas para los j\u00f3venes, transformando sus vidas con formaci\u00f3n de calidad y acceso a empleo formal. \u201cEste es un ejemplo de c\u00f3mo el trabajo coordinado entre instituciones puede cambiar realidades\u201d.<\/p>\n\n\n\n<figure class=\"wp-block-image size-large\"><a href=\"https:\/\/alminutonoticia.com\/noticias\/wp-content\/uploads\/2025\/07\/WhatsApp-Image-2025-07-09-at-1.03.39-PM-1-scaled.jpeg\"><img decoding=\"async\" width=\"1024\" height=\"683\" src=\"https:\/\/alminutonoticia.com\/noticias\/wp-content\/uploads\/2025\/07\/WhatsApp-Image-2025-07-09-at-1.03.39-PM-1-1024x683.jpeg\" alt=\"\" class=\"wp-image-15887\" title=\"\" srcset=\"https:\/\/alminutonoticia.com\/noticias\/wp-content\/uploads\/2025\/07\/WhatsApp-Image-2025-07-09-at-1.03.39-PM-1-1024x683.jpeg 1024w, https:\/\/alminutonoticia.com\/noticias\/wp-content\/uploads\/2025\/07\/WhatsApp-Image-2025-07-09-at-1.03.39-PM-1-300x200.jpeg 300w, https:\/\/alminutonoticia.com\/noticias\/wp-content\/uploads\/2025\/07\/WhatsApp-Image-2025-07-09-at-1.03.39-PM-1-768x512.jpeg 768w, https:\/\/alminutonoticia.com\/noticias\/wp-content\/uploads\/2025\/07\/WhatsApp-Image-2025-07-09-at-1.03.39-PM-1-1536x1024.jpeg 1536w, https:\/\/alminutonoticia.com\/noticias\/wp-content\/uploads\/2025\/07\/WhatsApp-Image-2025-07-09-at-1.03.39-PM-1-2048x1366.jpeg 2048w\" sizes=\"(max-width: 1024px) 100vw, 1024px\" \/><\/a><\/figure>\n\n\n\n<p>Destac\u00f3 que el acuerdo reafirma el liderazgo del Mitradel en la ejecuci\u00f3n de pol\u00edticas p\u00fablicas de empleo y de formaci\u00f3n para el trabajo alineado con la visi\u00f3n del presidente Jos\u00e9 Ra\u00fal Mulino, de dignificar la vida de los paname\u00f1os a trav\u00e9s de oportunidades reales.<\/p>\n\n\n\n<p>La rectora de la UTP, \u00c1ngela Laguna Caicedo, dijo que el compromiso que adquieren hoy las instituciones como el IDAAN, Mitradel y la UTP ha sido muy atinado porque el tema del agua no puede esperar.<\/p>\n\n\n\n<figure class=\"wp-block-image size-large\"><a href=\"https:\/\/alminutonoticia.com\/noticias\/wp-content\/uploads\/2025\/07\/WhatsApp-Image-2025-07-09-at-1.03.39-PM-scaled.jpeg\"><img decoding=\"async\" width=\"1024\" height=\"683\" src=\"https:\/\/alminutonoticia.com\/noticias\/wp-content\/uploads\/2025\/07\/WhatsApp-Image-2025-07-09-at-1.03.39-PM-1024x683.jpeg\" alt=\"\" class=\"wp-image-15888\" title=\"\" srcset=\"https:\/\/alminutonoticia.com\/noticias\/wp-content\/uploads\/2025\/07\/WhatsApp-Image-2025-07-09-at-1.03.39-PM-1024x683.jpeg 1024w, https:\/\/alminutonoticia.com\/noticias\/wp-content\/uploads\/2025\/07\/WhatsApp-Image-2025-07-09-at-1.03.39-PM-300x200.jpeg 300w, https:\/\/alminutonoticia.com\/noticias\/wp-content\/uploads\/2025\/07\/WhatsApp-Image-2025-07-09-at-1.03.39-PM-768x512.jpeg 768w, https:\/\/alminutonoticia.com\/noticias\/wp-content\/uploads\/2025\/07\/WhatsApp-Image-2025-07-09-at-1.03.39-PM-1536x1024.jpeg 1536w, https:\/\/alminutonoticia.com\/noticias\/wp-content\/uploads\/2025\/07\/WhatsApp-Image-2025-07-09-at-1.03.39-PM-2048x1366.jpeg 2048w\" sizes=\"(max-width: 1024px) 100vw, 1024px\" \/><\/a><\/figure>\n\n\n\n<p>Se\u00f1al\u00f3 que este convenio de cooperaci\u00f3n es una apuesta por lo acad\u00e9mico y lo tecnol\u00f3gico, brind\u00e1ndole a j\u00f3venes la oportunidad de una preparaci\u00f3n con profesionales de la UTP y garantiz\u00e1ndoles una oportunidad de empleo en la producci\u00f3n del agua donde se requiere contar con personal id\u00f3neo.<\/p>\n","protected":false},"excerpt":{"rendered":"<p>M\u00e1s de 250 j\u00f3venes formar\u00e1n parte del equipo t\u00e9cnico especializado del Instituto de Acueductos y Alcantarillados Nacionales (IDAAN) para fortalecer la operaci\u00f3n de las plantas potabilizadoras en todo el pa\u00eds, gracias a una iniciativa conjunta con el Ministerio de Trabajo y Desarrollo Laboral (Mitradel) y la Universidad Tecnol\u00f3gica de Panam\u00e1 (UTP). Esta alianza estrat\u00e9gica se [&hellip;]<\/p>\n","protected":false},"author":3,"featured_media":15889,"comment_status":"open","ping_status":"open","sticky":false,"template":"","format":"standard","meta":{"footnotes":""},"categories":[36],"tags":[],"class_list":["post-15886","post","type-post","status-publish","format-standard","has-post-thumbnail","hentry","category-nacionales"],"_links":{"self":[{"href":"https:\/\/alminutonoticia.com\/noticias\/wp-json\/wp\/v2\/posts\/15886","targetHints":{"allow":["GET"]}}],"collection":[{"href":"https:\/\/alminutonoticia.com\/noticias\/wp-json\/wp\/v2\/posts"}],"about":[{"href":"https:\/\/alminutonoticia.com\/noticias\/wp-json\/wp\/v2\/types\/post"}],"author":[{"embeddable":true,"href":"https:\/\/alminutonoticia.com\/noticias\/wp-json\/wp\/v2\/users\/3"}],"replies":[{"embeddable":true,"href":"https:\/\/alminutonoticia.com\/noticias\/wp-json\/wp\/v2\/comments?post=15886"}],"version-history":[{"count":1,"href":"https:\/\/alminutonoticia.com\/noticias\/wp-json\/wp\/v2\/posts\/15886\/revisions"}],"predecessor-version":[{"id":15890,"href":"https:\/\/alminutonoticia.com\/noticias\/wp-json\/wp\/v2\/posts\/15886\/revisions\/15890"}],"wp:featuredmedia":[{"embeddable":true,"href":"https:\/\/alminutonoticia.com\/noticias\/wp-json\/wp\/v2\/media\/15889"}],"wp:attachment":[{"href":"https:\/\/alminutonoticia.com\/noticias\/wp-json\/wp\/v2\/media?parent=15886"}],"wp:term":[{"taxonomy":"category","embeddable":true,"href":"https:\/\/alminutonoticia.com\/noticias\/wp-json\/wp\/v2\/categories?post=15886"},{"taxonomy":"post_tag","embeddable":true,"href":"https:\/\/alminutonoticia.com\/noticias\/wp-json\/wp\/v2\/tags?post=15886"}],"curies":[{"name":"wp","href":"https:\/\/api.w.org\/{rel}","templated":true}]}}