{"id":15881,"date":"2025-07-09T23:04:06","date_gmt":"2025-07-09T23:04:06","guid":{"rendered":"https:\/\/alminutonoticia.com\/noticias\/?p=15881"},"modified":"2025-07-09T23:06:03","modified_gmt":"2025-07-09T23:06:03","slug":"equipo-tecnico-de-miambiente-mantiene-intenso-operativo-de-monitoreo-en-la-cuenca-del-rio-pacora-para-mitigar-contaminacion","status":"publish","type":"post","link":"https:\/\/alminutonoticia.com\/noticias\/equipo-tecnico-de-miambiente-mantiene-intenso-operativo-de-monitoreo-en-la-cuenca-del-rio-pacora-para-mitigar-contaminacion\/","title":{"rendered":"Equipo t\u00e9cnico de MiAMBIENTE mantiene intenso operativo de monitoreo en la cuenca del r\u00edo Pacora para mitigar contaminaci\u00f3n"},"content":{"rendered":"\n<p>El Ministerio de Ambiente (MiAMBIENTE), a trav\u00e9s del Equipo Especializado a Denuncias R\u00e1pidas (SWAT) de la Direcci\u00f3n de Verificaci\u00f3n del Desempe\u00f1o Ambiental (DIVEDA) y del \u00abProyecto de identificaci\u00f3n y mitigaci\u00f3n de puntos cr\u00edticos de contaminaci\u00f3n en las fuentes h\u00eddricas a nivel nacional\u00bb, lleva a cabo intensas inspecciones t\u00e9cnicas en la Cuenca Hidrogr\u00e1fica del r\u00edo Pacora 146 para detectar sitios que afecten la calidad del agua en los afluentes de esta zona.<\/p>\n\n\n\n<p>Este trabajo busca proponer acciones correctivas que mejoren el estado ecol\u00f3gico del r\u00edo y sus afluentes, fundamentales para el abastecimiento de agua a la poblaci\u00f3n. Desde febrero de 2025, los equipos t\u00e9cnicos de MiAMBIENTE realizan recorridos a lo largo de m\u00e1s de 50 kil\u00f3metros entre los r\u00edos Pacora, Utiv\u00e9, Tatar\u00e9 y Cabra. Las inspecciones abarcan la revisi\u00f3n de plantas de tratamiento de aguas residuales, actividades agropecuarias y urban\u00edsticas que podr\u00edan estar vertiendo contaminantes, as\u00ed como el muestreo y registro para la creaci\u00f3n de una base de datos que permita una evaluaci\u00f3n detallada de la calidad del agua del cuerpo h\u00eddrico.<\/p>\n\n\n\n<figure class=\"wp-block-image size-large\"><a href=\"https:\/\/alminutonoticia.com\/noticias\/wp-content\/uploads\/2025\/07\/WhatsApp-Image-2025-07-09-at-1.30.52-PM.jpeg\"><img fetchpriority=\"high\" decoding=\"async\" width=\"1024\" height=\"682\" src=\"https:\/\/alminutonoticia.com\/noticias\/wp-content\/uploads\/2025\/07\/WhatsApp-Image-2025-07-09-at-1.30.52-PM-1024x682.jpeg\" alt=\"\" class=\"wp-image-15882\" title=\"\" srcset=\"https:\/\/alminutonoticia.com\/noticias\/wp-content\/uploads\/2025\/07\/WhatsApp-Image-2025-07-09-at-1.30.52-PM-1024x682.jpeg 1024w, https:\/\/alminutonoticia.com\/noticias\/wp-content\/uploads\/2025\/07\/WhatsApp-Image-2025-07-09-at-1.30.52-PM-300x200.jpeg 300w, https:\/\/alminutonoticia.com\/noticias\/wp-content\/uploads\/2025\/07\/WhatsApp-Image-2025-07-09-at-1.30.52-PM-768x512.jpeg 768w, https:\/\/alminutonoticia.com\/noticias\/wp-content\/uploads\/2025\/07\/WhatsApp-Image-2025-07-09-at-1.30.52-PM-1536x1023.jpeg 1536w, https:\/\/alminutonoticia.com\/noticias\/wp-content\/uploads\/2025\/07\/WhatsApp-Image-2025-07-09-at-1.30.52-PM.jpeg 1600w\" sizes=\"(max-width: 1024px) 100vw, 1024px\" \/><\/a><\/figure>\n\n\n\n<p>Karina Camarena, t\u00e9cnica del proyecto Coordinaci\u00f3n de Identificaci\u00f3n y Mitigaci\u00f3n (CIM) de DIVEDA, dijo que durante los operativos se han identificado, al menos, siete plantas de tratamiento residenciales sin permisos de descarga de aguas residuales, tres porquerizas con manejo deficiente de aguas residuales, varios puntos con acumulaci\u00f3n de sedimentos, y residuos s\u00f3lidos que alteran la calidad y el ecosistema acu\u00e1tico. Tambi\u00e9n se han atendido denuncias ciudadanas reportadas a trav\u00e9s de la plataforma 311.<\/p>\n\n\n\n<p>Camarena inform\u00f3 que se han levantado cinco procesos administrativos por incumplimiento de concesi\u00f3n de descarga de aguas residuales a la promotora de vivienda responsable de estas plantas de tratamiento identificadas. Adem\u00e1s, se le dio un plazo de 15 d\u00edas calendario para que realice los tr\u00e1mites de Concesi\u00f3n de Permisos para Descarga de Aguas Residuales con el Laboratorio de Calidad Ambiental de MiAMBIENTE y presente la notificaci\u00f3n del listado de las barriadas que se han establecido en el lugar.<\/p>\n\n\n\n<figure class=\"wp-block-image size-large\"><a href=\"https:\/\/alminutonoticia.com\/noticias\/wp-content\/uploads\/2025\/07\/WhatsApp-Image-2025-07-09-at-1.30.53-PM.jpeg\"><img decoding=\"async\" width=\"1024\" height=\"768\" src=\"https:\/\/alminutonoticia.com\/noticias\/wp-content\/uploads\/2025\/07\/WhatsApp-Image-2025-07-09-at-1.30.53-PM-1024x768.jpeg\" alt=\"\" class=\"wp-image-15883\" title=\"\" srcset=\"https:\/\/alminutonoticia.com\/noticias\/wp-content\/uploads\/2025\/07\/WhatsApp-Image-2025-07-09-at-1.30.53-PM-1024x768.jpeg 1024w, https:\/\/alminutonoticia.com\/noticias\/wp-content\/uploads\/2025\/07\/WhatsApp-Image-2025-07-09-at-1.30.53-PM-300x225.jpeg 300w, https:\/\/alminutonoticia.com\/noticias\/wp-content\/uploads\/2025\/07\/WhatsApp-Image-2025-07-09-at-1.30.53-PM-768x576.jpeg 768w, https:\/\/alminutonoticia.com\/noticias\/wp-content\/uploads\/2025\/07\/WhatsApp-Image-2025-07-09-at-1.30.53-PM-1536x1152.jpeg 1536w, https:\/\/alminutonoticia.com\/noticias\/wp-content\/uploads\/2025\/07\/WhatsApp-Image-2025-07-09-at-1.30.53-PM.jpeg 1600w\" sizes=\"(max-width: 1024px) 100vw, 1024px\" \/><\/a><\/figure>\n\n\n\n<p>El equipo t\u00e9cnico de MiAMBIENTE contin\u00faa fiscalizando y haciendo recorridos para avanzar en la consolidaci\u00f3n de la informaci\u00f3n, emitir recomendaciones t\u00e9cnicas, iniciar procesos administrativos y coordinar acciones con otras instituciones dentro de la Cuenca Hidrogr\u00e1fica del r\u00edo Pacora 146. Esta estrategia nacional busca no solo sancionar incumplimientos, sino principalmente garantizar la recuperaci\u00f3n y protecci\u00f3n sostenible de las fuentes h\u00eddricas.<\/p>\n\n\n\n<p>Mediante el proyecto CIM se realiza monitoreo continuo que permita evaluar sistem\u00e1ticamente la calidad del agua y la salud ecol\u00f3gica del r\u00edo Pacora, asegurando as\u00ed la preservaci\u00f3n de este vital recurso natural que abastece a gran parte de la poblaci\u00f3n del sector de Panam\u00e1 Este.<\/p>\n","protected":false},"excerpt":{"rendered":"<p>El Ministerio de Ambiente (MiAMBIENTE), a trav\u00e9s del Equipo Especializado a Denuncias R\u00e1pidas (SWAT) de la Direcci\u00f3n de Verificaci\u00f3n del Desempe\u00f1o Ambiental (DIVEDA) y del \u00abProyecto de identificaci\u00f3n y mitigaci\u00f3n de puntos cr\u00edticos de contaminaci\u00f3n en las fuentes h\u00eddricas a nivel nacional\u00bb, lleva a cabo intensas inspecciones t\u00e9cnicas en la Cuenca Hidrogr\u00e1fica del r\u00edo Pacora [&hellip;]<\/p>\n","protected":false},"author":3,"featured_media":15882,"comment_status":"open","ping_status":"open","sticky":false,"template":"","format":"standard","meta":{"footnotes":""},"categories":[36,42],"tags":[],"class_list":["post-15881","post","type-post","status-publish","format-standard","has-post-thumbnail","hentry","category-nacionales","category-ambiente"],"_links":{"self":[{"href":"https:\/\/alminutonoticia.com\/noticias\/wp-json\/wp\/v2\/posts\/15881","targetHints":{"allow":["GET"]}}],"collection":[{"href":"https:\/\/alminutonoticia.com\/noticias\/wp-json\/wp\/v2\/posts"}],"about":[{"href":"https:\/\/alminutonoticia.com\/noticias\/wp-json\/wp\/v2\/types\/post"}],"author":[{"embeddable":true,"href":"https:\/\/alminutonoticia.com\/noticias\/wp-json\/wp\/v2\/users\/3"}],"replies":[{"embeddable":true,"href":"https:\/\/alminutonoticia.com\/noticias\/wp-json\/wp\/v2\/comments?post=15881"}],"version-history":[{"count":1,"href":"https:\/\/alminutonoticia.com\/noticias\/wp-json\/wp\/v2\/posts\/15881\/revisions"}],"predecessor-version":[{"id":15884,"href":"https:\/\/alminutonoticia.com\/noticias\/wp-json\/wp\/v2\/posts\/15881\/revisions\/15884"}],"wp:featuredmedia":[{"embeddable":true,"href":"https:\/\/alminutonoticia.com\/noticias\/wp-json\/wp\/v2\/media\/15882"}],"wp:attachment":[{"href":"https:\/\/alminutonoticia.com\/noticias\/wp-json\/wp\/v2\/media?parent=15881"}],"wp:term":[{"taxonomy":"category","embeddable":true,"href":"https:\/\/alminutonoticia.com\/noticias\/wp-json\/wp\/v2\/categories?post=15881"},{"taxonomy":"post_tag","embeddable":true,"href":"https:\/\/alminutonoticia.com\/noticias\/wp-json\/wp\/v2\/tags?post=15881"}],"curies":[{"name":"wp","href":"https:\/\/api.w.org\/{rel}","templated":true}]}}