{"id":15639,"date":"2025-07-03T20:50:34","date_gmt":"2025-07-03T20:50:34","guid":{"rendered":"https:\/\/alminutonoticia.com\/noticias\/?p=15639"},"modified":"2025-07-03T20:50:36","modified_gmt":"2025-07-03T20:50:36","slug":"presidente-lula-confirma-su-participacion-en-el-foro-economico-de-panama-2026","status":"publish","type":"post","link":"https:\/\/alminutonoticia.com\/noticias\/presidente-lula-confirma-su-participacion-en-el-foro-economico-de-panama-2026\/","title":{"rendered":"Presidente Lula confirma su participaci\u00f3n en el Foro Econ\u00f3mico de Panam\u00e1 2026"},"content":{"rendered":"\n<p>El presidente de Brasil, Luiz In\u00e1cio \u201cLula\u201d Da Silva, confirm\u00f3 que asistir\u00e1 al Foro Econ\u00f3mico de Am\u00e9rica Latina que se desarrollar\u00e1 en Panam\u00e1, en enero de 2026, tras sostener hoy una reuni\u00f3n bilateral con el mandatario paname\u00f1o, Jos\u00e9 Ra\u00fal Mulino, quien lo invit\u00f3 al evento que ha calificado como el \u201cDavos de las Am\u00e9ricas\u201d.<br>En el marco de la Cumbre del Mercosur que se desarroll\u00f3 hoy en Argentina, Lula expres\u00f3 su inter\u00e9s en visitar Panam\u00e1 en enero pr\u00f3ximo, para participar del Foro Econ\u00f3mico que organiza la CAF e incluir en su agenda una visita al Canal de Panam\u00e1 para conocer las obras de la ampliaci\u00f3n concretada por los paname\u00f1os.<br>Mulino aprovech\u00f3 para resaltar la importancia internacional del proyecto de r\u00edo Indio en el futuro de la operaci\u00f3n del Canal, sobre todo para los pa\u00edses usuarios como Brasil.<\/p>\n\n\n\n<figure class=\"wp-block-image size-large\"><a href=\"https:\/\/alminutonoticia.com\/noticias\/wp-content\/uploads\/2025\/07\/WhatsApp-Image-2025-07-03-at-2.14.43-PM-scaled.jpeg\"><img fetchpriority=\"high\" decoding=\"async\" width=\"1024\" height=\"683\" src=\"https:\/\/alminutonoticia.com\/noticias\/wp-content\/uploads\/2025\/07\/WhatsApp-Image-2025-07-03-at-2.14.43-PM-1024x683.jpeg\" alt=\"\" class=\"wp-image-15640\" title=\"\" srcset=\"https:\/\/alminutonoticia.com\/noticias\/wp-content\/uploads\/2025\/07\/WhatsApp-Image-2025-07-03-at-2.14.43-PM-1024x683.jpeg 1024w, https:\/\/alminutonoticia.com\/noticias\/wp-content\/uploads\/2025\/07\/WhatsApp-Image-2025-07-03-at-2.14.43-PM-300x200.jpeg 300w, https:\/\/alminutonoticia.com\/noticias\/wp-content\/uploads\/2025\/07\/WhatsApp-Image-2025-07-03-at-2.14.43-PM-768x512.jpeg 768w, https:\/\/alminutonoticia.com\/noticias\/wp-content\/uploads\/2025\/07\/WhatsApp-Image-2025-07-03-at-2.14.43-PM-1536x1024.jpeg 1536w, https:\/\/alminutonoticia.com\/noticias\/wp-content\/uploads\/2025\/07\/WhatsApp-Image-2025-07-03-at-2.14.43-PM-2048x1366.jpeg 2048w\" sizes=\"(max-width: 1024px) 100vw, 1024px\" \/><\/a><\/figure>\n\n\n\n<p><br>El presidente brasile\u00f1o tambi\u00e9n le propuso a Mulino enviar a Panam\u00e1 una misi\u00f3n empresarial brasile\u00f1a a estudiar posibilidades de negocios, \u201cpara que cuando se vuelvan a reunir est\u00e9n identificados los temas productivos a concretar\u201d.<br>En tanto, Mulino le explic\u00f3 a Lula la importancia del sistema log\u00edstico paname\u00f1o, tanto con el Canal como con sus puertos y el ferrocarril de carga. Lula respondi\u00f3 proponiendo un viaje de sus ministros a conocer los puertos y la operaci\u00f3n del aeropuerto paname\u00f1o.<br>Lula se\u00f1al\u00f3 que la relaci\u00f3n que se est\u00e1 reactivando ayudar\u00e1 a llenar \u201clas lagunas\u201d que existen entre Brasil y Centroam\u00e9rica, incluyendo a Panam\u00e1. Indic\u00f3 que ello puede deberse a la cercan\u00eda o la cultura de comercio que tiene esta regi\u00f3n con Estados Unidos.<br>Pero la situaci\u00f3n geopol\u00edtica de la actualidad est\u00e1 llevando a muchos pa\u00edses a buscar otros mercados como el de Brasil.<\/p>\n\n\n\n<p><br>Durante el encuentro, Mulino tambi\u00e9n le plante\u00f3 al presidente Lula que es necesario que Panam\u00e1 sea excluida de la lista fiscal de Brasil. Lula prometi\u00f3 revisar el caso y la posibilidad de enviar a Panam\u00e1 a su ministro de Hacienda y al Secretario Tributario brasile\u00f1o.<br>En el marco de esta Cumbre, en su encuentro con el presidente de Argentina, el mandatario paname\u00f1o tambi\u00e9n invit\u00f3 personalmente a Javier Milei para que asista al Foro Econ\u00f3mico que se desarrollar\u00e1 el pr\u00f3ximo a\u00f1o en Panam\u00e1.<\/p>\n\n\n\n<figure class=\"wp-block-image size-large\"><a href=\"https:\/\/alminutonoticia.com\/noticias\/wp-content\/uploads\/2025\/07\/WhatsApp-Image-2025-07-03-at-2.14.44-PM-1-scaled.jpeg\"><img decoding=\"async\" width=\"1024\" height=\"683\" src=\"https:\/\/alminutonoticia.com\/noticias\/wp-content\/uploads\/2025\/07\/WhatsApp-Image-2025-07-03-at-2.14.44-PM-1-1024x683.jpeg\" alt=\"\" class=\"wp-image-15641\" title=\"\" srcset=\"https:\/\/alminutonoticia.com\/noticias\/wp-content\/uploads\/2025\/07\/WhatsApp-Image-2025-07-03-at-2.14.44-PM-1-1024x683.jpeg 1024w, https:\/\/alminutonoticia.com\/noticias\/wp-content\/uploads\/2025\/07\/WhatsApp-Image-2025-07-03-at-2.14.44-PM-1-300x200.jpeg 300w, https:\/\/alminutonoticia.com\/noticias\/wp-content\/uploads\/2025\/07\/WhatsApp-Image-2025-07-03-at-2.14.44-PM-1-768x512.jpeg 768w, https:\/\/alminutonoticia.com\/noticias\/wp-content\/uploads\/2025\/07\/WhatsApp-Image-2025-07-03-at-2.14.44-PM-1-1536x1024.jpeg 1536w, https:\/\/alminutonoticia.com\/noticias\/wp-content\/uploads\/2025\/07\/WhatsApp-Image-2025-07-03-at-2.14.44-PM-1-2048x1366.jpeg 2048w\" sizes=\"(max-width: 1024px) 100vw, 1024px\" \/><\/a><\/figure>\n","protected":false},"excerpt":{"rendered":"<p>El presidente de Brasil, Luiz In\u00e1cio \u201cLula\u201d Da Silva, confirm\u00f3 que asistir\u00e1 al Foro Econ\u00f3mico de Am\u00e9rica Latina que se desarrollar\u00e1 en Panam\u00e1, en enero de 2026, tras sostener hoy una reuni\u00f3n bilateral con el mandatario paname\u00f1o, Jos\u00e9 Ra\u00fal Mulino, quien lo invit\u00f3 al evento que ha calificado como el \u201cDavos de las Am\u00e9ricas\u201d.En el [&hellip;]<\/p>\n","protected":false},"author":3,"featured_media":15641,"comment_status":"open","ping_status":"open","sticky":false,"template":"","format":"standard","meta":{"footnotes":""},"categories":[36,39],"tags":[],"class_list":["post-15639","post","type-post","status-publish","format-standard","has-post-thumbnail","hentry","category-nacionales","category-internacionales"],"_links":{"self":[{"href":"https:\/\/alminutonoticia.com\/noticias\/wp-json\/wp\/v2\/posts\/15639","targetHints":{"allow":["GET"]}}],"collection":[{"href":"https:\/\/alminutonoticia.com\/noticias\/wp-json\/wp\/v2\/posts"}],"about":[{"href":"https:\/\/alminutonoticia.com\/noticias\/wp-json\/wp\/v2\/types\/post"}],"author":[{"embeddable":true,"href":"https:\/\/alminutonoticia.com\/noticias\/wp-json\/wp\/v2\/users\/3"}],"replies":[{"embeddable":true,"href":"https:\/\/alminutonoticia.com\/noticias\/wp-json\/wp\/v2\/comments?post=15639"}],"version-history":[{"count":1,"href":"https:\/\/alminutonoticia.com\/noticias\/wp-json\/wp\/v2\/posts\/15639\/revisions"}],"predecessor-version":[{"id":15642,"href":"https:\/\/alminutonoticia.com\/noticias\/wp-json\/wp\/v2\/posts\/15639\/revisions\/15642"}],"wp:featuredmedia":[{"embeddable":true,"href":"https:\/\/alminutonoticia.com\/noticias\/wp-json\/wp\/v2\/media\/15641"}],"wp:attachment":[{"href":"https:\/\/alminutonoticia.com\/noticias\/wp-json\/wp\/v2\/media?parent=15639"}],"wp:term":[{"taxonomy":"category","embeddable":true,"href":"https:\/\/alminutonoticia.com\/noticias\/wp-json\/wp\/v2\/categories?post=15639"},{"taxonomy":"post_tag","embeddable":true,"href":"https:\/\/alminutonoticia.com\/noticias\/wp-json\/wp\/v2\/tags?post=15639"}],"curies":[{"name":"wp","href":"https:\/\/api.w.org\/{rel}","templated":true}]}}