{"id":15634,"date":"2025-07-03T20:42:18","date_gmt":"2025-07-03T20:42:18","guid":{"rendered":"https:\/\/alminutonoticia.com\/noticias\/?p=15634"},"modified":"2025-07-03T20:42:20","modified_gmt":"2025-07-03T20:42:20","slug":"maestro-aristides-urena-presenta-su-obra-al-mundo","status":"publish","type":"post","link":"https:\/\/alminutonoticia.com\/noticias\/maestro-aristides-urena-presenta-su-obra-al-mundo\/","title":{"rendered":"Maestro Aristides Ure\u00f1a presenta su obra al mundo"},"content":{"rendered":"\n<p>A trav\u00e9s de los ojos de los miles de pasajeros que pasan por el Aeropuerto Internacional de Tocumen, el maestro Aristides Ure\u00f1a, presenta al mundo su exposici\u00f3n \u201cLas princesas y sus manes, Las Venus de Panam\u00e1\u201d. De la mano del Ministerio de Cultura, las 43 estatuas de arcilla podr\u00e1n ser admiradas hasta el 30 de agosto del presente a\u00f1o.<\/p>\n\n\n\n<p>Se trata de un proyecto escult\u00f3rico en arcilla roja que explora la memoria prehisp\u00e1nica paname\u00f1a, a trav\u00e9s del arte cer\u00e1mico, en figuras moldeadas con t\u00e9cnicas tradicionales y dispuestas en secuencia de car\u00e1cter ritual para darnos la bienvenida a esta infraestructura, para el desarrollo cultural y tur\u00edstico de Panam\u00e1.<\/p>\n\n\n\n<p>\u201cLas princesas y sus manes\u201d representan una ofrenda, no solo a la memoria enterrada, sino tambi\u00e9n a la tierra que a\u00fan nos habla, a las manos que la moldean y a las presencias silenciadas que reclaman su lugar desde el presente.<\/p>\n\n\n\n<div class=\"wp-block-columns is-layout-flex wp-container-core-columns-is-layout-28f84493 wp-block-columns-is-layout-flex\">\n<div class=\"wp-block-column is-layout-flow wp-block-column-is-layout-flow\" style=\"flex-basis:50%\">\n<figure class=\"wp-block-image size-large\"><a href=\"https:\/\/alminutonoticia.com\/noticias\/wp-content\/uploads\/2025\/07\/WhatsApp-Image-2025-07-03-at-3.02.31-PM.jpeg\"><img fetchpriority=\"high\" decoding=\"async\" width=\"1024\" height=\"682\" src=\"https:\/\/alminutonoticia.com\/noticias\/wp-content\/uploads\/2025\/07\/WhatsApp-Image-2025-07-03-at-3.02.31-PM-1024x682.jpeg\" alt=\"\" class=\"wp-image-15635\" title=\"\" srcset=\"https:\/\/alminutonoticia.com\/noticias\/wp-content\/uploads\/2025\/07\/WhatsApp-Image-2025-07-03-at-3.02.31-PM-1024x682.jpeg 1024w, https:\/\/alminutonoticia.com\/noticias\/wp-content\/uploads\/2025\/07\/WhatsApp-Image-2025-07-03-at-3.02.31-PM-300x200.jpeg 300w, https:\/\/alminutonoticia.com\/noticias\/wp-content\/uploads\/2025\/07\/WhatsApp-Image-2025-07-03-at-3.02.31-PM-768x512.jpeg 768w, https:\/\/alminutonoticia.com\/noticias\/wp-content\/uploads\/2025\/07\/WhatsApp-Image-2025-07-03-at-3.02.31-PM-1536x1024.jpeg 1536w, https:\/\/alminutonoticia.com\/noticias\/wp-content\/uploads\/2025\/07\/WhatsApp-Image-2025-07-03-at-3.02.31-PM-2048x1365.jpeg 2048w\" sizes=\"(max-width: 1024px) 100vw, 1024px\" \/><\/a><\/figure>\n<\/div>\n\n\n\n<div class=\"wp-block-column is-layout-flow wp-block-column-is-layout-flow\" style=\"flex-basis:50%\">\n<figure class=\"wp-block-image size-large\"><a href=\"https:\/\/alminutonoticia.com\/noticias\/wp-content\/uploads\/2025\/07\/WhatsApp-Image-2025-07-03-at-3.02.30-PM.jpeg\"><img decoding=\"async\" width=\"1024\" height=\"682\" src=\"https:\/\/alminutonoticia.com\/noticias\/wp-content\/uploads\/2025\/07\/WhatsApp-Image-2025-07-03-at-3.02.30-PM-1024x682.jpeg\" alt=\"\" class=\"wp-image-15636\" title=\"\" srcset=\"https:\/\/alminutonoticia.com\/noticias\/wp-content\/uploads\/2025\/07\/WhatsApp-Image-2025-07-03-at-3.02.30-PM-1024x682.jpeg 1024w, https:\/\/alminutonoticia.com\/noticias\/wp-content\/uploads\/2025\/07\/WhatsApp-Image-2025-07-03-at-3.02.30-PM-300x200.jpeg 300w, https:\/\/alminutonoticia.com\/noticias\/wp-content\/uploads\/2025\/07\/WhatsApp-Image-2025-07-03-at-3.02.30-PM-768x512.jpeg 768w, https:\/\/alminutonoticia.com\/noticias\/wp-content\/uploads\/2025\/07\/WhatsApp-Image-2025-07-03-at-3.02.30-PM-1536x1024.jpeg 1536w, https:\/\/alminutonoticia.com\/noticias\/wp-content\/uploads\/2025\/07\/WhatsApp-Image-2025-07-03-at-3.02.30-PM-2048x1365.jpeg 2048w\" sizes=\"(max-width: 1024px) 100vw, 1024px\" \/><\/a><\/figure>\n<\/div>\n<\/div>\n\n\n\n<p>Durante la inauguraci\u00f3n de la exposici\u00f3n, el maestro Ure\u00f1a coment\u00f3 que el proyecto fue realizado en 2017 y preve\u00eda acercar a las personas a la cultura milenaria de Panam\u00e1. Explic\u00f3 que nuestro pa\u00eds desarroll\u00f3 una \u201clind\u00edsima cer\u00e1mica policromada\u201d.<\/p>\n\n\n\n<p>\u201cComo artesano realizamos este trabajo que est\u00e1 aqu\u00ed y que pretende ser una mirada que busque la identidad y la sepa proyectar en una modernidad, es simplemente una forma provocativa de agarrar t\u00e9cnicamente y buscar dentro de lo profundo, lo que somos los paname\u00f1os y la cultura milenaria\u201d, concluy\u00f3 el maestro.<\/p>\n\n\n\n<p>Por su parte, la vice ministra, Arianne Benedetti, se dirigi\u00f3 al maestro: \u201cGracias porque el mundo entero que pasa por aqu\u00ed va a poder compartirlo con nosotros, gracias por representarnos a nivel Internacional de la manera que lo has hecho, eres un estandarte para nuestro pa\u00eds, para nuestro arte para nuestra cultura, para lo que somos, para lo que queremos ser, para poder salvaguardar nuestras tradiciones, t\u00fa eres todo eso, te agradezco que est\u00e9s aqu\u00ed\u201d.<\/p>\n\n\n\n<figure class=\"wp-block-image size-large\"><a href=\"https:\/\/alminutonoticia.com\/noticias\/wp-content\/uploads\/2025\/07\/WhatsApp-Image-2025-07-03-at-3.02.31-PM-1.jpeg\"><img decoding=\"async\" width=\"1024\" height=\"682\" src=\"https:\/\/alminutonoticia.com\/noticias\/wp-content\/uploads\/2025\/07\/WhatsApp-Image-2025-07-03-at-3.02.31-PM-1-1024x682.jpeg\" alt=\"\" class=\"wp-image-15637\" title=\"\" srcset=\"https:\/\/alminutonoticia.com\/noticias\/wp-content\/uploads\/2025\/07\/WhatsApp-Image-2025-07-03-at-3.02.31-PM-1-1024x682.jpeg 1024w, https:\/\/alminutonoticia.com\/noticias\/wp-content\/uploads\/2025\/07\/WhatsApp-Image-2025-07-03-at-3.02.31-PM-1-300x200.jpeg 300w, https:\/\/alminutonoticia.com\/noticias\/wp-content\/uploads\/2025\/07\/WhatsApp-Image-2025-07-03-at-3.02.31-PM-1-768x512.jpeg 768w, https:\/\/alminutonoticia.com\/noticias\/wp-content\/uploads\/2025\/07\/WhatsApp-Image-2025-07-03-at-3.02.31-PM-1-1536x1024.jpeg 1536w, https:\/\/alminutonoticia.com\/noticias\/wp-content\/uploads\/2025\/07\/WhatsApp-Image-2025-07-03-at-3.02.31-PM-1-2048x1365.jpeg 2048w\" sizes=\"(max-width: 1024px) 100vw, 1024px\" \/><\/a><\/figure>\n\n\n\n<p>La viceministra recalc\u00f3 que estamos en un gobierno que quiere que la gente pueda crecer, tener herramientas y vivir la experiencia de la cultura, \u201cporque la cultura es un derecho, un derecho del ser humano y nosotros el Ministerio de Cultura no vamos a descansar hasta que as\u00ed se sienta. Y que todos los paname\u00f1os lo entiendan y lo vivan \u201c.<\/p>\n","protected":false},"excerpt":{"rendered":"<p>A trav\u00e9s de los ojos de los miles de pasajeros que pasan por el Aeropuerto Internacional de Tocumen, el maestro Aristides Ure\u00f1a, presenta al mundo su exposici\u00f3n \u201cLas princesas y sus manes, Las Venus de Panam\u00e1\u201d. De la mano del Ministerio de Cultura, las 43 estatuas de arcilla podr\u00e1n ser admiradas hasta el 30 de [&hellip;]<\/p>\n","protected":false},"author":3,"featured_media":15637,"comment_status":"open","ping_status":"open","sticky":false,"template":"","format":"standard","meta":{"footnotes":""},"categories":[36,41],"tags":[],"class_list":["post-15634","post","type-post","status-publish","format-standard","has-post-thumbnail","hentry","category-nacionales","category-cultura-y-farandula"],"_links":{"self":[{"href":"https:\/\/alminutonoticia.com\/noticias\/wp-json\/wp\/v2\/posts\/15634","targetHints":{"allow":["GET"]}}],"collection":[{"href":"https:\/\/alminutonoticia.com\/noticias\/wp-json\/wp\/v2\/posts"}],"about":[{"href":"https:\/\/alminutonoticia.com\/noticias\/wp-json\/wp\/v2\/types\/post"}],"author":[{"embeddable":true,"href":"https:\/\/alminutonoticia.com\/noticias\/wp-json\/wp\/v2\/users\/3"}],"replies":[{"embeddable":true,"href":"https:\/\/alminutonoticia.com\/noticias\/wp-json\/wp\/v2\/comments?post=15634"}],"version-history":[{"count":1,"href":"https:\/\/alminutonoticia.com\/noticias\/wp-json\/wp\/v2\/posts\/15634\/revisions"}],"predecessor-version":[{"id":15638,"href":"https:\/\/alminutonoticia.com\/noticias\/wp-json\/wp\/v2\/posts\/15634\/revisions\/15638"}],"wp:featuredmedia":[{"embeddable":true,"href":"https:\/\/alminutonoticia.com\/noticias\/wp-json\/wp\/v2\/media\/15637"}],"wp:attachment":[{"href":"https:\/\/alminutonoticia.com\/noticias\/wp-json\/wp\/v2\/media?parent=15634"}],"wp:term":[{"taxonomy":"category","embeddable":true,"href":"https:\/\/alminutonoticia.com\/noticias\/wp-json\/wp\/v2\/categories?post=15634"},{"taxonomy":"post_tag","embeddable":true,"href":"https:\/\/alminutonoticia.com\/noticias\/wp-json\/wp\/v2\/tags?post=15634"}],"curies":[{"name":"wp","href":"https:\/\/api.w.org\/{rel}","templated":true}]}}