{"id":15630,"date":"2025-07-03T20:38:01","date_gmt":"2025-07-03T20:38:01","guid":{"rendered":"https:\/\/alminutonoticia.com\/noticias\/?p=15630"},"modified":"2025-07-03T20:39:59","modified_gmt":"2025-07-03T20:39:59","slug":"encuentro-milei-mulino-argentina-ofrece-a-panama-cooperacion-para-transferencia-de-conocimiento-agricola","status":"publish","type":"post","link":"https:\/\/alminutonoticia.com\/noticias\/encuentro-milei-mulino-argentina-ofrece-a-panama-cooperacion-para-transferencia-de-conocimiento-agricola\/","title":{"rendered":"Encuentro Milei-Mulino: Argentina ofrece a Panam\u00e1 cooperaci\u00f3n para transferencia de conocimiento agr\u00edcola"},"content":{"rendered":"\n<p>El presidente de Panam\u00e1, Jos\u00e9 Ra\u00fal Mulino, sostuvo una reuni\u00f3n bilateral con su hom\u00f3logo de Argentina, Javier Milei, en la que se comprometieron a estrechar los lazos comerciales entre ambos pa\u00edses. A la vez, acordaron promover un acuerdo de cooperaci\u00f3n para el intercambio de conocimientos agr\u00edcolas, tomando en cuenta la competitividad de los productores argentinos en este campo.<\/p>\n\n\n\n<p><br>En el marco de la Cumbre del Mercosur, que se realiza en Buenos Aires, Mulino y Milei comentaron que es necesario aumentar el transporte a\u00e9reo entre Argentina y Panam\u00e1, y la posibilidad de concretar un acuerdo en materia de seguridad.<\/p>\n\n\n\n<figure class=\"wp-block-image size-large\"><a href=\"https:\/\/alminutonoticia.com\/noticias\/wp-content\/uploads\/2025\/07\/WhatsApp-Image-2025-07-03-at-11.51.22-AM-scaled.jpeg\"><img fetchpriority=\"high\" decoding=\"async\" width=\"1024\" height=\"683\" src=\"https:\/\/alminutonoticia.com\/noticias\/wp-content\/uploads\/2025\/07\/WhatsApp-Image-2025-07-03-at-11.51.22-AM-1024x683.jpeg\" alt=\"\" class=\"wp-image-15631\" title=\"\" srcset=\"https:\/\/alminutonoticia.com\/noticias\/wp-content\/uploads\/2025\/07\/WhatsApp-Image-2025-07-03-at-11.51.22-AM-1024x683.jpeg 1024w, https:\/\/alminutonoticia.com\/noticias\/wp-content\/uploads\/2025\/07\/WhatsApp-Image-2025-07-03-at-11.51.22-AM-300x200.jpeg 300w, https:\/\/alminutonoticia.com\/noticias\/wp-content\/uploads\/2025\/07\/WhatsApp-Image-2025-07-03-at-11.51.22-AM-768x512.jpeg 768w, https:\/\/alminutonoticia.com\/noticias\/wp-content\/uploads\/2025\/07\/WhatsApp-Image-2025-07-03-at-11.51.22-AM-1536x1024.jpeg 1536w, https:\/\/alminutonoticia.com\/noticias\/wp-content\/uploads\/2025\/07\/WhatsApp-Image-2025-07-03-at-11.51.22-AM-2048x1366.jpeg 2048w\" sizes=\"(max-width: 1024px) 100vw, 1024px\" \/><\/a><\/figure>\n\n\n\n<p><br>Ambos presidentes tambi\u00e9n destacaron la importancia de la incorporaci\u00f3n de Panam\u00e1 como Estado Asociado al Mercosur, lo cual beneficiar\u00e1 a todas las partes.<\/p>\n\n\n\n<p><br>El mandatario paname\u00f1o tambi\u00e9n sostuvo conversaciones con los presidentes de Paraguay, Santiago Pe\u00f1a, y de Uruguay, Yamand\u00fa Orsi, quienes tambi\u00e9n resaltaron el inicio de la relaci\u00f3n entre el Mercosur y Panam\u00e1.<\/p>\n\n\n\n<figure class=\"wp-block-image size-large\"><a href=\"https:\/\/alminutonoticia.com\/noticias\/wp-content\/uploads\/2025\/07\/WhatsApp-Image-2025-07-03-at-11.51.22-AM-1-scaled.jpeg\"><img decoding=\"async\" width=\"1024\" height=\"683\" src=\"https:\/\/alminutonoticia.com\/noticias\/wp-content\/uploads\/2025\/07\/WhatsApp-Image-2025-07-03-at-11.51.22-AM-1-1024x683.jpeg\" alt=\"\" class=\"wp-image-15632\" title=\"\" srcset=\"https:\/\/alminutonoticia.com\/noticias\/wp-content\/uploads\/2025\/07\/WhatsApp-Image-2025-07-03-at-11.51.22-AM-1-1024x683.jpeg 1024w, https:\/\/alminutonoticia.com\/noticias\/wp-content\/uploads\/2025\/07\/WhatsApp-Image-2025-07-03-at-11.51.22-AM-1-300x200.jpeg 300w, https:\/\/alminutonoticia.com\/noticias\/wp-content\/uploads\/2025\/07\/WhatsApp-Image-2025-07-03-at-11.51.22-AM-1-768x512.jpeg 768w, https:\/\/alminutonoticia.com\/noticias\/wp-content\/uploads\/2025\/07\/WhatsApp-Image-2025-07-03-at-11.51.22-AM-1-1536x1024.jpeg 1536w, https:\/\/alminutonoticia.com\/noticias\/wp-content\/uploads\/2025\/07\/WhatsApp-Image-2025-07-03-at-11.51.22-AM-1-2048x1366.jpeg 2048w\" sizes=\"(max-width: 1024px) 100vw, 1024px\" \/><\/a><\/figure>\n","protected":false},"excerpt":{"rendered":"<p>El presidente de Panam\u00e1, Jos\u00e9 Ra\u00fal Mulino, sostuvo una reuni\u00f3n bilateral con su hom\u00f3logo de Argentina, Javier Milei, en la que se comprometieron a estrechar los lazos comerciales entre ambos pa\u00edses. A la vez, acordaron promover un acuerdo de cooperaci\u00f3n para el intercambio de conocimientos agr\u00edcolas, tomando en cuenta la competitividad de los productores argentinos [&hellip;]<\/p>\n","protected":false},"author":3,"featured_media":15632,"comment_status":"open","ping_status":"open","sticky":false,"template":"","format":"standard","meta":{"footnotes":""},"categories":[36,38,39],"tags":[],"class_list":["post-15630","post","type-post","status-publish","format-standard","has-post-thumbnail","hentry","category-nacionales","category-economia","category-internacionales"],"_links":{"self":[{"href":"https:\/\/alminutonoticia.com\/noticias\/wp-json\/wp\/v2\/posts\/15630","targetHints":{"allow":["GET"]}}],"collection":[{"href":"https:\/\/alminutonoticia.com\/noticias\/wp-json\/wp\/v2\/posts"}],"about":[{"href":"https:\/\/alminutonoticia.com\/noticias\/wp-json\/wp\/v2\/types\/post"}],"author":[{"embeddable":true,"href":"https:\/\/alminutonoticia.com\/noticias\/wp-json\/wp\/v2\/users\/3"}],"replies":[{"embeddable":true,"href":"https:\/\/alminutonoticia.com\/noticias\/wp-json\/wp\/v2\/comments?post=15630"}],"version-history":[{"count":1,"href":"https:\/\/alminutonoticia.com\/noticias\/wp-json\/wp\/v2\/posts\/15630\/revisions"}],"predecessor-version":[{"id":15633,"href":"https:\/\/alminutonoticia.com\/noticias\/wp-json\/wp\/v2\/posts\/15630\/revisions\/15633"}],"wp:featuredmedia":[{"embeddable":true,"href":"https:\/\/alminutonoticia.com\/noticias\/wp-json\/wp\/v2\/media\/15632"}],"wp:attachment":[{"href":"https:\/\/alminutonoticia.com\/noticias\/wp-json\/wp\/v2\/media?parent=15630"}],"wp:term":[{"taxonomy":"category","embeddable":true,"href":"https:\/\/alminutonoticia.com\/noticias\/wp-json\/wp\/v2\/categories?post=15630"},{"taxonomy":"post_tag","embeddable":true,"href":"https:\/\/alminutonoticia.com\/noticias\/wp-json\/wp\/v2\/tags?post=15630"}],"curies":[{"name":"wp","href":"https:\/\/api.w.org\/{rel}","templated":true}]}}