{"id":15624,"date":"2025-07-03T20:31:42","date_gmt":"2025-07-03T20:31:42","guid":{"rendered":"https:\/\/alminutonoticia.com\/noticias\/?p=15624"},"modified":"2025-07-03T20:33:34","modified_gmt":"2025-07-03T20:33:34","slug":"miambiente-cierra-con-exito-iniciativa-que-impulsa-la-gestion-forestal-en-panama","status":"publish","type":"post","link":"https:\/\/alminutonoticia.com\/noticias\/miambiente-cierra-con-exito-iniciativa-que-impulsa-la-gestion-forestal-en-panama\/","title":{"rendered":"MiAMBIENTE cierra con \u00e9xito iniciativa que impulsa la gesti\u00f3n forestal en Panam\u00e1"},"content":{"rendered":"\n<p>El Ministerio de Ambiente (MiAMBIENTE) realiz\u00f3 el cierre del Proyecto de Fortalecimiento del Control Forestal y Ampliaci\u00f3n de la Cobertura del Sistema de Trazabilidad y Control Forestal, una de las iniciativas m\u00e1s destacadas de los \u00faltimos a\u00f1os en materia de gobernanza forestal en Panam\u00e1. Estrategia ejecutada con el apoyo t\u00e9cnico y financiero de la Organizaci\u00f3n Internacional de las Maderas Tropicales (OIMT), la Embajada de Jap\u00f3n y la Agencia de Cooperaci\u00f3n Internacional de Jap\u00f3n (JICA), y ha contado con la activa participaci\u00f3n de diversas instituciones del Estado, comunidades locales y representantes del sector productivo.<\/p>\n\n\n\n<p>El ministro de Ambiente, Juan Carlos Navarro, expres\u00f3 que \u201ccontar con un sistema de trazabilidad s\u00f3lido nos permite combatir eficazmente la tala ilegal, fortalecer la confianza en los mercados internacionales y fomentar una gesti\u00f3n participativa de los recursos naturales. El uso sostenible de nuestros bosques es un pilar fundamental para garantizar la seguridad ambiental, dinamizar la econom\u00eda rural y avanzar en el cumplimiento de los compromisos clim\u00e1ticos internacionales asumidos por Panam\u00e1\u201d.<\/p>\n\n\n\n<div class=\"wp-block-columns is-layout-flex wp-container-core-columns-is-layout-28f84493 wp-block-columns-is-layout-flex\">\n<div class=\"wp-block-column is-layout-flow wp-block-column-is-layout-flow\">\n<figure class=\"wp-block-image size-large\"><a href=\"https:\/\/alminutonoticia.com\/noticias\/wp-content\/uploads\/2025\/07\/WhatsApp-Image-2025-07-03-at-3.18.53-PM-1-scaled.jpeg\"><img fetchpriority=\"high\" decoding=\"async\" width=\"1024\" height=\"683\" src=\"https:\/\/alminutonoticia.com\/noticias\/wp-content\/uploads\/2025\/07\/WhatsApp-Image-2025-07-03-at-3.18.53-PM-1-1024x683.jpeg\" alt=\"\" class=\"wp-image-15625\" title=\"\" srcset=\"https:\/\/alminutonoticia.com\/noticias\/wp-content\/uploads\/2025\/07\/WhatsApp-Image-2025-07-03-at-3.18.53-PM-1-1024x683.jpeg 1024w, https:\/\/alminutonoticia.com\/noticias\/wp-content\/uploads\/2025\/07\/WhatsApp-Image-2025-07-03-at-3.18.53-PM-1-300x200.jpeg 300w, https:\/\/alminutonoticia.com\/noticias\/wp-content\/uploads\/2025\/07\/WhatsApp-Image-2025-07-03-at-3.18.53-PM-1-768x512.jpeg 768w, https:\/\/alminutonoticia.com\/noticias\/wp-content\/uploads\/2025\/07\/WhatsApp-Image-2025-07-03-at-3.18.53-PM-1-1536x1024.jpeg 1536w, https:\/\/alminutonoticia.com\/noticias\/wp-content\/uploads\/2025\/07\/WhatsApp-Image-2025-07-03-at-3.18.53-PM-1-2048x1365.jpeg 2048w\" sizes=\"(max-width: 1024px) 100vw, 1024px\" \/><\/a><\/figure>\n<\/div>\n\n\n\n<div class=\"wp-block-column is-layout-flow wp-block-column-is-layout-flow\">\n<figure class=\"wp-block-image size-large\"><a href=\"https:\/\/alminutonoticia.com\/noticias\/wp-content\/uploads\/2025\/07\/WhatsApp-Image-2025-07-03-at-3.18.53-PM-2-scaled.jpeg\"><img decoding=\"async\" width=\"1024\" height=\"683\" src=\"https:\/\/alminutonoticia.com\/noticias\/wp-content\/uploads\/2025\/07\/WhatsApp-Image-2025-07-03-at-3.18.53-PM-2-1024x683.jpeg\" alt=\"\" class=\"wp-image-15626\" title=\"\" srcset=\"https:\/\/alminutonoticia.com\/noticias\/wp-content\/uploads\/2025\/07\/WhatsApp-Image-2025-07-03-at-3.18.53-PM-2-1024x683.jpeg 1024w, https:\/\/alminutonoticia.com\/noticias\/wp-content\/uploads\/2025\/07\/WhatsApp-Image-2025-07-03-at-3.18.53-PM-2-300x200.jpeg 300w, https:\/\/alminutonoticia.com\/noticias\/wp-content\/uploads\/2025\/07\/WhatsApp-Image-2025-07-03-at-3.18.53-PM-2-768x512.jpeg 768w, https:\/\/alminutonoticia.com\/noticias\/wp-content\/uploads\/2025\/07\/WhatsApp-Image-2025-07-03-at-3.18.53-PM-2-1536x1024.jpeg 1536w, https:\/\/alminutonoticia.com\/noticias\/wp-content\/uploads\/2025\/07\/WhatsApp-Image-2025-07-03-at-3.18.53-PM-2-2048x1365.jpeg 2048w\" sizes=\"(max-width: 1024px) 100vw, 1024px\" \/><\/a><\/figure>\n<\/div>\n<\/div>\n\n\n\n<p>Entre los principales logros alcanzados durante la ejecuci\u00f3n del proyecto se encuentran: la expansi\u00f3n del Sistema de Trazabilidad y Control Forestal a nivel nacional; fortalecimiento de los puestos de control en distintas regiones del pa\u00eds; capacitaci\u00f3n t\u00e9cnica de funcionarios, productores y comunicadores en temas de manejo forestal; as\u00ed como la promoci\u00f3n activa del manejo forestal sostenible como herramienta clave para el desarrollo y la conservaci\u00f3n. Adem\u00e1s, 240 usuarios fueron registrados en el sistema de trazabilidad, enfocado en plantaciones forestales comerciales y regeneraci\u00f3n manejada, lo que representa un avance significativo en la adopci\u00f3n de herramientas tecnol\u00f3gicas y el cumplimiento de la normativa ambiental.<\/p>\n\n\n\n<p>Por su parte, Emiko Yamaguchi, consejera de la Embajada de Jap\u00f3n en Panam\u00e1, dijo que \u201cla contribuci\u00f3n de Jap\u00f3n a este proyecto busca apoyar la conservaci\u00f3n de los bosques de Panam\u00e1 y su aprovechamiento, por medio del fortalecimiento de un sistema de trazabilidad necesario para el comercio internacional de las maderas\u201d.<\/p>\n\n\n\n<figure class=\"wp-block-image size-large\"><a href=\"https:\/\/alminutonoticia.com\/noticias\/wp-content\/uploads\/2025\/07\/WhatsApp-Image-2025-07-03-at-3.18.53-PM-scaled.jpeg\"><img decoding=\"async\" width=\"1024\" height=\"683\" src=\"https:\/\/alminutonoticia.com\/noticias\/wp-content\/uploads\/2025\/07\/WhatsApp-Image-2025-07-03-at-3.18.53-PM-1024x683.jpeg\" alt=\"\" class=\"wp-image-15627\" title=\"\" srcset=\"https:\/\/alminutonoticia.com\/noticias\/wp-content\/uploads\/2025\/07\/WhatsApp-Image-2025-07-03-at-3.18.53-PM-1024x683.jpeg 1024w, https:\/\/alminutonoticia.com\/noticias\/wp-content\/uploads\/2025\/07\/WhatsApp-Image-2025-07-03-at-3.18.53-PM-300x200.jpeg 300w, https:\/\/alminutonoticia.com\/noticias\/wp-content\/uploads\/2025\/07\/WhatsApp-Image-2025-07-03-at-3.18.53-PM-768x512.jpeg 768w, https:\/\/alminutonoticia.com\/noticias\/wp-content\/uploads\/2025\/07\/WhatsApp-Image-2025-07-03-at-3.18.53-PM-1536x1024.jpeg 1536w, https:\/\/alminutonoticia.com\/noticias\/wp-content\/uploads\/2025\/07\/WhatsApp-Image-2025-07-03-at-3.18.53-PM-2048x1365.jpeg 2048w\" sizes=\"(max-width: 1024px) 100vw, 1024px\" \/><\/a><\/figure>\n\n\n\n<p>Carlos Espinosa Pe\u00f1a, director nacional forestal de MiAMBIENTE, se\u00f1al\u00f3 que hace 15 a\u00f1os los \u00edndices de ilegalidad forestal alcanzaban hasta un 67 %. Esto motiv\u00f3 mejoras en la trazabilidad y el inicio de una iniciativa de gobernanza municipal, que hoy avanza con un nuevo m\u00f3dulo de planificaci\u00f3n impulsado por la Asociaci\u00f3n Nacional de Reforestadores y Afines de Panam\u00e1 (ANARAP), la Organizaci\u00f3n de las Naciones Unidas para la Alimentaci\u00f3n y la Agricultura (FAO) y otras agencias.<\/p>\n\n\n\n<p>Durante el acto protocolar del cierre del proyecto, el ministro Navarro tambi\u00e9n hizo entrega de cinco antenas de internet satelital, nueve tabletas y 28 equipos de impresi\u00f3n, que ser\u00e1n distribuidos en las distintas agencias del Ministerio a nivel nacional para fortalecer la operaci\u00f3n del sistema de trazabilidad en campo y mejorar la capacidad de respuesta institucional.<\/p>\n\n\n\n<p><\/p>\n","protected":false},"excerpt":{"rendered":"<p>El Ministerio de Ambiente (MiAMBIENTE) realiz\u00f3 el cierre del Proyecto de Fortalecimiento del Control Forestal y Ampliaci\u00f3n de la Cobertura del Sistema de Trazabilidad y Control Forestal, una de las iniciativas m\u00e1s destacadas de los \u00faltimos a\u00f1os en materia de gobernanza forestal en Panam\u00e1. Estrategia ejecutada con el apoyo t\u00e9cnico y financiero de la Organizaci\u00f3n [&hellip;]<\/p>\n","protected":false},"author":3,"featured_media":15626,"comment_status":"open","ping_status":"open","sticky":false,"template":"","format":"standard","meta":{"footnotes":""},"categories":[36,42],"tags":[],"class_list":["post-15624","post","type-post","status-publish","format-standard","has-post-thumbnail","hentry","category-nacionales","category-ambiente"],"_links":{"self":[{"href":"https:\/\/alminutonoticia.com\/noticias\/wp-json\/wp\/v2\/posts\/15624","targetHints":{"allow":["GET"]}}],"collection":[{"href":"https:\/\/alminutonoticia.com\/noticias\/wp-json\/wp\/v2\/posts"}],"about":[{"href":"https:\/\/alminutonoticia.com\/noticias\/wp-json\/wp\/v2\/types\/post"}],"author":[{"embeddable":true,"href":"https:\/\/alminutonoticia.com\/noticias\/wp-json\/wp\/v2\/users\/3"}],"replies":[{"embeddable":true,"href":"https:\/\/alminutonoticia.com\/noticias\/wp-json\/wp\/v2\/comments?post=15624"}],"version-history":[{"count":2,"href":"https:\/\/alminutonoticia.com\/noticias\/wp-json\/wp\/v2\/posts\/15624\/revisions"}],"predecessor-version":[{"id":15629,"href":"https:\/\/alminutonoticia.com\/noticias\/wp-json\/wp\/v2\/posts\/15624\/revisions\/15629"}],"wp:featuredmedia":[{"embeddable":true,"href":"https:\/\/alminutonoticia.com\/noticias\/wp-json\/wp\/v2\/media\/15626"}],"wp:attachment":[{"href":"https:\/\/alminutonoticia.com\/noticias\/wp-json\/wp\/v2\/media?parent=15624"}],"wp:term":[{"taxonomy":"category","embeddable":true,"href":"https:\/\/alminutonoticia.com\/noticias\/wp-json\/wp\/v2\/categories?post=15624"},{"taxonomy":"post_tag","embeddable":true,"href":"https:\/\/alminutonoticia.com\/noticias\/wp-json\/wp\/v2\/tags?post=15624"}],"curies":[{"name":"wp","href":"https:\/\/api.w.org\/{rel}","templated":true}]}}