{"id":15608,"date":"2025-07-03T20:14:50","date_gmt":"2025-07-03T20:14:50","guid":{"rendered":"https:\/\/alminutonoticia.com\/noticias\/?p=15608"},"modified":"2025-07-03T20:17:35","modified_gmt":"2025-07-03T20:17:35","slug":"preparan-a-jovenes-para-las-elecciones-del-2029","status":"publish","type":"post","link":"https:\/\/alminutonoticia.com\/noticias\/preparan-a-jovenes-para-las-elecciones-del-2029\/","title":{"rendered":"Preparan a j\u00f3venes para las elecciones del 2029"},"content":{"rendered":"\n<p>Con la captaci\u00f3n de 114 j\u00f3venes, en una sola jornada en el sector este, el programa Ciudadan\u00eda Joven del Tribunal Electoral (TE) contin\u00faa la educaci\u00f3n c\u00edvica de adolescentes que se preparan para ejercer su derecho al voto por primera vez.<\/p>\n\n\n\n<p>Durante la actividad, organizada por la Direcci\u00f3n Regional de Panam\u00e1 Este en el centro comercial Megamall, se suministr\u00f3 informaci\u00f3n actualizada sobre los derechos, deberes y el papel de la juventud en la vida democr\u00e1tica del pa\u00eds.<\/p>\n\n\n\n<p>El objetivo es crear conciencia sobre la importancia del sufragio y la participaci\u00f3n de la juventud en los procesos c\u00edvicos, de manera informada y comprometida.<\/p>\n\n\n\n<figure class=\"wp-block-image size-large\"><a href=\"https:\/\/alminutonoticia.com\/noticias\/wp-content\/uploads\/2025\/07\/CJ-EN-HERRERA.jpg\"><img fetchpriority=\"high\" decoding=\"async\" width=\"1024\" height=\"478\" src=\"https:\/\/alminutonoticia.com\/noticias\/wp-content\/uploads\/2025\/07\/CJ-EN-HERRERA-1024x478.jpg\" alt=\"\" class=\"wp-image-15609\" title=\"\" srcset=\"https:\/\/alminutonoticia.com\/noticias\/wp-content\/uploads\/2025\/07\/CJ-EN-HERRERA-1024x478.jpg 1024w, https:\/\/alminutonoticia.com\/noticias\/wp-content\/uploads\/2025\/07\/CJ-EN-HERRERA-300x140.jpg 300w, https:\/\/alminutonoticia.com\/noticias\/wp-content\/uploads\/2025\/07\/CJ-EN-HERRERA-768x359.jpg 768w, https:\/\/alminutonoticia.com\/noticias\/wp-content\/uploads\/2025\/07\/CJ-EN-HERRERA-1536x717.jpg 1536w, https:\/\/alminutonoticia.com\/noticias\/wp-content\/uploads\/2025\/07\/CJ-EN-HERRERA.jpg 1600w\" sizes=\"(max-width: 1024px) 100vw, 1024px\" \/><\/a><\/figure>\n\n\n\n<p>Colaboradores de la provincia de Herrera replicaron esta experiencia en el Parque Uni\u00f3n de Chitr\u00e9, mediante un volanteo que cont\u00f3 con la participaci\u00f3n de miembros de cooperativas juveniles y de l\u00edderes comunitarios.<\/p>\n\n\n\n<p>Ciudadan\u00eda Joven forma parte del compromiso institucional de construir en todo el territorio nacional una cultura c\u00edvica desde la juventud, con la promoci\u00f3n de los valores democr\u00e1ticos.<\/p>\n\n\n\n<figure class=\"wp-block-image size-full\"><a href=\"https:\/\/alminutonoticia.com\/noticias\/wp-content\/uploads\/2025\/07\/CJ-MEGAMALL-1.jpg\"><img decoding=\"async\" width=\"459\" height=\"519\" src=\"https:\/\/alminutonoticia.com\/noticias\/wp-content\/uploads\/2025\/07\/CJ-MEGAMALL-1.jpg\" alt=\"\" class=\"wp-image-15610\" title=\"\" srcset=\"https:\/\/alminutonoticia.com\/noticias\/wp-content\/uploads\/2025\/07\/CJ-MEGAMALL-1.jpg 459w, https:\/\/alminutonoticia.com\/noticias\/wp-content\/uploads\/2025\/07\/CJ-MEGAMALL-1-265x300.jpg 265w\" sizes=\"(max-width: 459px) 100vw, 459px\" \/><\/a><\/figure>\n","protected":false},"excerpt":{"rendered":"<p>Con la captaci\u00f3n de 114 j\u00f3venes, en una sola jornada en el sector este, el programa Ciudadan\u00eda Joven del Tribunal Electoral (TE) contin\u00faa la educaci\u00f3n c\u00edvica de adolescentes que se preparan para ejercer su derecho al voto por primera vez. Durante la actividad, organizada por la Direcci\u00f3n Regional de Panam\u00e1 Este en el centro comercial [&hellip;]<\/p>\n","protected":false},"author":3,"featured_media":15609,"comment_status":"open","ping_status":"open","sticky":false,"template":"","format":"standard","meta":{"footnotes":""},"categories":[36,37],"tags":[],"class_list":["post-15608","post","type-post","status-publish","format-standard","has-post-thumbnail","hentry","category-nacionales","category-politica"],"_links":{"self":[{"href":"https:\/\/alminutonoticia.com\/noticias\/wp-json\/wp\/v2\/posts\/15608","targetHints":{"allow":["GET"]}}],"collection":[{"href":"https:\/\/alminutonoticia.com\/noticias\/wp-json\/wp\/v2\/posts"}],"about":[{"href":"https:\/\/alminutonoticia.com\/noticias\/wp-json\/wp\/v2\/types\/post"}],"author":[{"embeddable":true,"href":"https:\/\/alminutonoticia.com\/noticias\/wp-json\/wp\/v2\/users\/3"}],"replies":[{"embeddable":true,"href":"https:\/\/alminutonoticia.com\/noticias\/wp-json\/wp\/v2\/comments?post=15608"}],"version-history":[{"count":1,"href":"https:\/\/alminutonoticia.com\/noticias\/wp-json\/wp\/v2\/posts\/15608\/revisions"}],"predecessor-version":[{"id":15611,"href":"https:\/\/alminutonoticia.com\/noticias\/wp-json\/wp\/v2\/posts\/15608\/revisions\/15611"}],"wp:featuredmedia":[{"embeddable":true,"href":"https:\/\/alminutonoticia.com\/noticias\/wp-json\/wp\/v2\/media\/15609"}],"wp:attachment":[{"href":"https:\/\/alminutonoticia.com\/noticias\/wp-json\/wp\/v2\/media?parent=15608"}],"wp:term":[{"taxonomy":"category","embeddable":true,"href":"https:\/\/alminutonoticia.com\/noticias\/wp-json\/wp\/v2\/categories?post=15608"},{"taxonomy":"post_tag","embeddable":true,"href":"https:\/\/alminutonoticia.com\/noticias\/wp-json\/wp\/v2\/tags?post=15608"}],"curies":[{"name":"wp","href":"https:\/\/api.w.org\/{rel}","templated":true}]}}