{"id":1556,"date":"2023-03-06T10:06:59","date_gmt":"2023-03-06T10:06:59","guid":{"rendered":"https:\/\/alminutonoticia.com\/noticias\/?p=1556"},"modified":"2023-03-06T10:07:00","modified_gmt":"2023-03-06T10:07:00","slug":"este-domingo-en-darien-y-chepoyanibel-y-martinelli-refuerzan-recorrido-y-piden-el-voto-para-el-cambio-es-ya","status":"publish","type":"post","link":"https:\/\/alminutonoticia.com\/noticias\/este-domingo-en-darien-y-chepoyanibel-y-martinelli-refuerzan-recorrido-y-piden-el-voto-para-el-cambio-es-ya\/","title":{"rendered":"Este domingo en Darien y Chepo\u2026<br>Yanibel y Martinelli refuerzan recorrido y piden el voto para \u201cEl Cambio es Ya\u201d"},"content":{"rendered":"\n<p>Este domingo continu\u00f3 el recorrido de la maquinaria de \u201cEl Cambio es Ya\u201d liderada por Yanibel Abrego en Dari\u00e9n, provincia que denominaron con Ricardo Martinelli \u201cLa Tierra Prometida\u201d, donde participaron representantes, convencionales y los candidatos a las secretar\u00edas de la Mujer y de la Juventud Nadine Gonz\u00e1lez y Derick Echeverria.<\/p>\n\n\n\n<p>Ricardo Martinelli, quien respalda a Yanibel Abrego a la presidencia de la Junta Directiva de Cambio Democr\u00e1tico sostuvo que con ella aspira a que este partido vaya en alianza con Realizando Metas en el 2024 y coincidi\u00f3 con Abrego en que llega a Dari\u00e9n con alegr\u00eda y tristeza al ver c\u00f3mo se encuentra olvidada la provincia productiva de Dari\u00e9n.<\/p>\n\n\n\n<p>Martinelli asegur\u00f3 que conoci\u00f3 Darien cuando fue presidente y no hab\u00edan carreteras, hospitales ni los m\u00e1s de 9,000 migrantes qu\u00e9 hay hoy d\u00eda, dijo que vendr\u00e1 nuevamente a Dari\u00e9n a darle oportunidades a esta regi\u00f3n y a los darienitas que no se la han dado los \u00faltimos gobiernos y afirm\u00f3 estar \u201ccabriado\u201d por que no hacen nada por la provincia.<\/p>\n\n\n\n<p>Yanibel Abrego, por su parte, tambi\u00e9n pidi\u00f3 el voto para los candidatos de El Cambio es Ya, agradeci\u00f3 el acompa\u00f1amiento a Ricardo Martinelli y sostuvo que con \u00e9l, como el candidato que marca n\u00famero uno en las encuestas, llegar\u00e1n a puerto seguro: \u201cya demostr\u00f3 el buen gobierno que hizo y lo volver\u00e1 a hacer. Fue un presidente exitoso.<\/p>\n\n\n\n<p>El ex presidente pidi\u00f3 tambi\u00e9n el voto para los precandidatos Nadine, Dereck y para los convencionales por que con ellos \u201cempezaremos el cambio en CD el pr\u00f3ximo domingo 19 de marzo\u201d<\/p>\n\n\n\n<p>Nadine Gonz\u00e1lez ret\u00f3 a la actual Secretaria de Mujer , quien aspira a reelegirse, a un debate p\u00fablico \u201cpara que explique el por qu\u00e9 no ha trabajado en beneficio de la mujer del partido y por qu\u00e9 permiti\u00f3 que para la secretaria de la Juventud se postular\u00e1n dos hombres, limitando la participaci\u00f3n de la mujer y no garantizando la equidad de g\u00e9nero\u201d.<br>Derick Echeverria como candidato a la juventud dijo que los j\u00f3venes tendr\u00e1n mayores oportunidades y participaci\u00f3n y solicit\u00f3 a Ricardo Martinelli incorporar las becas universitarias.<\/p>\n\n\n\n<figure class=\"wp-block-image size-full\"><a href=\"https:\/\/alminutonoticia.com\/noticias\/wp-content\/uploads\/2023\/03\/WhatsApp-Image-2023-03-05-at-1.37.37-PM.jpeg\"><img fetchpriority=\"high\" decoding=\"async\" width=\"1024\" height=\"683\" src=\"https:\/\/alminutonoticia.com\/noticias\/wp-content\/uploads\/2023\/03\/WhatsApp-Image-2023-03-05-at-1.37.37-PM.jpeg\" alt=\"\" class=\"wp-image-1557\" title=\"\" srcset=\"https:\/\/alminutonoticia.com\/noticias\/wp-content\/uploads\/2023\/03\/WhatsApp-Image-2023-03-05-at-1.37.37-PM.jpeg 1024w, https:\/\/alminutonoticia.com\/noticias\/wp-content\/uploads\/2023\/03\/WhatsApp-Image-2023-03-05-at-1.37.37-PM-300x200.jpeg 300w, https:\/\/alminutonoticia.com\/noticias\/wp-content\/uploads\/2023\/03\/WhatsApp-Image-2023-03-05-at-1.37.37-PM-768x512.jpeg 768w\" sizes=\"(max-width: 1024px) 100vw, 1024px\" \/><\/a><\/figure>\n","protected":false},"excerpt":{"rendered":"<p>Este domingo continu\u00f3 el recorrido de la maquinaria de \u201cEl Cambio es Ya\u201d liderada por Yanibel Abrego en Dari\u00e9n, provincia que denominaron con Ricardo Martinelli \u201cLa Tierra Prometida\u201d, donde participaron representantes, convencionales y los candidatos a las secretar\u00edas de la Mujer y de la Juventud Nadine Gonz\u00e1lez y Derick Echeverria. Ricardo Martinelli, quien respalda a [&hellip;]<\/p>\n","protected":false},"author":3,"featured_media":1557,"comment_status":"open","ping_status":"open","sticky":false,"template":"","format":"standard","meta":{"footnotes":""},"categories":[36,37],"tags":[],"class_list":["post-1556","post","type-post","status-publish","format-standard","has-post-thumbnail","hentry","category-nacionales","category-politica"],"_links":{"self":[{"href":"https:\/\/alminutonoticia.com\/noticias\/wp-json\/wp\/v2\/posts\/1556","targetHints":{"allow":["GET"]}}],"collection":[{"href":"https:\/\/alminutonoticia.com\/noticias\/wp-json\/wp\/v2\/posts"}],"about":[{"href":"https:\/\/alminutonoticia.com\/noticias\/wp-json\/wp\/v2\/types\/post"}],"author":[{"embeddable":true,"href":"https:\/\/alminutonoticia.com\/noticias\/wp-json\/wp\/v2\/users\/3"}],"replies":[{"embeddable":true,"href":"https:\/\/alminutonoticia.com\/noticias\/wp-json\/wp\/v2\/comments?post=1556"}],"version-history":[{"count":1,"href":"https:\/\/alminutonoticia.com\/noticias\/wp-json\/wp\/v2\/posts\/1556\/revisions"}],"predecessor-version":[{"id":1558,"href":"https:\/\/alminutonoticia.com\/noticias\/wp-json\/wp\/v2\/posts\/1556\/revisions\/1558"}],"wp:featuredmedia":[{"embeddable":true,"href":"https:\/\/alminutonoticia.com\/noticias\/wp-json\/wp\/v2\/media\/1557"}],"wp:attachment":[{"href":"https:\/\/alminutonoticia.com\/noticias\/wp-json\/wp\/v2\/media?parent=1556"}],"wp:term":[{"taxonomy":"category","embeddable":true,"href":"https:\/\/alminutonoticia.com\/noticias\/wp-json\/wp\/v2\/categories?post=1556"},{"taxonomy":"post_tag","embeddable":true,"href":"https:\/\/alminutonoticia.com\/noticias\/wp-json\/wp\/v2\/tags?post=1556"}],"curies":[{"name":"wp","href":"https:\/\/api.w.org\/{rel}","templated":true}]}}