{"id":15489,"date":"2025-06-30T22:49:10","date_gmt":"2025-06-30T22:49:10","guid":{"rendered":"https:\/\/alminutonoticia.com\/noticias\/?p=15489"},"modified":"2025-06-30T22:51:54","modified_gmt":"2025-06-30T22:51:54","slug":"inadeh-habilita-mas-de-2600-cursos-gratuitos-para-impulsar-el-talento-panameno-en-su-tercer-periodo-formativo-2025","status":"publish","type":"post","link":"https:\/\/alminutonoticia.com\/noticias\/inadeh-habilita-mas-de-2600-cursos-gratuitos-para-impulsar-el-talento-panameno-en-su-tercer-periodo-formativo-2025\/","title":{"rendered":"INADEH habilita m\u00e1s de 2,600 cursos gratuitos para impulsar el talento paname\u00f1o en su tercer periodo formativo 2025"},"content":{"rendered":"\n<p>El Instituto Nacional de Formaci\u00f3n Profesional y Capacitaci\u00f3n para el Desarrollo Humano (INADEH) anuncia el inicio del proceso de preinscripci\u00f3n a partir de hoy, lunes 30 de junio para su tercer periodo formativo 2025, ofreciendo m\u00e1s de 2,600 cursos y programas gratuitos en todo el pa\u00eds. Las clases inician el 7 de julio en diversas \u00e1reas t\u00e9cnicas, profesionales y de desarrollo humano.<\/p>\n\n\n\n<p>Este nuevo periodo contar\u00e1 con formaci\u00f3n en cuatro modalidades: Presencial en centros fijos, virtual, acciones m\u00f3viles y la nueva modalidad Self-Study, que permite al participante avanzar a su propio ritmo desde cualquier lugar.<\/p>\n\n\n\n<p>Los cursos estar\u00e1n disponibles en los 25 centros de formaci\u00f3n del INADEH a nivel nacional, beneficiando a j\u00f3venes y adultos que buscan adquirir un oficio, actualizar sus competencias o mejorar su perfil para el empleo o el emprendimiento.<\/p>\n\n\n\n<figure class=\"wp-block-image size-large\"><a href=\"https:\/\/alminutonoticia.com\/noticias\/wp-content\/uploads\/2025\/06\/WhatsApp-Image-2025-06-30-at-2.56.12-PM-2.jpeg\"><img fetchpriority=\"high\" decoding=\"async\" width=\"1024\" height=\"682\" src=\"https:\/\/alminutonoticia.com\/noticias\/wp-content\/uploads\/2025\/06\/WhatsApp-Image-2025-06-30-at-2.56.12-PM-2-1024x682.jpeg\" alt=\"\" class=\"wp-image-15490\" title=\"\" srcset=\"https:\/\/alminutonoticia.com\/noticias\/wp-content\/uploads\/2025\/06\/WhatsApp-Image-2025-06-30-at-2.56.12-PM-2-1024x682.jpeg 1024w, https:\/\/alminutonoticia.com\/noticias\/wp-content\/uploads\/2025\/06\/WhatsApp-Image-2025-06-30-at-2.56.12-PM-2-300x200.jpeg 300w, https:\/\/alminutonoticia.com\/noticias\/wp-content\/uploads\/2025\/06\/WhatsApp-Image-2025-06-30-at-2.56.12-PM-2-768x512.jpeg 768w, https:\/\/alminutonoticia.com\/noticias\/wp-content\/uploads\/2025\/06\/WhatsApp-Image-2025-06-30-at-2.56.12-PM-2-1536x1023.jpeg 1536w, https:\/\/alminutonoticia.com\/noticias\/wp-content\/uploads\/2025\/06\/WhatsApp-Image-2025-06-30-at-2.56.12-PM-2.jpeg 1600w\" sizes=\"(max-width: 1024px) 100vw, 1024px\" \/><\/a><\/figure>\n\n\n\n<p>Los requisitos generales para preinscribirse son:<\/p>\n\n\n\n<ul class=\"wp-block-list\">\n<li>Tener 18 a\u00f1os cumplidos.<\/li>\n\n\n\n<li>Ser de nacionalidad paname\u00f1a o extranjero con c\u00e9dula E o N.<\/li>\n\n\n\n<li>Los menores de 16 y 17 a\u00f1os pueden participar presentando un permiso expedido por la Direcci\u00f3n Contra el Trabajo Infantil y Protecci\u00f3n del Adolescente Trabajador del MITRADEL.<\/li>\n<\/ul>\n\n\n\n<p>Para conocer la oferta completa y preinscribirse, los interesados pueden ingresar a la Plataforma de Preinscripci\u00f3n Digital, disponible desde el enlace en la biograf\u00eda de Instagram @inadehoficial, seleccionando el bot\u00f3n de preinscripci\u00f3n o accediendo directamente a www.inadeh.edu.pa. Tambi\u00e9n pueden hacerlo presencialmente en cualquier centro, llamando al 538-2300, o escribiendo al asistente virtual TOMI v\u00eda WhatsApp al 6379-1469.<\/p>\n\n\n\n<p>Con esta nueva oferta formativa, INADEH contin\u00faa su misi\u00f3n de transformar vidas y fortalecer el talento humano que impulsa el desarrollo del pa\u00eds.<\/p>\n\n\n\n<figure class=\"wp-block-image size-large\"><a href=\"https:\/\/alminutonoticia.com\/noticias\/wp-content\/uploads\/2025\/06\/WhatsApp-Image-2025-06-30-at-2.56.12-PM.jpeg\"><img decoding=\"async\" width=\"1024\" height=\"682\" src=\"https:\/\/alminutonoticia.com\/noticias\/wp-content\/uploads\/2025\/06\/WhatsApp-Image-2025-06-30-at-2.56.12-PM-1024x682.jpeg\" alt=\"\" class=\"wp-image-15491\" title=\"\" srcset=\"https:\/\/alminutonoticia.com\/noticias\/wp-content\/uploads\/2025\/06\/WhatsApp-Image-2025-06-30-at-2.56.12-PM-1024x682.jpeg 1024w, https:\/\/alminutonoticia.com\/noticias\/wp-content\/uploads\/2025\/06\/WhatsApp-Image-2025-06-30-at-2.56.12-PM-300x200.jpeg 300w, https:\/\/alminutonoticia.com\/noticias\/wp-content\/uploads\/2025\/06\/WhatsApp-Image-2025-06-30-at-2.56.12-PM-768x512.jpeg 768w, https:\/\/alminutonoticia.com\/noticias\/wp-content\/uploads\/2025\/06\/WhatsApp-Image-2025-06-30-at-2.56.12-PM.jpeg 1280w\" sizes=\"(max-width: 1024px) 100vw, 1024px\" \/><\/a><\/figure>\n","protected":false},"excerpt":{"rendered":"<p>El Instituto Nacional de Formaci\u00f3n Profesional y Capacitaci\u00f3n para el Desarrollo Humano (INADEH) anuncia el inicio del proceso de preinscripci\u00f3n a partir de hoy, lunes 30 de junio para su tercer periodo formativo 2025, ofreciendo m\u00e1s de 2,600 cursos y programas gratuitos en todo el pa\u00eds. Las clases inician el 7 de julio en diversas [&hellip;]<\/p>\n","protected":false},"author":3,"featured_media":15491,"comment_status":"open","ping_status":"open","sticky":false,"template":"","format":"standard","meta":{"footnotes":""},"categories":[36],"tags":[],"class_list":["post-15489","post","type-post","status-publish","format-standard","has-post-thumbnail","hentry","category-nacionales"],"_links":{"self":[{"href":"https:\/\/alminutonoticia.com\/noticias\/wp-json\/wp\/v2\/posts\/15489","targetHints":{"allow":["GET"]}}],"collection":[{"href":"https:\/\/alminutonoticia.com\/noticias\/wp-json\/wp\/v2\/posts"}],"about":[{"href":"https:\/\/alminutonoticia.com\/noticias\/wp-json\/wp\/v2\/types\/post"}],"author":[{"embeddable":true,"href":"https:\/\/alminutonoticia.com\/noticias\/wp-json\/wp\/v2\/users\/3"}],"replies":[{"embeddable":true,"href":"https:\/\/alminutonoticia.com\/noticias\/wp-json\/wp\/v2\/comments?post=15489"}],"version-history":[{"count":1,"href":"https:\/\/alminutonoticia.com\/noticias\/wp-json\/wp\/v2\/posts\/15489\/revisions"}],"predecessor-version":[{"id":15492,"href":"https:\/\/alminutonoticia.com\/noticias\/wp-json\/wp\/v2\/posts\/15489\/revisions\/15492"}],"wp:featuredmedia":[{"embeddable":true,"href":"https:\/\/alminutonoticia.com\/noticias\/wp-json\/wp\/v2\/media\/15491"}],"wp:attachment":[{"href":"https:\/\/alminutonoticia.com\/noticias\/wp-json\/wp\/v2\/media?parent=15489"}],"wp:term":[{"taxonomy":"category","embeddable":true,"href":"https:\/\/alminutonoticia.com\/noticias\/wp-json\/wp\/v2\/categories?post=15489"},{"taxonomy":"post_tag","embeddable":true,"href":"https:\/\/alminutonoticia.com\/noticias\/wp-json\/wp\/v2\/tags?post=15489"}],"curies":[{"name":"wp","href":"https:\/\/api.w.org\/{rel}","templated":true}]}}