{"id":15484,"date":"2025-06-30T22:46:30","date_gmt":"2025-06-30T22:46:30","guid":{"rendered":"https:\/\/alminutonoticia.com\/noticias\/?p=15484"},"modified":"2025-06-30T22:46:33","modified_gmt":"2025-06-30T22:46:33","slug":"panama-es-sede-de-reunion-sobre-biodiversidad-marina-en-el-gran-caribe","status":"publish","type":"post","link":"https:\/\/alminutonoticia.com\/noticias\/panama-es-sede-de-reunion-sobre-biodiversidad-marina-en-el-gran-caribe\/","title":{"rendered":"Panam\u00e1 es sede de reuni\u00f3n sobre biodiversidad marina en el Gran Caribe"},"content":{"rendered":"\n<p>Durante cuatro d\u00edas, Panam\u00e1 recibe a representantes de gobiernos, expertos y organizaciones regionales en la Und\u00e9cima Reuni\u00f3n del Comit\u00e9 Asesor Cient\u00edfico y T\u00e9cnico del Protocolo SPAW. Este encuentro servir\u00e1 para conversar sobre la protecci\u00f3n del mar y las especies que habitan en \u00e9l.<\/p>\n\n\n\n<p><br>Cerca de 50 participantes, entre representantes nacionales y de pa\u00edses del Caribe, se re\u00fanen en Panam\u00e1, que obtiene la presidencia del encuentro por ser pa\u00eds sede, para revisar el estado de los proyectos desarrollados en los \u00faltimos dos a\u00f1os, proponer nuevas \u00e1reas y especies para incluir en la lista de protecci\u00f3n, y trabajar en un nuevo plan de acci\u00f3n para el per\u00edodo 2026-2027. Adem\u00e1s, se evaluar\u00e1 el trabajo realizado frente a la llegada del sargazo y se presentar\u00e1n los resultados de proyectos ejecutados en la regi\u00f3n.<\/p>\n\n\n\n<div class=\"wp-block-columns is-layout-flex wp-container-core-columns-is-layout-28f84493 wp-block-columns-is-layout-flex\">\n<div class=\"wp-block-column is-layout-flow wp-block-column-is-layout-flow\">\n<figure class=\"wp-block-image size-large\"><a href=\"https:\/\/alminutonoticia.com\/noticias\/wp-content\/uploads\/2025\/06\/WhatsApp-Image-2025-06-30-at-4.28.07-PM-2.jpeg\"><img fetchpriority=\"high\" decoding=\"async\" width=\"1024\" height=\"682\" src=\"https:\/\/alminutonoticia.com\/noticias\/wp-content\/uploads\/2025\/06\/WhatsApp-Image-2025-06-30-at-4.28.07-PM-2-1024x682.jpeg\" alt=\"\" class=\"wp-image-15485\" title=\"\" srcset=\"https:\/\/alminutonoticia.com\/noticias\/wp-content\/uploads\/2025\/06\/WhatsApp-Image-2025-06-30-at-4.28.07-PM-2-1024x682.jpeg 1024w, https:\/\/alminutonoticia.com\/noticias\/wp-content\/uploads\/2025\/06\/WhatsApp-Image-2025-06-30-at-4.28.07-PM-2-300x200.jpeg 300w, https:\/\/alminutonoticia.com\/noticias\/wp-content\/uploads\/2025\/06\/WhatsApp-Image-2025-06-30-at-4.28.07-PM-2-768x512.jpeg 768w, https:\/\/alminutonoticia.com\/noticias\/wp-content\/uploads\/2025\/06\/WhatsApp-Image-2025-06-30-at-4.28.07-PM-2-1536x1023.jpeg 1536w, https:\/\/alminutonoticia.com\/noticias\/wp-content\/uploads\/2025\/06\/WhatsApp-Image-2025-06-30-at-4.28.07-PM-2.jpeg 1600w\" sizes=\"(max-width: 1024px) 100vw, 1024px\" \/><\/a><\/figure>\n<\/div>\n\n\n\n<div class=\"wp-block-column is-layout-flow wp-block-column-is-layout-flow\">\n<figure class=\"wp-block-image size-large\"><a href=\"https:\/\/alminutonoticia.com\/noticias\/wp-content\/uploads\/2025\/06\/WhatsApp-Image-2025-06-30-at-4.28.07-PM-3.jpeg\"><img decoding=\"async\" width=\"1024\" height=\"682\" src=\"https:\/\/alminutonoticia.com\/noticias\/wp-content\/uploads\/2025\/06\/WhatsApp-Image-2025-06-30-at-4.28.07-PM-3-1024x682.jpeg\" alt=\"\" class=\"wp-image-15486\" title=\"\" srcset=\"https:\/\/alminutonoticia.com\/noticias\/wp-content\/uploads\/2025\/06\/WhatsApp-Image-2025-06-30-at-4.28.07-PM-3-1024x682.jpeg 1024w, https:\/\/alminutonoticia.com\/noticias\/wp-content\/uploads\/2025\/06\/WhatsApp-Image-2025-06-30-at-4.28.07-PM-3-300x200.jpeg 300w, https:\/\/alminutonoticia.com\/noticias\/wp-content\/uploads\/2025\/06\/WhatsApp-Image-2025-06-30-at-4.28.07-PM-3-768x512.jpeg 768w, https:\/\/alminutonoticia.com\/noticias\/wp-content\/uploads\/2025\/06\/WhatsApp-Image-2025-06-30-at-4.28.07-PM-3-1536x1023.jpeg 1536w, https:\/\/alminutonoticia.com\/noticias\/wp-content\/uploads\/2025\/06\/WhatsApp-Image-2025-06-30-at-4.28.07-PM-3.jpeg 1600w\" sizes=\"(max-width: 1024px) 100vw, 1024px\" \/><\/a><\/figure>\n<\/div>\n<\/div>\n\n\n\n<p>Oscar Vallarino, viceministro de Ambiente, expres\u00f3 que cree firmemente en que Panam\u00e1 ejerce una gobernanza marina justa, basada en evidencia, y en la necesidad de garantizar que nuestras acciones nacionales y regionales est\u00e9n alineadas con los compromisos multilaterales asumidos. \u00abEl oc\u00e9ano no espera. Sus cambios son visibles y sus s\u00edntomas, cada vez m\u00e1s graves. Pero tambi\u00e9n est\u00e1 en nuestras manos revertir esa tendencia. La ciencia nos muestra que la restauraci\u00f3n es posible, que los ecosistemas pueden recuperarse si actuamos con urgencia y coherencia\u00bb, ahond\u00f3.<\/p>\n\n\n\n<p>Por su parte, Christopher Corbin, coordinador de la Secretaria del Convenio de Cartagena, Programa Ambiental del Caribe (CEP), afirm\u00f3 que esta reuni\u00f3n representa una valiosa oportunidad para avanzar en varias \u00e1reas prioritarias: finalizar las directrices operativas del Plan Regional de Acci\u00f3n sobre Biodiversidad, revisar la propuesta de la red regional de actividades sobre mam\u00edferos marinos y fortalecer el mecanismo de cumplimiento del Protocolo SPAW.<\/p>\n\n\n\n<figure class=\"wp-block-image size-large\"><a href=\"https:\/\/alminutonoticia.com\/noticias\/wp-content\/uploads\/2025\/06\/WhatsApp-Image-2025-06-30-at-4.28.09-PM.jpeg\"><img decoding=\"async\" width=\"1024\" height=\"682\" src=\"https:\/\/alminutonoticia.com\/noticias\/wp-content\/uploads\/2025\/06\/WhatsApp-Image-2025-06-30-at-4.28.09-PM-1024x682.jpeg\" alt=\"\" class=\"wp-image-15487\" title=\"\" srcset=\"https:\/\/alminutonoticia.com\/noticias\/wp-content\/uploads\/2025\/06\/WhatsApp-Image-2025-06-30-at-4.28.09-PM-1024x682.jpeg 1024w, https:\/\/alminutonoticia.com\/noticias\/wp-content\/uploads\/2025\/06\/WhatsApp-Image-2025-06-30-at-4.28.09-PM-300x200.jpeg 300w, https:\/\/alminutonoticia.com\/noticias\/wp-content\/uploads\/2025\/06\/WhatsApp-Image-2025-06-30-at-4.28.09-PM-768x512.jpeg 768w, https:\/\/alminutonoticia.com\/noticias\/wp-content\/uploads\/2025\/06\/WhatsApp-Image-2025-06-30-at-4.28.09-PM-1536x1023.jpeg 1536w, https:\/\/alminutonoticia.com\/noticias\/wp-content\/uploads\/2025\/06\/WhatsApp-Image-2025-06-30-at-4.28.09-PM.jpeg 1600w\" sizes=\"(max-width: 1024px) 100vw, 1024px\" \/><\/a><\/figure>\n\n\n\n<p><br>A fin de mejorar la coordinaci\u00f3n entre las naciones y facilitar el trabajo conjunto ante los retos ambientales que enfrenta el Caribe, al culminar este encuentro se espera que los pa\u00edses participantes elaboren una serie de recomendaciones cient\u00edficas que ayuden a tomar decisiones en la pr\u00f3xima Conferencia de las Partes del Convenio de Cartagena.<\/p>\n\n\n\n<p>Panam\u00e1 tendr\u00e1 una participaci\u00f3n especial como pa\u00eds anfitri\u00f3n. Adem\u00e1s de brindar el espacio para este encuentro internacional, compartir\u00e1 sus experiencias en temas marinos, especialmente despu\u00e9s de su reciente participaci\u00f3n en la Tercera Conferencia de Naciones Unidas sobre los Oc\u00e9anos, realizada en Niza.<\/p>\n","protected":false},"excerpt":{"rendered":"<p>Durante cuatro d\u00edas, Panam\u00e1 recibe a representantes de gobiernos, expertos y organizaciones regionales en la Und\u00e9cima Reuni\u00f3n del Comit\u00e9 Asesor Cient\u00edfico y T\u00e9cnico del Protocolo SPAW. Este encuentro servir\u00e1 para conversar sobre la protecci\u00f3n del mar y las especies que habitan en \u00e9l. Cerca de 50 participantes, entre representantes nacionales y de pa\u00edses del Caribe, [&hellip;]<\/p>\n","protected":false},"author":3,"featured_media":15487,"comment_status":"open","ping_status":"open","sticky":false,"template":"","format":"standard","meta":{"footnotes":""},"categories":[36,45],"tags":[],"class_list":["post-15484","post","type-post","status-publish","format-standard","has-post-thumbnail","hentry","category-nacionales","category-salud"],"_links":{"self":[{"href":"https:\/\/alminutonoticia.com\/noticias\/wp-json\/wp\/v2\/posts\/15484","targetHints":{"allow":["GET"]}}],"collection":[{"href":"https:\/\/alminutonoticia.com\/noticias\/wp-json\/wp\/v2\/posts"}],"about":[{"href":"https:\/\/alminutonoticia.com\/noticias\/wp-json\/wp\/v2\/types\/post"}],"author":[{"embeddable":true,"href":"https:\/\/alminutonoticia.com\/noticias\/wp-json\/wp\/v2\/users\/3"}],"replies":[{"embeddable":true,"href":"https:\/\/alminutonoticia.com\/noticias\/wp-json\/wp\/v2\/comments?post=15484"}],"version-history":[{"count":1,"href":"https:\/\/alminutonoticia.com\/noticias\/wp-json\/wp\/v2\/posts\/15484\/revisions"}],"predecessor-version":[{"id":15488,"href":"https:\/\/alminutonoticia.com\/noticias\/wp-json\/wp\/v2\/posts\/15484\/revisions\/15488"}],"wp:featuredmedia":[{"embeddable":true,"href":"https:\/\/alminutonoticia.com\/noticias\/wp-json\/wp\/v2\/media\/15487"}],"wp:attachment":[{"href":"https:\/\/alminutonoticia.com\/noticias\/wp-json\/wp\/v2\/media?parent=15484"}],"wp:term":[{"taxonomy":"category","embeddable":true,"href":"https:\/\/alminutonoticia.com\/noticias\/wp-json\/wp\/v2\/categories?post=15484"},{"taxonomy":"post_tag","embeddable":true,"href":"https:\/\/alminutonoticia.com\/noticias\/wp-json\/wp\/v2\/tags?post=15484"}],"curies":[{"name":"wp","href":"https:\/\/api.w.org\/{rel}","templated":true}]}}