{"id":15469,"date":"2025-06-30T00:48:55","date_gmt":"2025-06-30T00:48:55","guid":{"rendered":"https:\/\/alminutonoticia.com\/noticias\/?p=15469"},"modified":"2025-06-30T00:48:57","modified_gmt":"2025-06-30T00:48:57","slug":"periodistas-participan-de-bootcamp-de-emprendimiento-con-apoyo-de-conape-y-ampyme","status":"publish","type":"post","link":"https:\/\/alminutonoticia.com\/noticias\/periodistas-participan-de-bootcamp-de-emprendimiento-con-apoyo-de-conape-y-ampyme\/","title":{"rendered":"Periodistas participan de bootcamp de emprendimiento con apoyo de CONAPE y AMPYME"},"content":{"rendered":"\n<p>Durante dos d\u00edas se llev\u00f3 a cabo el\u00a0<strong>Bootcamp en Emprendimiento<\/strong>, iniciativa impulsada por el\u00a0<strong>Colegio Nacional de Periodistas de Panam\u00e1 (CONAPE)<\/strong>\u00a0y la\u00a0<strong>AMPYME<\/strong>, que busca fortalecer las capacidades de periodistas de\u00a0<strong>Panam\u00e1, Col\u00f3n, Cocl\u00e9 y Chiriqu\u00ed<\/strong>\u00a0en temas de negocios, innovaci\u00f3n y sostenibilidad.<\/p>\n\n\n\n<p>El encuentro se desarrolla en el Espacio del Emprendedor, ubicado en la Cinta Costera 2, con la participaci\u00f3n de periodistas y profesionales de la comunicaci\u00f3n interesados en transformar sus ideas en proyectos viables.<\/p>\n\n\n\n<p>Durante la primera jornada, los participantes accedieron a servicios sobre formalizaci\u00f3n empresarial y programas de apoyo gubernamental, adem\u00e1s de talleres pr\u00e1cticos sobre propuesta de valor y plan de negocios. Las capacitaciones continuaron con sesiones sobre an\u00e1lisis financiero y estrategias de marketing.<\/p>\n\n\n\n<figure class=\"wp-block-image size-large\"><a href=\"https:\/\/alminutonoticia.com\/noticias\/wp-content\/uploads\/2025\/06\/WhatsApp-Image-2025-06-29-at-7.45.52-PM-scaled.jpeg\"><img fetchpriority=\"high\" decoding=\"async\" width=\"1024\" height=\"577\" src=\"https:\/\/alminutonoticia.com\/noticias\/wp-content\/uploads\/2025\/06\/WhatsApp-Image-2025-06-29-at-7.45.52-PM-1024x577.jpeg\" alt=\"\" class=\"wp-image-15470\" title=\"\" srcset=\"https:\/\/alminutonoticia.com\/noticias\/wp-content\/uploads\/2025\/06\/WhatsApp-Image-2025-06-29-at-7.45.52-PM-1024x577.jpeg 1024w, https:\/\/alminutonoticia.com\/noticias\/wp-content\/uploads\/2025\/06\/WhatsApp-Image-2025-06-29-at-7.45.52-PM-300x169.jpeg 300w, https:\/\/alminutonoticia.com\/noticias\/wp-content\/uploads\/2025\/06\/WhatsApp-Image-2025-06-29-at-7.45.52-PM-768x432.jpeg 768w, https:\/\/alminutonoticia.com\/noticias\/wp-content\/uploads\/2025\/06\/WhatsApp-Image-2025-06-29-at-7.45.52-PM-1536x865.jpeg 1536w, https:\/\/alminutonoticia.com\/noticias\/wp-content\/uploads\/2025\/06\/WhatsApp-Image-2025-06-29-at-7.45.52-PM-2048x1153.jpeg 2048w\" sizes=\"(max-width: 1024px) 100vw, 1024px\" \/><\/a><\/figure>\n\n\n\n<p>Griselda Esther Melo, presidenta de CONAPE, expres\u00f3 a Panorama Econ\u00f3mico Panam\u00e1 que, \u201cEl bootcamp permitir\u00e1 a los comunicadores expandir su campo de acci\u00f3n e innovar con prop\u00f3sito. Esta iniciativa reafirma el compromiso de CONAPE y AMPYME con la formaci\u00f3n profesional y el emprendimiento nacional\u201d.<\/p>\n\n\n\n<p>La capacitaci\u00f3n continuar\u00e1 este s\u00e1bado 28 de junio, con sesiones dedicadas al an\u00e1lisis de ingresos y egresos, as\u00ed como al desarrollo de estrategias de marketing que permitan posicionar productos y servicios de forma efectiva.<\/p>\n\n\n\n<div class=\"wp-block-columns is-layout-flex wp-container-core-columns-is-layout-28f84493 wp-block-columns-is-layout-flex\">\n<div class=\"wp-block-column is-layout-flow wp-block-column-is-layout-flow\">\n<figure class=\"wp-block-image size-full\"><a href=\"https:\/\/alminutonoticia.com\/noticias\/wp-content\/uploads\/2025\/06\/WhatsApp-Image-2025-06-27-at-5.41.27-PM-1024x768-1.jpeg\"><img decoding=\"async\" width=\"1024\" height=\"768\" src=\"https:\/\/alminutonoticia.com\/noticias\/wp-content\/uploads\/2025\/06\/WhatsApp-Image-2025-06-27-at-5.41.27-PM-1024x768-1.jpeg\" alt=\"\" class=\"wp-image-15471\" title=\"\" srcset=\"https:\/\/alminutonoticia.com\/noticias\/wp-content\/uploads\/2025\/06\/WhatsApp-Image-2025-06-27-at-5.41.27-PM-1024x768-1.jpeg 1024w, https:\/\/alminutonoticia.com\/noticias\/wp-content\/uploads\/2025\/06\/WhatsApp-Image-2025-06-27-at-5.41.27-PM-1024x768-1-300x225.jpeg 300w, https:\/\/alminutonoticia.com\/noticias\/wp-content\/uploads\/2025\/06\/WhatsApp-Image-2025-06-27-at-5.41.27-PM-1024x768-1-768x576.jpeg 768w\" sizes=\"(max-width: 1024px) 100vw, 1024px\" \/><\/a><\/figure>\n<\/div>\n\n\n\n<div class=\"wp-block-column is-layout-flow wp-block-column-is-layout-flow\">\n<figure class=\"wp-block-image size-full\"><a href=\"https:\/\/alminutonoticia.com\/noticias\/wp-content\/uploads\/2025\/06\/WhatsApp-Image-2025-06-27-at-5.41.27-PM-1-1024x768-1.jpeg\"><img decoding=\"async\" width=\"1024\" height=\"768\" src=\"https:\/\/alminutonoticia.com\/noticias\/wp-content\/uploads\/2025\/06\/WhatsApp-Image-2025-06-27-at-5.41.27-PM-1-1024x768-1.jpeg\" alt=\"\" class=\"wp-image-15472\" title=\"\" srcset=\"https:\/\/alminutonoticia.com\/noticias\/wp-content\/uploads\/2025\/06\/WhatsApp-Image-2025-06-27-at-5.41.27-PM-1-1024x768-1.jpeg 1024w, https:\/\/alminutonoticia.com\/noticias\/wp-content\/uploads\/2025\/06\/WhatsApp-Image-2025-06-27-at-5.41.27-PM-1-1024x768-1-300x225.jpeg 300w, https:\/\/alminutonoticia.com\/noticias\/wp-content\/uploads\/2025\/06\/WhatsApp-Image-2025-06-27-at-5.41.27-PM-1-1024x768-1-768x576.jpeg 768w\" sizes=\"(max-width: 1024px) 100vw, 1024px\" \/><\/a><\/figure>\n<\/div>\n<\/div>\n\n\n\n<p>Finalizada la jornada, varios participantes expresaron a este diario digital su satisfacci\u00f3n con la iniciativa.\u00a0<em>\u201cEste bootcamp ha superado mis expectativas. Es una excelente oportunidad para que los periodistas aprendamos a desarrollar nuestras ideas con visi\u00f3n de negocio.\u00a0 Los espacios como este nos motivan a emprender con prop\u00f3sito y a explorar nuevas formas de ejercer la profesi\u00f3n con independencia econ\u00f3mica y creatividad\u201d.<\/em><\/p>\n","protected":false},"excerpt":{"rendered":"<p>Durante dos d\u00edas se llev\u00f3 a cabo el\u00a0Bootcamp en Emprendimiento, iniciativa impulsada por el\u00a0Colegio Nacional de Periodistas de Panam\u00e1 (CONAPE)\u00a0y la\u00a0AMPYME, que busca fortalecer las capacidades de periodistas de\u00a0Panam\u00e1, Col\u00f3n, Cocl\u00e9 y Chiriqu\u00ed\u00a0en temas de negocios, innovaci\u00f3n y sostenibilidad. El encuentro se desarrolla en el Espacio del Emprendedor, ubicado en la Cinta Costera 2, con [&hellip;]<\/p>\n","protected":false},"author":3,"featured_media":15470,"comment_status":"open","ping_status":"open","sticky":false,"template":"","format":"standard","meta":{"footnotes":""},"categories":[36],"tags":[],"class_list":["post-15469","post","type-post","status-publish","format-standard","has-post-thumbnail","hentry","category-nacionales"],"_links":{"self":[{"href":"https:\/\/alminutonoticia.com\/noticias\/wp-json\/wp\/v2\/posts\/15469","targetHints":{"allow":["GET"]}}],"collection":[{"href":"https:\/\/alminutonoticia.com\/noticias\/wp-json\/wp\/v2\/posts"}],"about":[{"href":"https:\/\/alminutonoticia.com\/noticias\/wp-json\/wp\/v2\/types\/post"}],"author":[{"embeddable":true,"href":"https:\/\/alminutonoticia.com\/noticias\/wp-json\/wp\/v2\/users\/3"}],"replies":[{"embeddable":true,"href":"https:\/\/alminutonoticia.com\/noticias\/wp-json\/wp\/v2\/comments?post=15469"}],"version-history":[{"count":1,"href":"https:\/\/alminutonoticia.com\/noticias\/wp-json\/wp\/v2\/posts\/15469\/revisions"}],"predecessor-version":[{"id":15473,"href":"https:\/\/alminutonoticia.com\/noticias\/wp-json\/wp\/v2\/posts\/15469\/revisions\/15473"}],"wp:featuredmedia":[{"embeddable":true,"href":"https:\/\/alminutonoticia.com\/noticias\/wp-json\/wp\/v2\/media\/15470"}],"wp:attachment":[{"href":"https:\/\/alminutonoticia.com\/noticias\/wp-json\/wp\/v2\/media?parent=15469"}],"wp:term":[{"taxonomy":"category","embeddable":true,"href":"https:\/\/alminutonoticia.com\/noticias\/wp-json\/wp\/v2\/categories?post=15469"},{"taxonomy":"post_tag","embeddable":true,"href":"https:\/\/alminutonoticia.com\/noticias\/wp-json\/wp\/v2\/tags?post=15469"}],"curies":[{"name":"wp","href":"https:\/\/api.w.org\/{rel}","templated":true}]}}