{"id":15464,"date":"2025-06-30T00:36:07","date_gmt":"2025-06-30T00:36:07","guid":{"rendered":"https:\/\/alminutonoticia.com\/noticias\/?p=15464"},"modified":"2025-06-30T00:40:28","modified_gmt":"2025-06-30T00:40:28","slug":"directora-de-la-autoridad-de-descentralizacion-se-reune-con-productores-de-tierras-altas-para-impulsar-el-desarrollo-local","status":"publish","type":"post","link":"https:\/\/alminutonoticia.com\/noticias\/directora-de-la-autoridad-de-descentralizacion-se-reune-con-productores-de-tierras-altas-para-impulsar-el-desarrollo-local\/","title":{"rendered":"Directora de la Autoridad de Descentralizaci\u00f3n se re\u00fane con productores de Tierras Altas para impulsar el desarrollo local"},"content":{"rendered":"\n<p>En una visita clave para impulsar el desarrollo regional, la directora de la Autoridad Nacional de Descentralizaci\u00f3n (AND), Roxana M\u00e9ndez, realiz\u00f3 una gira de trabajo por el distrito de Tierras Altas, donde sostuvo reuniones con productores y representantes del sector agropecuario.<\/p>\n\n\n\n<p>Durante el recorrido, la directora M\u00e9ndez visit\u00f3 centros de producci\u00f3n agr\u00edcola de relevancia en la zona, incluyendo La Fuente y los invernaderos del productor Jos\u00e9 Estrib\u00ed. Posteriormente, se llev\u00f3 a cabo un di\u00e1logo abierto en el sal\u00f3n de reuniones de la Asociaci\u00f3n de Productores de Tierras Altas, con la participaci\u00f3n de l\u00edderes comunitarios y actores del sector agroalimentario local.<\/p>\n\n\n\n<p>El objetivo principal de la gira fue conocer de primera mano las necesidades y desaf\u00edos que enfrentan los productores, as\u00ed como promover acciones coordinadas que contribuyan al desarrollo sostenible del distrito.<\/p>\n\n\n\n<figure class=\"wp-block-image size-large\"><a href=\"https:\/\/alminutonoticia.com\/noticias\/wp-content\/uploads\/2025\/06\/WhatsApp-Image-2025-06-29-at-11.36.33-AM-scaled.jpeg\"><img fetchpriority=\"high\" decoding=\"async\" width=\"1024\" height=\"683\" src=\"https:\/\/alminutonoticia.com\/noticias\/wp-content\/uploads\/2025\/06\/WhatsApp-Image-2025-06-29-at-11.36.33-AM-1024x683.jpeg\" alt=\"\" class=\"wp-image-15465\" title=\"\" srcset=\"https:\/\/alminutonoticia.com\/noticias\/wp-content\/uploads\/2025\/06\/WhatsApp-Image-2025-06-29-at-11.36.33-AM-1024x683.jpeg 1024w, https:\/\/alminutonoticia.com\/noticias\/wp-content\/uploads\/2025\/06\/WhatsApp-Image-2025-06-29-at-11.36.33-AM-300x200.jpeg 300w, https:\/\/alminutonoticia.com\/noticias\/wp-content\/uploads\/2025\/06\/WhatsApp-Image-2025-06-29-at-11.36.33-AM-768x512.jpeg 768w, https:\/\/alminutonoticia.com\/noticias\/wp-content\/uploads\/2025\/06\/WhatsApp-Image-2025-06-29-at-11.36.33-AM-1536x1024.jpeg 1536w, https:\/\/alminutonoticia.com\/noticias\/wp-content\/uploads\/2025\/06\/WhatsApp-Image-2025-06-29-at-11.36.33-AM-2048x1366.jpeg 2048w\" sizes=\"(max-width: 1024px) 100vw, 1024px\" \/><\/a><\/figure>\n\n\n\n<p>A la reuni\u00f3n asistieron el alcalde de Tierras Altas, Alexander Chavarr\u00eda; representantes de la Junta Comunal de Cerro Punta; Lorenzo Jim\u00e9nez, presidente de la Asociaci\u00f3n de la Comunidad Productora de Tierras Altas; y delegados internacionales como Sebasti\u00e1n Hevilla Ord\u00f3\u00f1ez, gerente del Grupo de Desarrollo Rural (GDR) del Valle del Guadalhorce en Espa\u00f1a, y Margarita Jim\u00e9nez, t\u00e9cnica del \u00e1rea agroalimentaria del mismo grupo, quienes compartieron experiencias exitosas en materia de desarrollo rural.<\/p>\n\n\n\n<p>Tambi\u00e9n particip\u00f3 Gaspar Ort\u00edz, encargado de Agronegocios del Ministerio de Desarrollo Agropecuario (MIDA), quien destac\u00f3 la importancia de fortalecer la articulaci\u00f3n entre instituciones y productores para alcanzar objetivos comunes.<\/p>\n\n\n\n<p>La visita de la directora M\u00e9ndez representa un paso significativo hacia la construcci\u00f3n de estrategias conjuntas que respondan a las prioridades locales y promuevan el crecimiento agr\u00edcola, econ\u00f3mico y social de Tierras Altas.<\/p>\n\n\n\n<figure class=\"wp-block-image size-large\"><a href=\"https:\/\/alminutonoticia.com\/noticias\/wp-content\/uploads\/2025\/06\/WhatsApp-Image-2025-06-29-at-11.36.34-AM-scaled.jpeg\"><img decoding=\"async\" width=\"1024\" height=\"683\" src=\"https:\/\/alminutonoticia.com\/noticias\/wp-content\/uploads\/2025\/06\/WhatsApp-Image-2025-06-29-at-11.36.34-AM-1024x683.jpeg\" alt=\"\" class=\"wp-image-15466\" title=\"\" srcset=\"https:\/\/alminutonoticia.com\/noticias\/wp-content\/uploads\/2025\/06\/WhatsApp-Image-2025-06-29-at-11.36.34-AM-1024x683.jpeg 1024w, https:\/\/alminutonoticia.com\/noticias\/wp-content\/uploads\/2025\/06\/WhatsApp-Image-2025-06-29-at-11.36.34-AM-300x200.jpeg 300w, https:\/\/alminutonoticia.com\/noticias\/wp-content\/uploads\/2025\/06\/WhatsApp-Image-2025-06-29-at-11.36.34-AM-768x512.jpeg 768w, https:\/\/alminutonoticia.com\/noticias\/wp-content\/uploads\/2025\/06\/WhatsApp-Image-2025-06-29-at-11.36.34-AM-1536x1024.jpeg 1536w, https:\/\/alminutonoticia.com\/noticias\/wp-content\/uploads\/2025\/06\/WhatsApp-Image-2025-06-29-at-11.36.34-AM-2048x1366.jpeg 2048w\" sizes=\"(max-width: 1024px) 100vw, 1024px\" \/><\/a><\/figure>\n","protected":false},"excerpt":{"rendered":"<p>En una visita clave para impulsar el desarrollo regional, la directora de la Autoridad Nacional de Descentralizaci\u00f3n (AND), Roxana M\u00e9ndez, realiz\u00f3 una gira de trabajo por el distrito de Tierras Altas, donde sostuvo reuniones con productores y representantes del sector agropecuario. Durante el recorrido, la directora M\u00e9ndez visit\u00f3 centros de producci\u00f3n agr\u00edcola de relevancia en [&hellip;]<\/p>\n","protected":false},"author":3,"featured_media":15466,"comment_status":"open","ping_status":"open","sticky":false,"template":"","format":"standard","meta":{"footnotes":""},"categories":[36],"tags":[],"class_list":["post-15464","post","type-post","status-publish","format-standard","has-post-thumbnail","hentry","category-nacionales"],"_links":{"self":[{"href":"https:\/\/alminutonoticia.com\/noticias\/wp-json\/wp\/v2\/posts\/15464","targetHints":{"allow":["GET"]}}],"collection":[{"href":"https:\/\/alminutonoticia.com\/noticias\/wp-json\/wp\/v2\/posts"}],"about":[{"href":"https:\/\/alminutonoticia.com\/noticias\/wp-json\/wp\/v2\/types\/post"}],"author":[{"embeddable":true,"href":"https:\/\/alminutonoticia.com\/noticias\/wp-json\/wp\/v2\/users\/3"}],"replies":[{"embeddable":true,"href":"https:\/\/alminutonoticia.com\/noticias\/wp-json\/wp\/v2\/comments?post=15464"}],"version-history":[{"count":1,"href":"https:\/\/alminutonoticia.com\/noticias\/wp-json\/wp\/v2\/posts\/15464\/revisions"}],"predecessor-version":[{"id":15467,"href":"https:\/\/alminutonoticia.com\/noticias\/wp-json\/wp\/v2\/posts\/15464\/revisions\/15467"}],"wp:featuredmedia":[{"embeddable":true,"href":"https:\/\/alminutonoticia.com\/noticias\/wp-json\/wp\/v2\/media\/15466"}],"wp:attachment":[{"href":"https:\/\/alminutonoticia.com\/noticias\/wp-json\/wp\/v2\/media?parent=15464"}],"wp:term":[{"taxonomy":"category","embeddable":true,"href":"https:\/\/alminutonoticia.com\/noticias\/wp-json\/wp\/v2\/categories?post=15464"},{"taxonomy":"post_tag","embeddable":true,"href":"https:\/\/alminutonoticia.com\/noticias\/wp-json\/wp\/v2\/tags?post=15464"}],"curies":[{"name":"wp","href":"https:\/\/api.w.org\/{rel}","templated":true}]}}