{"id":15458,"date":"2025-06-30T00:27:10","date_gmt":"2025-06-30T00:27:10","guid":{"rendered":"https:\/\/alminutonoticia.com\/noticias\/?p=15458"},"modified":"2025-06-30T00:32:22","modified_gmt":"2025-06-30T00:32:22","slug":"frente-amplio-por-la-democracia-inicia-su-constitucion-como-partido","status":"publish","type":"post","link":"https:\/\/alminutonoticia.com\/noticias\/frente-amplio-por-la-democracia-inicia-su-constitucion-como-partido\/","title":{"rendered":"Frente Amplio por la Democracia inicia su constituci\u00f3n como partido"},"content":{"rendered":"\n<p>A las 7 de la ma\u00f1ana de este domingo 29 de junio de 2025, el Tribunal Electoral (TE) dio inicio al proceso eleccionario interno de&nbsp;<strong>215<\/strong>&nbsp;delegados distritales del partido en formaci\u00f3n Frente Amplio por la Democracia (FAD), quienes ser\u00e1n los encargados de elegir posteriormente a la junta directiva del colectivo pol\u00edtico, a trav\u00e9s de una convenci\u00f3n constitutiva.<\/p>\n\n\n\n<p>Para estas elecciones internas se instalaron en todo el pa\u00eds&nbsp;<strong>90<\/strong>&nbsp;mesas en&nbsp;<strong>51<\/strong>&nbsp;centros de votaci\u00f3n habilitados hasta las 4:00 p.m.<\/p>\n\n\n\n<div class=\"wp-block-columns is-layout-flex wp-container-core-columns-is-layout-28f84493 wp-block-columns-is-layout-flex\">\n<div class=\"wp-block-column is-layout-flow wp-block-column-is-layout-flow\">\n<figure class=\"wp-block-image size-large\"><a href=\"https:\/\/alminutonoticia.com\/noticias\/wp-content\/uploads\/2025\/06\/IMG-20250629-WA0008-scaled.jpg\"><img fetchpriority=\"high\" decoding=\"async\" width=\"1024\" height=\"683\" src=\"https:\/\/alminutonoticia.com\/noticias\/wp-content\/uploads\/2025\/06\/IMG-20250629-WA0008-1024x683.jpg\" alt=\"\" class=\"wp-image-15459\" title=\"\" srcset=\"https:\/\/alminutonoticia.com\/noticias\/wp-content\/uploads\/2025\/06\/IMG-20250629-WA0008-1024x683.jpg 1024w, https:\/\/alminutonoticia.com\/noticias\/wp-content\/uploads\/2025\/06\/IMG-20250629-WA0008-300x200.jpg 300w, https:\/\/alminutonoticia.com\/noticias\/wp-content\/uploads\/2025\/06\/IMG-20250629-WA0008-768x512.jpg 768w, https:\/\/alminutonoticia.com\/noticias\/wp-content\/uploads\/2025\/06\/IMG-20250629-WA0008-1536x1025.jpg 1536w, https:\/\/alminutonoticia.com\/noticias\/wp-content\/uploads\/2025\/06\/IMG-20250629-WA0008-2048x1366.jpg 2048w\" sizes=\"(max-width: 1024px) 100vw, 1024px\" \/><\/a><\/figure>\n<\/div>\n\n\n\n<div class=\"wp-block-column is-layout-flow wp-block-column-is-layout-flow\">\n<figure class=\"wp-block-image size-large\"><a href=\"https:\/\/alminutonoticia.com\/noticias\/wp-content\/uploads\/2025\/06\/IMG-20250629-WA0010-scaled.jpg\"><img decoding=\"async\" width=\"1024\" height=\"683\" src=\"https:\/\/alminutonoticia.com\/noticias\/wp-content\/uploads\/2025\/06\/IMG-20250629-WA0010-1024x683.jpg\" alt=\"\" class=\"wp-image-15460\" title=\"\" srcset=\"https:\/\/alminutonoticia.com\/noticias\/wp-content\/uploads\/2025\/06\/IMG-20250629-WA0010-1024x683.jpg 1024w, https:\/\/alminutonoticia.com\/noticias\/wp-content\/uploads\/2025\/06\/IMG-20250629-WA0010-300x200.jpg 300w, https:\/\/alminutonoticia.com\/noticias\/wp-content\/uploads\/2025\/06\/IMG-20250629-WA0010-768x512.jpg 768w, https:\/\/alminutonoticia.com\/noticias\/wp-content\/uploads\/2025\/06\/IMG-20250629-WA0010-1536x1025.jpg 1536w, https:\/\/alminutonoticia.com\/noticias\/wp-content\/uploads\/2025\/06\/IMG-20250629-WA0010-2048x1366.jpg 2048w\" sizes=\"(max-width: 1024px) 100vw, 1024px\" \/><\/a><\/figure>\n<\/div>\n<\/div>\n\n\n\n<p>El&nbsp;TE se encarg\u00f3 del reclutamiento, la capacitaci\u00f3n y conformaci\u00f3n de las corporaciones electorales, adem\u00e1s de la preparaci\u00f3n del Padr\u00f3n Electoral, que permitir\u00e1 que&nbsp;<strong>44,552&nbsp;<\/strong>electores inscritos al 28 de enero de 2025 puedan ejercer el sufragio.<\/p>\n\n\n\n<p>La elecci\u00f3n del delegado en el distrito de Changuinola, provincia de Bocas del Toro, se realizar\u00e1 una vez se den las condiciones de seguridad y la log\u00edstica para que los&nbsp;<strong>724<\/strong>&nbsp;votantes de este distrito puedan ejercer su derecho al voto, tal cual se acord\u00f3 con la Comisi\u00f3n Nacional de Elecciones del partido en formaci\u00f3n.<\/p>\n\n\n\n<figure class=\"wp-block-image size-large\"><a href=\"https:\/\/alminutonoticia.com\/noticias\/wp-content\/uploads\/2025\/06\/IMG-20250629-WA0007-scaled.jpg\"><img decoding=\"async\" width=\"1024\" height=\"683\" src=\"https:\/\/alminutonoticia.com\/noticias\/wp-content\/uploads\/2025\/06\/IMG-20250629-WA0007-1024x683.jpg\" alt=\"\" class=\"wp-image-15461\" title=\"\" srcset=\"https:\/\/alminutonoticia.com\/noticias\/wp-content\/uploads\/2025\/06\/IMG-20250629-WA0007-1024x683.jpg 1024w, https:\/\/alminutonoticia.com\/noticias\/wp-content\/uploads\/2025\/06\/IMG-20250629-WA0007-300x200.jpg 300w, https:\/\/alminutonoticia.com\/noticias\/wp-content\/uploads\/2025\/06\/IMG-20250629-WA0007-768x512.jpg 768w, https:\/\/alminutonoticia.com\/noticias\/wp-content\/uploads\/2025\/06\/IMG-20250629-WA0007-1536x1025.jpg 1536w, https:\/\/alminutonoticia.com\/noticias\/wp-content\/uploads\/2025\/06\/IMG-20250629-WA0007-2048x1366.jpg 2048w\" sizes=\"(max-width: 1024px) 100vw, 1024px\" \/><\/a><\/figure>\n\n\n\n<p>Adem\u00e1s de financiar, organizar y supervisar esta convocatoria, la instituci\u00f3n coordin\u00f3 con el Cuerpo de Delegados&nbsp;Electorales (CDE) para garantizar el desarrollo de unos comicios con libertad, orden y paz.<\/p>\n","protected":false},"excerpt":{"rendered":"<p>A las 7 de la ma\u00f1ana de este domingo 29 de junio de 2025, el Tribunal Electoral (TE) dio inicio al proceso eleccionario interno de&nbsp;215&nbsp;delegados distritales del partido en formaci\u00f3n Frente Amplio por la Democracia (FAD), quienes ser\u00e1n los encargados de elegir posteriormente a la junta directiva del colectivo pol\u00edtico, a trav\u00e9s de una convenci\u00f3n [&hellip;]<\/p>\n","protected":false},"author":3,"featured_media":15461,"comment_status":"open","ping_status":"open","sticky":false,"template":"","format":"standard","meta":{"footnotes":""},"categories":[36,37],"tags":[],"class_list":["post-15458","post","type-post","status-publish","format-standard","has-post-thumbnail","hentry","category-nacionales","category-politica"],"_links":{"self":[{"href":"https:\/\/alminutonoticia.com\/noticias\/wp-json\/wp\/v2\/posts\/15458","targetHints":{"allow":["GET"]}}],"collection":[{"href":"https:\/\/alminutonoticia.com\/noticias\/wp-json\/wp\/v2\/posts"}],"about":[{"href":"https:\/\/alminutonoticia.com\/noticias\/wp-json\/wp\/v2\/types\/post"}],"author":[{"embeddable":true,"href":"https:\/\/alminutonoticia.com\/noticias\/wp-json\/wp\/v2\/users\/3"}],"replies":[{"embeddable":true,"href":"https:\/\/alminutonoticia.com\/noticias\/wp-json\/wp\/v2\/comments?post=15458"}],"version-history":[{"count":1,"href":"https:\/\/alminutonoticia.com\/noticias\/wp-json\/wp\/v2\/posts\/15458\/revisions"}],"predecessor-version":[{"id":15462,"href":"https:\/\/alminutonoticia.com\/noticias\/wp-json\/wp\/v2\/posts\/15458\/revisions\/15462"}],"wp:featuredmedia":[{"embeddable":true,"href":"https:\/\/alminutonoticia.com\/noticias\/wp-json\/wp\/v2\/media\/15461"}],"wp:attachment":[{"href":"https:\/\/alminutonoticia.com\/noticias\/wp-json\/wp\/v2\/media?parent=15458"}],"wp:term":[{"taxonomy":"category","embeddable":true,"href":"https:\/\/alminutonoticia.com\/noticias\/wp-json\/wp\/v2\/categories?post=15458"},{"taxonomy":"post_tag","embeddable":true,"href":"https:\/\/alminutonoticia.com\/noticias\/wp-json\/wp\/v2\/tags?post=15458"}],"curies":[{"name":"wp","href":"https:\/\/api.w.org\/{rel}","templated":true}]}}