{"id":15452,"date":"2025-06-30T00:22:11","date_gmt":"2025-06-30T00:22:11","guid":{"rendered":"https:\/\/alminutonoticia.com\/noticias\/?p=15452"},"modified":"2025-06-30T00:23:33","modified_gmt":"2025-06-30T00:23:33","slug":"udelas-realiza-jornada-de-reforestacion-ambiental-en-albrook","status":"publish","type":"post","link":"https:\/\/alminutonoticia.com\/noticias\/udelas-realiza-jornada-de-reforestacion-ambiental-en-albrook\/","title":{"rendered":"UDELAS realiza jornada de reforestaci\u00f3n ambiental en Albrook"},"content":{"rendered":"\n<p>Unos 50 \u00e1rboles fueron sembrados hoy, en el parque Gato Solo en el corregimiento de Anc\u00f3n, en Albrook, por la rectora de la Universidad Especializada de las Am\u00e9ricas (UDELAS), Nicolasa Terreros Barrios, docentes, personal administrativo y estudiantes de la Brigada Ambiental de esta casa de estudio superior.<\/p>\n\n\n\n<p>Terreros Barrios manifest\u00f3 que con la siembra de estos \u00e1rboles [guayacanes] \u201creafirmamos nuestro compromiso de fomentar el cuidado de nuestro medio ambiente ante los efectos del cambio clim\u00e1tico\u201d.<\/p>\n\n\n\n<p>El momento siempre es oportuno -seg\u00fan la Rectora-, para fomentar este tipo de actividad, pues hay que prestarle importancia a nuestro medio ambiente ejecutando buenas pr\u00e1cticas como esta [siembra de plantones], entre otras.<\/p>\n\n\n\n<div class=\"wp-block-columns is-layout-flex wp-container-core-columns-is-layout-28f84493 wp-block-columns-is-layout-flex\">\n<div class=\"wp-block-column is-layout-flow wp-block-column-is-layout-flow\">\n<figure class=\"wp-block-image size-large\"><a href=\"https:\/\/alminutonoticia.com\/noticias\/wp-content\/uploads\/2025\/06\/WhatsApp-Image-2025-06-28-at-6.29.25-PM-1-scaled.jpeg\"><img fetchpriority=\"high\" decoding=\"async\" width=\"768\" height=\"1024\" src=\"https:\/\/alminutonoticia.com\/noticias\/wp-content\/uploads\/2025\/06\/WhatsApp-Image-2025-06-28-at-6.29.25-PM-1-768x1024.jpeg\" alt=\"\" class=\"wp-image-15453\" title=\"\" srcset=\"https:\/\/alminutonoticia.com\/noticias\/wp-content\/uploads\/2025\/06\/WhatsApp-Image-2025-06-28-at-6.29.25-PM-1-768x1024.jpeg 768w, https:\/\/alminutonoticia.com\/noticias\/wp-content\/uploads\/2025\/06\/WhatsApp-Image-2025-06-28-at-6.29.25-PM-1-225x300.jpeg 225w, https:\/\/alminutonoticia.com\/noticias\/wp-content\/uploads\/2025\/06\/WhatsApp-Image-2025-06-28-at-6.29.25-PM-1-1152x1536.jpeg 1152w, https:\/\/alminutonoticia.com\/noticias\/wp-content\/uploads\/2025\/06\/WhatsApp-Image-2025-06-28-at-6.29.25-PM-1-1536x2048.jpeg 1536w, https:\/\/alminutonoticia.com\/noticias\/wp-content\/uploads\/2025\/06\/WhatsApp-Image-2025-06-28-at-6.29.25-PM-1-scaled.jpeg 1920w\" sizes=\"(max-width: 768px) 100vw, 768px\" \/><\/a><\/figure>\n<\/div>\n\n\n\n<div class=\"wp-block-column is-layout-flow wp-block-column-is-layout-flow\">\n<figure class=\"wp-block-image size-large\"><a href=\"https:\/\/alminutonoticia.com\/noticias\/wp-content\/uploads\/2025\/06\/WhatsApp-Image-2025-06-28-at-6.29.25-PM-3-scaled.jpeg\"><img decoding=\"async\" width=\"768\" height=\"1024\" src=\"https:\/\/alminutonoticia.com\/noticias\/wp-content\/uploads\/2025\/06\/WhatsApp-Image-2025-06-28-at-6.29.25-PM-3-768x1024.jpeg\" alt=\"\" class=\"wp-image-15454\" title=\"\" srcset=\"https:\/\/alminutonoticia.com\/noticias\/wp-content\/uploads\/2025\/06\/WhatsApp-Image-2025-06-28-at-6.29.25-PM-3-768x1024.jpeg 768w, https:\/\/alminutonoticia.com\/noticias\/wp-content\/uploads\/2025\/06\/WhatsApp-Image-2025-06-28-at-6.29.25-PM-3-225x300.jpeg 225w, https:\/\/alminutonoticia.com\/noticias\/wp-content\/uploads\/2025\/06\/WhatsApp-Image-2025-06-28-at-6.29.25-PM-3-1152x1536.jpeg 1152w, https:\/\/alminutonoticia.com\/noticias\/wp-content\/uploads\/2025\/06\/WhatsApp-Image-2025-06-28-at-6.29.25-PM-3-1536x2048.jpeg 1536w, https:\/\/alminutonoticia.com\/noticias\/wp-content\/uploads\/2025\/06\/WhatsApp-Image-2025-06-28-at-6.29.25-PM-3-scaled.jpeg 1920w\" sizes=\"(max-width: 768px) 100vw, 768px\" \/><\/a><\/figure>\n<\/div>\n<\/div>\n\n\n\n<p>La UDELAS cuenta con la Brigada Ambiental Udelista integrada por 300 personas a nivel nacional, en su gran mayor\u00eda estudiantes, comprometidos con la promoci\u00f3n de la concienciaci\u00f3n ambiental dentro de la comunidad universitaria.<\/p>\n\n\n\n<p>Tambi\u00e9n la Brigada Ambiental se caracteriza por impulsar pr\u00e1cticas que promuevan el uso eficiente de los recursos naturales, la reducci\u00f3n de impactos negativos en el medio ambiente y el fortalecimiento de la resiliencia ante riesgos y desastres.<\/p>\n\n\n\n<figure class=\"wp-block-image size-large\"><a href=\"https:\/\/alminutonoticia.com\/noticias\/wp-content\/uploads\/2025\/06\/WhatsApp-Image-2025-06-28-at-6.29.26-PM-scaled.jpeg\"><img decoding=\"async\" width=\"1024\" height=\"768\" src=\"https:\/\/alminutonoticia.com\/noticias\/wp-content\/uploads\/2025\/06\/WhatsApp-Image-2025-06-28-at-6.29.26-PM-1024x768.jpeg\" alt=\"\" class=\"wp-image-15455\" title=\"\" srcset=\"https:\/\/alminutonoticia.com\/noticias\/wp-content\/uploads\/2025\/06\/WhatsApp-Image-2025-06-28-at-6.29.26-PM-1024x768.jpeg 1024w, https:\/\/alminutonoticia.com\/noticias\/wp-content\/uploads\/2025\/06\/WhatsApp-Image-2025-06-28-at-6.29.26-PM-300x225.jpeg 300w, https:\/\/alminutonoticia.com\/noticias\/wp-content\/uploads\/2025\/06\/WhatsApp-Image-2025-06-28-at-6.29.26-PM-768x576.jpeg 768w, https:\/\/alminutonoticia.com\/noticias\/wp-content\/uploads\/2025\/06\/WhatsApp-Image-2025-06-28-at-6.29.26-PM-1536x1152.jpeg 1536w, https:\/\/alminutonoticia.com\/noticias\/wp-content\/uploads\/2025\/06\/WhatsApp-Image-2025-06-28-at-6.29.26-PM-2048x1536.jpeg 2048w\" sizes=\"(max-width: 1024px) 100vw, 1024px\" \/><\/a><\/figure>\n\n\n\n<p>A trav\u00e9s de la educaci\u00f3n, la investigaci\u00f3n y la acci\u00f3n directa, UDELAS contribuye al desarrollo sostenible, asegurando un equilibrio entre el bienestar humano y la conservaci\u00f3n del entorno natural. Igualmente, la Brigada tiene como prop\u00f3sito impulsar a la universidad hacia una cultura ambientalmente responsable, donde cada miembro de la comunidad universitaria act\u00fae como agente transformador.<\/p>\n\n\n\n<p><\/p>\n","protected":false},"excerpt":{"rendered":"<p>Unos 50 \u00e1rboles fueron sembrados hoy, en el parque Gato Solo en el corregimiento de Anc\u00f3n, en Albrook, por la rectora de la Universidad Especializada de las Am\u00e9ricas (UDELAS), Nicolasa Terreros Barrios, docentes, personal administrativo y estudiantes de la Brigada Ambiental de esta casa de estudio superior. Terreros Barrios manifest\u00f3 que con la siembra de [&hellip;]<\/p>\n","protected":false},"author":3,"featured_media":15455,"comment_status":"open","ping_status":"open","sticky":false,"template":"","format":"standard","meta":{"footnotes":""},"categories":[42,36],"tags":[],"class_list":["post-15452","post","type-post","status-publish","format-standard","has-post-thumbnail","hentry","category-ambiente","category-nacionales"],"_links":{"self":[{"href":"https:\/\/alminutonoticia.com\/noticias\/wp-json\/wp\/v2\/posts\/15452","targetHints":{"allow":["GET"]}}],"collection":[{"href":"https:\/\/alminutonoticia.com\/noticias\/wp-json\/wp\/v2\/posts"}],"about":[{"href":"https:\/\/alminutonoticia.com\/noticias\/wp-json\/wp\/v2\/types\/post"}],"author":[{"embeddable":true,"href":"https:\/\/alminutonoticia.com\/noticias\/wp-json\/wp\/v2\/users\/3"}],"replies":[{"embeddable":true,"href":"https:\/\/alminutonoticia.com\/noticias\/wp-json\/wp\/v2\/comments?post=15452"}],"version-history":[{"count":1,"href":"https:\/\/alminutonoticia.com\/noticias\/wp-json\/wp\/v2\/posts\/15452\/revisions"}],"predecessor-version":[{"id":15456,"href":"https:\/\/alminutonoticia.com\/noticias\/wp-json\/wp\/v2\/posts\/15452\/revisions\/15456"}],"wp:featuredmedia":[{"embeddable":true,"href":"https:\/\/alminutonoticia.com\/noticias\/wp-json\/wp\/v2\/media\/15455"}],"wp:attachment":[{"href":"https:\/\/alminutonoticia.com\/noticias\/wp-json\/wp\/v2\/media?parent=15452"}],"wp:term":[{"taxonomy":"category","embeddable":true,"href":"https:\/\/alminutonoticia.com\/noticias\/wp-json\/wp\/v2\/categories?post=15452"},{"taxonomy":"post_tag","embeddable":true,"href":"https:\/\/alminutonoticia.com\/noticias\/wp-json\/wp\/v2\/tags?post=15452"}],"curies":[{"name":"wp","href":"https:\/\/api.w.org\/{rel}","templated":true}]}}