{"id":15296,"date":"2025-06-22T01:17:09","date_gmt":"2025-06-22T01:17:09","guid":{"rendered":"https:\/\/alminutonoticia.com\/noticias\/?p=15296"},"modified":"2025-06-22T01:17:11","modified_gmt":"2025-06-22T01:17:11","slug":"vandalizan-oficina-regional-del-mitradel-en-bocas-del-toro","status":"publish","type":"post","link":"https:\/\/alminutonoticia.com\/noticias\/vandalizan-oficina-regional-del-mitradel-en-bocas-del-toro\/","title":{"rendered":"Vandalizan oficina regional del Mitradel en Bocas del Toro"},"content":{"rendered":"\n<p>El Ministerio de Trabajo y Desarrollo Laboral (Mitradel) informa a la ciudadan\u00eda que su sede regional en Bocas del Toro fue objeto de actos vand\u00e1licos este s\u00e1bado, lo que provoc\u00f3 da\u00f1os a las instalaciones que afecta su funcionamiento institucional.<\/p>\n\n\n\n<p><br>La situaci\u00f3n ya ha sido denunciada ante las autoridades competentes y se sigue recabando informaci\u00f3n para determinar la magnitud de los da\u00f1os y perjuicios ocasionados.<\/p>\n\n\n\n<figure class=\"wp-block-image size-large\"><a href=\"https:\/\/alminutonoticia.com\/noticias\/wp-content\/uploads\/2025\/06\/WhatsApp-Image-2025-06-21-at-8.13.00-PM-scaled.jpeg\"><img fetchpriority=\"high\" decoding=\"async\" width=\"1024\" height=\"768\" src=\"https:\/\/alminutonoticia.com\/noticias\/wp-content\/uploads\/2025\/06\/WhatsApp-Image-2025-06-21-at-8.13.00-PM-1024x768.jpeg\" alt=\"\" class=\"wp-image-15298\" title=\"\" srcset=\"https:\/\/alminutonoticia.com\/noticias\/wp-content\/uploads\/2025\/06\/WhatsApp-Image-2025-06-21-at-8.13.00-PM-1024x768.jpeg 1024w, https:\/\/alminutonoticia.com\/noticias\/wp-content\/uploads\/2025\/06\/WhatsApp-Image-2025-06-21-at-8.13.00-PM-300x225.jpeg 300w, https:\/\/alminutonoticia.com\/noticias\/wp-content\/uploads\/2025\/06\/WhatsApp-Image-2025-06-21-at-8.13.00-PM-768x576.jpeg 768w, https:\/\/alminutonoticia.com\/noticias\/wp-content\/uploads\/2025\/06\/WhatsApp-Image-2025-06-21-at-8.13.00-PM-1536x1152.jpeg 1536w, https:\/\/alminutonoticia.com\/noticias\/wp-content\/uploads\/2025\/06\/WhatsApp-Image-2025-06-21-at-8.13.00-PM-2048x1536.jpeg 2048w\" sizes=\"(max-width: 1024px) 100vw, 1024px\" \/><\/a><\/figure>\n\n\n\n<p><br>Los reportes indican que un grupo de personas destruyeron la cerca perimetral y forzaron la puerta principal de acceso, tambi\u00e9n se arrojaron piedras contra las ventanas y persianas provocando destrozos en varias \u00e1reas. La entidad tuvo conocimiento de la destrucci\u00f3n de un veh\u00edculo y el robo de luminarias ambientales.<\/p>\n\n\n\n<p><br>El Mitradel condena en\u00e9rgicamente estos actos de violencia que atentan contra el orden p\u00fablico, la seguridad, el respeto institucional y los derechos fundamentales de todos los paname\u00f1os.<\/p>\n\n\n\n<p><br>Este tipo de acciones afectan directamente la capacidad de la entidad para brindar servicios de calidad a la poblaci\u00f3n.<\/p>\n\n\n\n<p><br>Reiteramos nuestro compromiso con el pueblo bocatore\u00f1o y hacemos un llamado a la calma y al respeto. La violencia nunca ser\u00e1 el camino para lograr el bienestar com\u00fan.<\/p>\n\n\n\n<figure class=\"wp-block-image size-large\"><a href=\"https:\/\/alminutonoticia.com\/noticias\/wp-content\/uploads\/2025\/06\/WhatsApp-Image-2025-06-21-at-8.13.00-PM-1-scaled.jpeg\"><img decoding=\"async\" width=\"768\" height=\"1024\" src=\"https:\/\/alminutonoticia.com\/noticias\/wp-content\/uploads\/2025\/06\/WhatsApp-Image-2025-06-21-at-8.13.00-PM-1-768x1024.jpeg\" alt=\"\" class=\"wp-image-15297\" title=\"\" srcset=\"https:\/\/alminutonoticia.com\/noticias\/wp-content\/uploads\/2025\/06\/WhatsApp-Image-2025-06-21-at-8.13.00-PM-1-768x1024.jpeg 768w, https:\/\/alminutonoticia.com\/noticias\/wp-content\/uploads\/2025\/06\/WhatsApp-Image-2025-06-21-at-8.13.00-PM-1-225x300.jpeg 225w, https:\/\/alminutonoticia.com\/noticias\/wp-content\/uploads\/2025\/06\/WhatsApp-Image-2025-06-21-at-8.13.00-PM-1-1152x1536.jpeg 1152w, https:\/\/alminutonoticia.com\/noticias\/wp-content\/uploads\/2025\/06\/WhatsApp-Image-2025-06-21-at-8.13.00-PM-1-1536x2048.jpeg 1536w, https:\/\/alminutonoticia.com\/noticias\/wp-content\/uploads\/2025\/06\/WhatsApp-Image-2025-06-21-at-8.13.00-PM-1-scaled.jpeg 1920w\" sizes=\"(max-width: 768px) 100vw, 768px\" \/><\/a><\/figure>\n","protected":false},"excerpt":{"rendered":"<p>El Ministerio de Trabajo y Desarrollo Laboral (Mitradel) informa a la ciudadan\u00eda que su sede regional en Bocas del Toro fue objeto de actos vand\u00e1licos este s\u00e1bado, lo que provoc\u00f3 da\u00f1os a las instalaciones que afecta su funcionamiento institucional. La situaci\u00f3n ya ha sido denunciada ante las autoridades competentes y se sigue recabando informaci\u00f3n para [&hellip;]<\/p>\n","protected":false},"author":3,"featured_media":15298,"comment_status":"open","ping_status":"open","sticky":false,"template":"","format":"standard","meta":{"footnotes":""},"categories":[36],"tags":[],"class_list":["post-15296","post","type-post","status-publish","format-standard","has-post-thumbnail","hentry","category-nacionales"],"_links":{"self":[{"href":"https:\/\/alminutonoticia.com\/noticias\/wp-json\/wp\/v2\/posts\/15296","targetHints":{"allow":["GET"]}}],"collection":[{"href":"https:\/\/alminutonoticia.com\/noticias\/wp-json\/wp\/v2\/posts"}],"about":[{"href":"https:\/\/alminutonoticia.com\/noticias\/wp-json\/wp\/v2\/types\/post"}],"author":[{"embeddable":true,"href":"https:\/\/alminutonoticia.com\/noticias\/wp-json\/wp\/v2\/users\/3"}],"replies":[{"embeddable":true,"href":"https:\/\/alminutonoticia.com\/noticias\/wp-json\/wp\/v2\/comments?post=15296"}],"version-history":[{"count":1,"href":"https:\/\/alminutonoticia.com\/noticias\/wp-json\/wp\/v2\/posts\/15296\/revisions"}],"predecessor-version":[{"id":15299,"href":"https:\/\/alminutonoticia.com\/noticias\/wp-json\/wp\/v2\/posts\/15296\/revisions\/15299"}],"wp:featuredmedia":[{"embeddable":true,"href":"https:\/\/alminutonoticia.com\/noticias\/wp-json\/wp\/v2\/media\/15298"}],"wp:attachment":[{"href":"https:\/\/alminutonoticia.com\/noticias\/wp-json\/wp\/v2\/media?parent=15296"}],"wp:term":[{"taxonomy":"category","embeddable":true,"href":"https:\/\/alminutonoticia.com\/noticias\/wp-json\/wp\/v2\/categories?post=15296"},{"taxonomy":"post_tag","embeddable":true,"href":"https:\/\/alminutonoticia.com\/noticias\/wp-json\/wp\/v2\/tags?post=15296"}],"curies":[{"name":"wp","href":"https:\/\/api.w.org\/{rel}","templated":true}]}}