{"id":15288,"date":"2025-06-22T01:03:32","date_gmt":"2025-06-22T01:03:32","guid":{"rendered":"https:\/\/alminutonoticia.com\/noticias\/?p=15288"},"modified":"2025-06-22T01:03:34","modified_gmt":"2025-06-22T01:03:34","slug":"en-david-chiriquipresidenta-del-cd-llama-a-deponer-interesesy-sentarse-en-una-mesa-del-dialogo","status":"publish","type":"post","link":"https:\/\/alminutonoticia.com\/noticias\/en-david-chiriquipresidenta-del-cd-llama-a-deponer-interesesy-sentarse-en-una-mesa-del-dialogo\/","title":{"rendered":"En David, Chiriqu\u00edPresidenta del CD llama a deponer interesesY sentarse en una mesa del di\u00e1logo"},"content":{"rendered":"\n<p>En un vibrante discurso que acapar\u00f3 la atenci\u00f3n de los m\u00e1s de 600 miembros del Partido Cambio Democr\u00e1tico (CD), que se dieron cita en la ciudad de David, para participar de una jornada de capacitaci\u00f3n, la presidenta del colectivo, Yanibel Abrego, hizo un llamado a la paz, la tolerancia, el di\u00e1logo y la comunicaci\u00f3n, como la \u00fanica v\u00eda para recobrar la tranquilidad necesaria para el avance del pa\u00eds.<\/p>\n\n\n\n<p>Desde tempranas horas fueron llegando representantes de las tres regiones de la comarca Ng\u00e4be Bugl\u00e9, l\u00edderes y dirigentes de la provincia chiricana, a participar de la jornada que termin\u00f3 a eso de las 6:00 pm de este s\u00e1bado.<\/p>\n\n\n\n<p>Al referirse a la situaci\u00f3n en Bocas del Toro, Abrego manifest\u00f3 que con lo acaecido pierden todos los paname\u00f1os. \u201cHoy perdemos todos los paname\u00f1os, pierde Panam\u00e1, y debemos dejar de lado los intereses personales y actuar con responsabilidad, sent\u00e1ndose a la mesa del di\u00e1logo\u00bb.<\/p>\n\n\n\n<p>IMPORTANTES ANUNCIOS<br>CD RESPALDA A MULINO<\/p>\n\n\n\n<p>La l\u00edder pol\u00edtica manifest\u00f3 que a un a\u00f1o de la gesti\u00f3n del actual gobierno, reiteran su respaldo al mandatario Mulino.<\/p>\n\n\n\n<p>\u00abConfiamos en el compromiso que tiene el presidente Jose Ra\u00fal Mulino de liderar el pa\u00eds para todos los sectores, sobre todo para los que m\u00e1s necesitan\u00bb.<\/p>\n\n\n\n<p>Agreg\u00f3 que con responsabilidad asumi\u00f3 el compromiso de construir un futuro juntos.<\/p>\n\n\n\n<p>\u00abReiteramos el compromiso de recorrer el pa\u00eds, para organizarnos, para hacer de este partido una organizaci\u00f3n fuerte y capaz de ganar elecciones, una organizaci\u00f3n capaz de transformar la calidad de vida de nuestra gente, y eso solo podemos lograrlo trabajando juntos\u00bb.<\/p>\n\n\n\n<p>CD CON CASA PROPIA<br>El evento tambi\u00e9n sirvi\u00f3 de marco para dar a conocer que finalmente Cambio Democr\u00e1tico contar\u00e1 con una sede propia, sue\u00f1o anhelado por toda la membres\u00eda, quien por a\u00f1os han acariciado el poder contar con local donde llevar la vida partidaria tan importante en el fortalecimiento de sus estructuras.<\/p>\n\n\n\n<figure class=\"wp-block-image size-large\"><a href=\"https:\/\/alminutonoticia.com\/noticias\/wp-content\/uploads\/2025\/06\/WhatsApp-Image-2025-06-21-at-7.42.29-PM.jpeg\"><img fetchpriority=\"high\" decoding=\"async\" width=\"1024\" height=\"576\" src=\"https:\/\/alminutonoticia.com\/noticias\/wp-content\/uploads\/2025\/06\/WhatsApp-Image-2025-06-21-at-7.42.29-PM-1024x576.jpeg\" alt=\"\" class=\"wp-image-15289\" title=\"\" srcset=\"https:\/\/alminutonoticia.com\/noticias\/wp-content\/uploads\/2025\/06\/WhatsApp-Image-2025-06-21-at-7.42.29-PM-1024x576.jpeg 1024w, https:\/\/alminutonoticia.com\/noticias\/wp-content\/uploads\/2025\/06\/WhatsApp-Image-2025-06-21-at-7.42.29-PM-300x169.jpeg 300w, https:\/\/alminutonoticia.com\/noticias\/wp-content\/uploads\/2025\/06\/WhatsApp-Image-2025-06-21-at-7.42.29-PM-768x432.jpeg 768w, https:\/\/alminutonoticia.com\/noticias\/wp-content\/uploads\/2025\/06\/WhatsApp-Image-2025-06-21-at-7.42.29-PM-1536x864.jpeg 1536w, https:\/\/alminutonoticia.com\/noticias\/wp-content\/uploads\/2025\/06\/WhatsApp-Image-2025-06-21-at-7.42.29-PM.jpeg 1600w\" sizes=\"(max-width: 1024px) 100vw, 1024px\" \/><\/a><\/figure>\n","protected":false},"excerpt":{"rendered":"<p>En un vibrante discurso que acapar\u00f3 la atenci\u00f3n de los m\u00e1s de 600 miembros del Partido Cambio Democr\u00e1tico (CD), que se dieron cita en la ciudad de David, para participar de una jornada de capacitaci\u00f3n, la presidenta del colectivo, Yanibel Abrego, hizo un llamado a la paz, la tolerancia, el di\u00e1logo y la comunicaci\u00f3n, como [&hellip;]<\/p>\n","protected":false},"author":3,"featured_media":15289,"comment_status":"open","ping_status":"open","sticky":false,"template":"","format":"standard","meta":{"footnotes":""},"categories":[36,37],"tags":[],"class_list":["post-15288","post","type-post","status-publish","format-standard","has-post-thumbnail","hentry","category-nacionales","category-politica"],"_links":{"self":[{"href":"https:\/\/alminutonoticia.com\/noticias\/wp-json\/wp\/v2\/posts\/15288","targetHints":{"allow":["GET"]}}],"collection":[{"href":"https:\/\/alminutonoticia.com\/noticias\/wp-json\/wp\/v2\/posts"}],"about":[{"href":"https:\/\/alminutonoticia.com\/noticias\/wp-json\/wp\/v2\/types\/post"}],"author":[{"embeddable":true,"href":"https:\/\/alminutonoticia.com\/noticias\/wp-json\/wp\/v2\/users\/3"}],"replies":[{"embeddable":true,"href":"https:\/\/alminutonoticia.com\/noticias\/wp-json\/wp\/v2\/comments?post=15288"}],"version-history":[{"count":1,"href":"https:\/\/alminutonoticia.com\/noticias\/wp-json\/wp\/v2\/posts\/15288\/revisions"}],"predecessor-version":[{"id":15290,"href":"https:\/\/alminutonoticia.com\/noticias\/wp-json\/wp\/v2\/posts\/15288\/revisions\/15290"}],"wp:featuredmedia":[{"embeddable":true,"href":"https:\/\/alminutonoticia.com\/noticias\/wp-json\/wp\/v2\/media\/15289"}],"wp:attachment":[{"href":"https:\/\/alminutonoticia.com\/noticias\/wp-json\/wp\/v2\/media?parent=15288"}],"wp:term":[{"taxonomy":"category","embeddable":true,"href":"https:\/\/alminutonoticia.com\/noticias\/wp-json\/wp\/v2\/categories?post=15288"},{"taxonomy":"post_tag","embeddable":true,"href":"https:\/\/alminutonoticia.com\/noticias\/wp-json\/wp\/v2\/tags?post=15288"}],"curies":[{"name":"wp","href":"https:\/\/api.w.org\/{rel}","templated":true}]}}