{"id":15280,"date":"2025-06-22T00:43:44","date_gmt":"2025-06-22T00:43:44","guid":{"rendered":"https:\/\/alminutonoticia.com\/noticias\/?p=15280"},"modified":"2025-06-22T00:43:46","modified_gmt":"2025-06-22T00:43:46","slug":"convocatoria-de-cambio-democratico-en-david-lleno-total","status":"publish","type":"post","link":"https:\/\/alminutonoticia.com\/noticias\/convocatoria-de-cambio-democratico-en-david-lleno-total\/","title":{"rendered":"Convocatoria de cambio democratico en David, lleno total"},"content":{"rendered":"\n<p>Conscientes de la responsabilidad que como partido organizado tienen, el Partido Cambio Democr\u00e1tico, dio inicio este s\u00e1bado a su jornada de capacitaci\u00f3n con el tema: COMPROMISO, ORGANIZACION Y FUTURO PARA UN NUEVO.CD.<\/p>\n\n\n\n<p>Con la presencia de su junta directiva, Yanibel Abrego,presidenta del colectivo, contin\u00faa cumpliendo con su promesa de capacitar a la membres\u00eda y l\u00edderes, encaminados a fortalecer a las bases para llegar al 2029 con un partido fuerte y preparado para los retos que est\u00e9n por venir.<\/p>\n\n\n\n<figure class=\"wp-block-image size-large\"><a href=\"https:\/\/alminutonoticia.com\/noticias\/wp-content\/uploads\/2025\/06\/WhatsApp-Image-2025-06-21-at-1.39.08-PM.jpeg\"><img fetchpriority=\"high\" decoding=\"async\" width=\"1024\" height=\"576\" src=\"https:\/\/alminutonoticia.com\/noticias\/wp-content\/uploads\/2025\/06\/WhatsApp-Image-2025-06-21-at-1.39.08-PM-1024x576.jpeg\" alt=\"\" class=\"wp-image-15281\" title=\"\" srcset=\"https:\/\/alminutonoticia.com\/noticias\/wp-content\/uploads\/2025\/06\/WhatsApp-Image-2025-06-21-at-1.39.08-PM-1024x576.jpeg 1024w, https:\/\/alminutonoticia.com\/noticias\/wp-content\/uploads\/2025\/06\/WhatsApp-Image-2025-06-21-at-1.39.08-PM-300x169.jpeg 300w, https:\/\/alminutonoticia.com\/noticias\/wp-content\/uploads\/2025\/06\/WhatsApp-Image-2025-06-21-at-1.39.08-PM-768x432.jpeg 768w, https:\/\/alminutonoticia.com\/noticias\/wp-content\/uploads\/2025\/06\/WhatsApp-Image-2025-06-21-at-1.39.08-PM-1536x864.jpeg 1536w, https:\/\/alminutonoticia.com\/noticias\/wp-content\/uploads\/2025\/06\/WhatsApp-Image-2025-06-21-at-1.39.08-PM.jpeg 1600w\" sizes=\"(max-width: 1024px) 100vw, 1024px\" \/><\/a><\/figure>\n\n\n\n<p>El seminario concluir a eso de las 5:00pm con las palabras de la l\u00edder del Cd, Yanibel Abrego<\/p>\n\n\n\n<figure class=\"wp-block-image size-large\"><a href=\"https:\/\/alminutonoticia.com\/noticias\/wp-content\/uploads\/2025\/06\/WhatsApp-Image-2025-06-21-at-1.39.07-PM.jpeg\"><img decoding=\"async\" width=\"1024\" height=\"576\" src=\"https:\/\/alminutonoticia.com\/noticias\/wp-content\/uploads\/2025\/06\/WhatsApp-Image-2025-06-21-at-1.39.07-PM-1024x576.jpeg\" alt=\"\" class=\"wp-image-15282\" title=\"\" srcset=\"https:\/\/alminutonoticia.com\/noticias\/wp-content\/uploads\/2025\/06\/WhatsApp-Image-2025-06-21-at-1.39.07-PM-1024x576.jpeg 1024w, https:\/\/alminutonoticia.com\/noticias\/wp-content\/uploads\/2025\/06\/WhatsApp-Image-2025-06-21-at-1.39.07-PM-300x169.jpeg 300w, https:\/\/alminutonoticia.com\/noticias\/wp-content\/uploads\/2025\/06\/WhatsApp-Image-2025-06-21-at-1.39.07-PM-768x432.jpeg 768w, https:\/\/alminutonoticia.com\/noticias\/wp-content\/uploads\/2025\/06\/WhatsApp-Image-2025-06-21-at-1.39.07-PM-1536x864.jpeg 1536w, https:\/\/alminutonoticia.com\/noticias\/wp-content\/uploads\/2025\/06\/WhatsApp-Image-2025-06-21-at-1.39.07-PM.jpeg 1600w\" sizes=\"(max-width: 1024px) 100vw, 1024px\" \/><\/a><\/figure>\n","protected":false},"excerpt":{"rendered":"<p>Conscientes de la responsabilidad que como partido organizado tienen, el Partido Cambio Democr\u00e1tico, dio inicio este s\u00e1bado a su jornada de capacitaci\u00f3n con el tema: COMPROMISO, ORGANIZACION Y FUTURO PARA UN NUEVO.CD. Con la presencia de su junta directiva, Yanibel Abrego,presidenta del colectivo, contin\u00faa cumpliendo con su promesa de capacitar a la membres\u00eda y l\u00edderes, [&hellip;]<\/p>\n","protected":false},"author":3,"featured_media":15281,"comment_status":"open","ping_status":"open","sticky":false,"template":"","format":"standard","meta":{"footnotes":""},"categories":[36,37],"tags":[],"class_list":["post-15280","post","type-post","status-publish","format-standard","has-post-thumbnail","hentry","category-nacionales","category-politica"],"_links":{"self":[{"href":"https:\/\/alminutonoticia.com\/noticias\/wp-json\/wp\/v2\/posts\/15280","targetHints":{"allow":["GET"]}}],"collection":[{"href":"https:\/\/alminutonoticia.com\/noticias\/wp-json\/wp\/v2\/posts"}],"about":[{"href":"https:\/\/alminutonoticia.com\/noticias\/wp-json\/wp\/v2\/types\/post"}],"author":[{"embeddable":true,"href":"https:\/\/alminutonoticia.com\/noticias\/wp-json\/wp\/v2\/users\/3"}],"replies":[{"embeddable":true,"href":"https:\/\/alminutonoticia.com\/noticias\/wp-json\/wp\/v2\/comments?post=15280"}],"version-history":[{"count":1,"href":"https:\/\/alminutonoticia.com\/noticias\/wp-json\/wp\/v2\/posts\/15280\/revisions"}],"predecessor-version":[{"id":15283,"href":"https:\/\/alminutonoticia.com\/noticias\/wp-json\/wp\/v2\/posts\/15280\/revisions\/15283"}],"wp:featuredmedia":[{"embeddable":true,"href":"https:\/\/alminutonoticia.com\/noticias\/wp-json\/wp\/v2\/media\/15281"}],"wp:attachment":[{"href":"https:\/\/alminutonoticia.com\/noticias\/wp-json\/wp\/v2\/media?parent=15280"}],"wp:term":[{"taxonomy":"category","embeddable":true,"href":"https:\/\/alminutonoticia.com\/noticias\/wp-json\/wp\/v2\/categories?post=15280"},{"taxonomy":"post_tag","embeddable":true,"href":"https:\/\/alminutonoticia.com\/noticias\/wp-json\/wp\/v2\/tags?post=15280"}],"curies":[{"name":"wp","href":"https:\/\/api.w.org\/{rel}","templated":true}]}}