{"id":15276,"date":"2025-06-22T00:39:04","date_gmt":"2025-06-22T00:39:04","guid":{"rendered":"https:\/\/alminutonoticia.com\/noticias\/?p=15276"},"modified":"2025-06-22T00:39:06","modified_gmt":"2025-06-22T00:39:06","slug":"en-visita-a-panama-candidato-de-guyana-a-la-direccion-general-del-iica-se-reune-con-ministro-del-mida-roberto-linares-e-informa-planes-para-organismo","status":"publish","type":"post","link":"https:\/\/alminutonoticia.com\/noticias\/en-visita-a-panama-candidato-de-guyana-a-la-direccion-general-del-iica-se-reune-con-ministro-del-mida-roberto-linares-e-informa-planes-para-organismo\/","title":{"rendered":"En visita a Panam\u00e1, candidato de Guyana a la Direcci\u00f3n General del IICA se re\u00fane con ministro del MIDA Roberto Linares e informa planes para organismo"},"content":{"rendered":"\n<p>El candidato de Guyana a la Direcci\u00f3n General del Instituto Interamericano de Cooperaci\u00f3n para la Agricultura (IICA), Muhammad Ibrahim, fue recibido en Panam\u00e1 por el ministro de Desarrollo Agropecuario, Roberto Linares, con quien convers\u00f3 sobre las necesidades del pa\u00eds en materia sectorial, especialmente en las \u00e1reas de ganader\u00eda, caf\u00e9, cacao y sanidad.<br><br>En el di\u00e1logo, realizado en la sede del MIDA, Ibrahim, quien lider\u00f3 por a\u00f1os una de las escuelas de agricultura m\u00e1s importantes de Am\u00e9rica Latina y el Caribe -el Centro de Investigaci\u00f3n Agr\u00edcola Tropical y de Ense\u00f1anza Superior (CATIE)- inform\u00f3 a Linares sobre sus planes de gobierno para el IICA, indicando que dar\u00e1 plena continuidad al posicionamiento estrat\u00e9gico de la instituci\u00f3n para proveer soluciones de seguridad y de nutrici\u00f3n alimentaria en la regi\u00f3n tomando en cuenta las demandas de los pa\u00edses.<br>\u201cPanam\u00e1 y el IICA tienen una alianza estrat\u00e9gica que queremos fortalecer a\u00fan m\u00e1s a partir de enero, cuando me tocar\u00e1 asumir como nuevo Director General si los pa\u00edses me acompa\u00f1an en esta idea de dar continuidad al posicionamiento del IICA como una instituci\u00f3n estrat\u00e9gica para la construcci\u00f3n de seguridad alimentaria y nutricional y una agricultura regional asentada en zonas rurales con acceso a tecnolog\u00eda y financiamiento\u201d, coment\u00f3 Ibrahim tras la reuni\u00f3n.<\/p>\n\n\n\n<figure class=\"wp-block-image size-large\"><a href=\"https:\/\/alminutonoticia.com\/noticias\/wp-content\/uploads\/2025\/06\/WhatsApp-Image-2025-06-21-at-7.27.07-PM.jpeg\"><img fetchpriority=\"high\" decoding=\"async\" width=\"1024\" height=\"682\" src=\"https:\/\/alminutonoticia.com\/noticias\/wp-content\/uploads\/2025\/06\/WhatsApp-Image-2025-06-21-at-7.27.07-PM-1024x682.jpeg\" alt=\"\" class=\"wp-image-15277\" title=\"\" srcset=\"https:\/\/alminutonoticia.com\/noticias\/wp-content\/uploads\/2025\/06\/WhatsApp-Image-2025-06-21-at-7.27.07-PM-1024x682.jpeg 1024w, https:\/\/alminutonoticia.com\/noticias\/wp-content\/uploads\/2025\/06\/WhatsApp-Image-2025-06-21-at-7.27.07-PM-300x200.jpeg 300w, https:\/\/alminutonoticia.com\/noticias\/wp-content\/uploads\/2025\/06\/WhatsApp-Image-2025-06-21-at-7.27.07-PM-768x512.jpeg 768w, https:\/\/alminutonoticia.com\/noticias\/wp-content\/uploads\/2025\/06\/WhatsApp-Image-2025-06-21-at-7.27.07-PM.jpeg 1280w\" sizes=\"(max-width: 1024px) 100vw, 1024px\" \/><\/a><\/figure>\n\n\n\n<p><br>Con m\u00e1s de tres d\u00e9cadas de trabajo en gesti\u00f3n de instituciones internacionales, el ingeniero agr\u00f3nomo guyan\u00e9s Muhammad Ibrahim fue postulado a Director General del IICA por el presidente de Guyana, Irfaan Ali.<br>El mandatario de Guyana, una incipiente potencia petrolera tambi\u00e9n considerada la nueva frontera agr\u00edcola de las Am\u00e9ricas, indic\u00f3 que la de Ibrahim es a la vez una candidatura caribe\u00f1a y sudamericana, dado el car\u00e1cter birregional del pa\u00eds.<br>Ibrahim, que ha desarrollado su carrera internacional en pa\u00edses de Centroam\u00e9rica y el Caribe, ejerci\u00f3 puestos t\u00e9cnicos en el IICA, ocupando diversos cargos en Belice y Costa Rica. Su campa\u00f1a para convertirse en el sucesor del veterinario argentino Manuel Otero ha recibido el apoyo de 14 pa\u00edses del Caribe, adem\u00e1s de naciones de Centro y Sudam\u00e9rica.<br>Ingeniero agr\u00f3nomo por la Universidad de Guyana, tiene una maestr\u00eda en Ciencias Agr\u00edcolas y Recursos Naturales con \u00e9nfasis en Nutrici\u00f3n Animal por el Centro de Investigaci\u00f3n Agr\u00edcola Tropical y Ense\u00f1anza Superior (CATIE) en Costa Rica, donde fue director general, y cuenta tambi\u00e9n con un doctorado en Ciencias Agr\u00edcolas y Ambientales con especializaci\u00f3n en Ganader\u00eda y Nutrici\u00f3n Animal por la Universidad de Wageningen, en los Pa\u00edses Bajos.<br>\u00abMi perfil es el de un t\u00e9cnico con amplia experiencia en gesti\u00f3n institucional, que ha dedicado 35 a\u00f1os a la construcci\u00f3n de redes para aumentar la productividad y la resiliencia del sector agr\u00edcola en las Am\u00e9ricas\u00bb, dijo Ibrahim.<br>El candidato a dirigir el IICA detall\u00f3 que estableci\u00f3 alianzas, moviliz\u00f3 recursos financieros e hizo contactos clave para \u00abgarantizar el \u00e9xito de estos objetivos en las Am\u00e9ricas y sus pa\u00edses insulares\u00bb.<br>El nuevo Director General del IICA para el per\u00edodo 2026-2030, que reemplazar\u00e1 al veterinario argentino Manuel Otero, ser\u00e1 elegido en noviembre durante una reuni\u00f3n en Brasil de los ministros de Agricultura de las Am\u00e9ricas.<\/p>\n\n\n\n<figure class=\"wp-block-image size-large\"><a href=\"https:\/\/alminutonoticia.com\/noticias\/wp-content\/uploads\/2025\/06\/WhatsApp-Image-2025-06-21-at-7.27.07-PM-1.jpeg\"><img decoding=\"async\" width=\"768\" height=\"1024\" src=\"https:\/\/alminutonoticia.com\/noticias\/wp-content\/uploads\/2025\/06\/WhatsApp-Image-2025-06-21-at-7.27.07-PM-1-768x1024.jpeg\" alt=\"\" class=\"wp-image-15278\" title=\"\" srcset=\"https:\/\/alminutonoticia.com\/noticias\/wp-content\/uploads\/2025\/06\/WhatsApp-Image-2025-06-21-at-7.27.07-PM-1-768x1024.jpeg 768w, https:\/\/alminutonoticia.com\/noticias\/wp-content\/uploads\/2025\/06\/WhatsApp-Image-2025-06-21-at-7.27.07-PM-1-225x300.jpeg 225w, https:\/\/alminutonoticia.com\/noticias\/wp-content\/uploads\/2025\/06\/WhatsApp-Image-2025-06-21-at-7.27.07-PM-1.jpeg 960w\" sizes=\"(max-width: 768px) 100vw, 768px\" \/><\/a><\/figure>\n\n\n\n<p><\/p>\n","protected":false},"excerpt":{"rendered":"<p>El candidato de Guyana a la Direcci\u00f3n General del Instituto Interamericano de Cooperaci\u00f3n para la Agricultura (IICA), Muhammad Ibrahim, fue recibido en Panam\u00e1 por el ministro de Desarrollo Agropecuario, Roberto Linares, con quien convers\u00f3 sobre las necesidades del pa\u00eds en materia sectorial, especialmente en las \u00e1reas de ganader\u00eda, caf\u00e9, cacao y sanidad. En el di\u00e1logo, [&hellip;]<\/p>\n","protected":false},"author":3,"featured_media":15277,"comment_status":"open","ping_status":"open","sticky":false,"template":"","format":"standard","meta":{"footnotes":""},"categories":[36],"tags":[],"class_list":["post-15276","post","type-post","status-publish","format-standard","has-post-thumbnail","hentry","category-nacionales"],"_links":{"self":[{"href":"https:\/\/alminutonoticia.com\/noticias\/wp-json\/wp\/v2\/posts\/15276","targetHints":{"allow":["GET"]}}],"collection":[{"href":"https:\/\/alminutonoticia.com\/noticias\/wp-json\/wp\/v2\/posts"}],"about":[{"href":"https:\/\/alminutonoticia.com\/noticias\/wp-json\/wp\/v2\/types\/post"}],"author":[{"embeddable":true,"href":"https:\/\/alminutonoticia.com\/noticias\/wp-json\/wp\/v2\/users\/3"}],"replies":[{"embeddable":true,"href":"https:\/\/alminutonoticia.com\/noticias\/wp-json\/wp\/v2\/comments?post=15276"}],"version-history":[{"count":1,"href":"https:\/\/alminutonoticia.com\/noticias\/wp-json\/wp\/v2\/posts\/15276\/revisions"}],"predecessor-version":[{"id":15279,"href":"https:\/\/alminutonoticia.com\/noticias\/wp-json\/wp\/v2\/posts\/15276\/revisions\/15279"}],"wp:featuredmedia":[{"embeddable":true,"href":"https:\/\/alminutonoticia.com\/noticias\/wp-json\/wp\/v2\/media\/15277"}],"wp:attachment":[{"href":"https:\/\/alminutonoticia.com\/noticias\/wp-json\/wp\/v2\/media?parent=15276"}],"wp:term":[{"taxonomy":"category","embeddable":true,"href":"https:\/\/alminutonoticia.com\/noticias\/wp-json\/wp\/v2\/categories?post=15276"},{"taxonomy":"post_tag","embeddable":true,"href":"https:\/\/alminutonoticia.com\/noticias\/wp-json\/wp\/v2\/tags?post=15276"}],"curies":[{"name":"wp","href":"https:\/\/api.w.org\/{rel}","templated":true}]}}