{"id":15266,"date":"2025-06-22T00:25:56","date_gmt":"2025-06-22T00:25:56","guid":{"rendered":"https:\/\/alminutonoticia.com\/noticias\/?p=15266"},"modified":"2025-06-22T00:25:59","modified_gmt":"2025-06-22T00:25:59","slug":"mas-de-8000-ninos-disfrutaron-del-cierre-de-vacaciones-con-actividades-organizadas-por-la-alcaldia-de-panama","status":"publish","type":"post","link":"https:\/\/alminutonoticia.com\/noticias\/mas-de-8000-ninos-disfrutaron-del-cierre-de-vacaciones-con-actividades-organizadas-por-la-alcaldia-de-panama\/","title":{"rendered":"M\u00e1s de 8,000 ni\u00f1os disfrutaron del cierre de vacaciones con actividades organizadas por la Alcald\u00eda de Panam\u00e1"},"content":{"rendered":"\n<p>La Alcald\u00eda de Panam\u00e1 celebr\u00f3 el cierre del periodo de vacaciones escolares con una serie de actividades recreativas, culturales y familiares que reunieron a m\u00e1s de 8,000 ni\u00f1os en distintos puntos del distrito capital.<\/p>\n\n\n\n<p>El viernes, la jornada inici\u00f3 con el programa Cine en tu Comunidad, una funci\u00f3n al aire libre que permiti\u00f3 a ni\u00f1os y familias disfrutar de una pel\u00edcula en espacios p\u00fablicos, reforzando la convivencia barrial y el acceso a la cultura.<\/p>\n\n\n\n<p>Ese mismo d\u00eda, el Parque Norte fue escenario de Vacaciones Divertidas, una ma\u00f1ana llena de juegos, espect\u00e1culos, inflables y actividades did\u00e1cticas dise\u00f1adas para el disfrute familiar.<\/p>\n\n\n\n<figure class=\"wp-block-image size-large\"><a href=\"https:\/\/alminutonoticia.com\/noticias\/wp-content\/uploads\/2025\/06\/WhatsApp-Image-2025-06-21-at-3.59.30-PM-4-scaled.jpeg\"><img fetchpriority=\"high\" decoding=\"async\" width=\"1024\" height=\"683\" src=\"https:\/\/alminutonoticia.com\/noticias\/wp-content\/uploads\/2025\/06\/WhatsApp-Image-2025-06-21-at-3.59.30-PM-4-1024x683.jpeg\" alt=\"\" class=\"wp-image-15267\" title=\"\" srcset=\"https:\/\/alminutonoticia.com\/noticias\/wp-content\/uploads\/2025\/06\/WhatsApp-Image-2025-06-21-at-3.59.30-PM-4-1024x683.jpeg 1024w, https:\/\/alminutonoticia.com\/noticias\/wp-content\/uploads\/2025\/06\/WhatsApp-Image-2025-06-21-at-3.59.30-PM-4-300x200.jpeg 300w, https:\/\/alminutonoticia.com\/noticias\/wp-content\/uploads\/2025\/06\/WhatsApp-Image-2025-06-21-at-3.59.30-PM-4-768x512.jpeg 768w, https:\/\/alminutonoticia.com\/noticias\/wp-content\/uploads\/2025\/06\/WhatsApp-Image-2025-06-21-at-3.59.30-PM-4-1536x1024.jpeg 1536w, https:\/\/alminutonoticia.com\/noticias\/wp-content\/uploads\/2025\/06\/WhatsApp-Image-2025-06-21-at-3.59.30-PM-4-2048x1365.jpeg 2048w\" sizes=\"(max-width: 1024px) 100vw, 1024px\" \/><\/a><\/figure>\n\n\n\n<p>El s\u00e1bado, la celebraci\u00f3n continu\u00f3 en el complejo deportivo de La Siesta de Tocumen, con una nueva edici\u00f3n del programa La Siesta, que ofreci\u00f3 actividades l\u00fadicas, art\u00edsticas y culturales para ni\u00f1os y ni\u00f1as de la comunidad.<\/p>\n\n\n\n<p>Tambi\u00e9n el s\u00e1bado, el Parque Norte recibi\u00f3 nuevamente a miles de ni\u00f1os en el evento Familiar\u00edstico, un espacio recreativo con din\u00e1micas, presentaciones y entretenimiento para toda la familia.<\/p>\n\n\n\n<p>Como parte del cierre de la semana, la Alcald\u00eda de Panam\u00e1 organiz\u00f3 un recorrido especial en Chivas Parranderas del Distrito Capital, llevando a m\u00e1s de 300 ni\u00f1os a recorrer la ciudad en un ambiente festivo.<\/p>\n\n\n\n<figure class=\"wp-block-image size-large\"><a href=\"https:\/\/alminutonoticia.com\/noticias\/wp-content\/uploads\/2025\/06\/WhatsApp-Image-2025-06-21-at-3.59.30-PM-2-scaled.jpeg\"><img decoding=\"async\" width=\"1024\" height=\"683\" src=\"https:\/\/alminutonoticia.com\/noticias\/wp-content\/uploads\/2025\/06\/WhatsApp-Image-2025-06-21-at-3.59.30-PM-2-1024x683.jpeg\" alt=\"\" class=\"wp-image-15268\" title=\"\" srcset=\"https:\/\/alminutonoticia.com\/noticias\/wp-content\/uploads\/2025\/06\/WhatsApp-Image-2025-06-21-at-3.59.30-PM-2-1024x683.jpeg 1024w, https:\/\/alminutonoticia.com\/noticias\/wp-content\/uploads\/2025\/06\/WhatsApp-Image-2025-06-21-at-3.59.30-PM-2-300x200.jpeg 300w, https:\/\/alminutonoticia.com\/noticias\/wp-content\/uploads\/2025\/06\/WhatsApp-Image-2025-06-21-at-3.59.30-PM-2-768x512.jpeg 768w, https:\/\/alminutonoticia.com\/noticias\/wp-content\/uploads\/2025\/06\/WhatsApp-Image-2025-06-21-at-3.59.30-PM-2-1536x1024.jpeg 1536w, https:\/\/alminutonoticia.com\/noticias\/wp-content\/uploads\/2025\/06\/WhatsApp-Image-2025-06-21-at-3.59.30-PM-2-2048x1365.jpeg 2048w\" sizes=\"(max-width: 1024px) 100vw, 1024px\" \/><\/a><\/figure>\n\n\n\n<p>Estas iniciativas reflejan el compromiso de la Alcald\u00eda de Panam\u00e1 con la ni\u00f1ez capitalina, fortaleciendo los lazos comunitarios a trav\u00e9s del acceso gratuito a la recreaci\u00f3n, la cultura y el sano esparcimiento.<\/p>\n\n\n\n<figure class=\"wp-block-image size-large\"><a href=\"https:\/\/alminutonoticia.com\/noticias\/wp-content\/uploads\/2025\/06\/WhatsApp-Image-2025-06-21-at-3.59.30-PM-1-scaled.jpeg\"><img decoding=\"async\" width=\"1024\" height=\"683\" src=\"https:\/\/alminutonoticia.com\/noticias\/wp-content\/uploads\/2025\/06\/WhatsApp-Image-2025-06-21-at-3.59.30-PM-1-1024x683.jpeg\" alt=\"\" class=\"wp-image-15269\" title=\"\" srcset=\"https:\/\/alminutonoticia.com\/noticias\/wp-content\/uploads\/2025\/06\/WhatsApp-Image-2025-06-21-at-3.59.30-PM-1-1024x683.jpeg 1024w, https:\/\/alminutonoticia.com\/noticias\/wp-content\/uploads\/2025\/06\/WhatsApp-Image-2025-06-21-at-3.59.30-PM-1-300x200.jpeg 300w, https:\/\/alminutonoticia.com\/noticias\/wp-content\/uploads\/2025\/06\/WhatsApp-Image-2025-06-21-at-3.59.30-PM-1-768x512.jpeg 768w, https:\/\/alminutonoticia.com\/noticias\/wp-content\/uploads\/2025\/06\/WhatsApp-Image-2025-06-21-at-3.59.30-PM-1-1536x1024.jpeg 1536w, https:\/\/alminutonoticia.com\/noticias\/wp-content\/uploads\/2025\/06\/WhatsApp-Image-2025-06-21-at-3.59.30-PM-1-2048x1365.jpeg 2048w\" sizes=\"(max-width: 1024px) 100vw, 1024px\" \/><\/a><\/figure>\n","protected":false},"excerpt":{"rendered":"<p>La Alcald\u00eda de Panam\u00e1 celebr\u00f3 el cierre del periodo de vacaciones escolares con una serie de actividades recreativas, culturales y familiares que reunieron a m\u00e1s de 8,000 ni\u00f1os en distintos puntos del distrito capital. El viernes, la jornada inici\u00f3 con el programa Cine en tu Comunidad, una funci\u00f3n al aire libre que permiti\u00f3 a ni\u00f1os [&hellip;]<\/p>\n","protected":false},"author":3,"featured_media":15268,"comment_status":"open","ping_status":"open","sticky":false,"template":"","format":"standard","meta":{"footnotes":""},"categories":[36],"tags":[],"class_list":["post-15266","post","type-post","status-publish","format-standard","has-post-thumbnail","hentry","category-nacionales"],"_links":{"self":[{"href":"https:\/\/alminutonoticia.com\/noticias\/wp-json\/wp\/v2\/posts\/15266","targetHints":{"allow":["GET"]}}],"collection":[{"href":"https:\/\/alminutonoticia.com\/noticias\/wp-json\/wp\/v2\/posts"}],"about":[{"href":"https:\/\/alminutonoticia.com\/noticias\/wp-json\/wp\/v2\/types\/post"}],"author":[{"embeddable":true,"href":"https:\/\/alminutonoticia.com\/noticias\/wp-json\/wp\/v2\/users\/3"}],"replies":[{"embeddable":true,"href":"https:\/\/alminutonoticia.com\/noticias\/wp-json\/wp\/v2\/comments?post=15266"}],"version-history":[{"count":1,"href":"https:\/\/alminutonoticia.com\/noticias\/wp-json\/wp\/v2\/posts\/15266\/revisions"}],"predecessor-version":[{"id":15270,"href":"https:\/\/alminutonoticia.com\/noticias\/wp-json\/wp\/v2\/posts\/15266\/revisions\/15270"}],"wp:featuredmedia":[{"embeddable":true,"href":"https:\/\/alminutonoticia.com\/noticias\/wp-json\/wp\/v2\/media\/15268"}],"wp:attachment":[{"href":"https:\/\/alminutonoticia.com\/noticias\/wp-json\/wp\/v2\/media?parent=15266"}],"wp:term":[{"taxonomy":"category","embeddable":true,"href":"https:\/\/alminutonoticia.com\/noticias\/wp-json\/wp\/v2\/categories?post=15266"},{"taxonomy":"post_tag","embeddable":true,"href":"https:\/\/alminutonoticia.com\/noticias\/wp-json\/wp\/v2\/tags?post=15266"}],"curies":[{"name":"wp","href":"https:\/\/api.w.org\/{rel}","templated":true}]}}