{"id":15028,"date":"2025-06-11T14:52:03","date_gmt":"2025-06-11T14:52:03","guid":{"rendered":"https:\/\/alminutonoticia.com\/noticias\/?p=15028"},"modified":"2025-06-11T14:52:06","modified_gmt":"2025-06-11T14:52:06","slug":"consejo-de-gabinete-decreta-estado-de-emergencia-en-herrera-y-los-santos","status":"publish","type":"post","link":"https:\/\/alminutonoticia.com\/noticias\/consejo-de-gabinete-decreta-estado-de-emergencia-en-herrera-y-los-santos\/","title":{"rendered":"Consejo de Gabinete decreta estado de emergencia en Herrera y Los Santos"},"content":{"rendered":"\n<p>El Consejo de Gabinete aprob\u00f3 hoy la Resoluci\u00f3n N. 000, por la cual se declara estado de emergencia en las provincias de Herrera y Los Santos, ante la crisis h\u00eddrica por la contaminaci\u00f3n del r\u00edo La Villa y sus afluentes, que oblig\u00f3 a suspender la operaci\u00f3n de las plantas potabilizadoras debido a los elevados niveles de turbiedad y de materia org\u00e1nica en el agua del r\u00edo.<\/p>\n\n\n\n<p>Con ello se establece en hasta B\/.10,000,000.00 la suma total autorizada para las contrataciones especiales a los ministerios y entidades p\u00fablicas, para la ejecuci\u00f3n de obras y adquisici\u00f3n de los bienes y servicios necesarios y a precios de mercado debidamente justificados, para atender la situaci\u00f3n de emergencia que enfrentan las provincias de Herrera y Los Santos.<\/p>\n\n\n\n<p>El periodo dentro del cual se podr\u00e1 realizar las contrataciones especiales a las que se refiere este art\u00edculo vence el 31 de diciembre de 2025.<\/p>\n\n\n\n<p>Corresponder\u00e1 a los ministerios de Salud y de Econom\u00eda y Finanzas coordinar todas las acciones necesarias para la ejecuci\u00f3n de esta autorizaci\u00f3n, y a los ministerios o entidades solicitantes, el cumplimiento del objeto y disposiciones legales de la contrataci\u00f3n especial.<\/p>\n\n\n\n<p>Esta Resoluci\u00f3n de Gabinete podr\u00e1 ser modificada por el Consejo de Gabinete, ya sea para aumentar o disminuir la suma autorizada para realizar las contrataciones especiales, as\u00ed como para ampliar o reducir el per\u00edodo dentro del cual tales contrataciones podr\u00e1n realizarse.<\/p>\n\n\n\n<p>Tambi\u00e9n se autoriza al Ministerio de Econom\u00eda y Finanzas para que, de conformidad con el art\u00edculo 11 de la Ley 34 de 2008 y sus modificaciones, y solo en caso de ser requerido, solicite la dispensa ante la Asamblea Nacional, para la suspensi\u00f3n temporal de los l\u00edmites financieros de que trata el art\u00edculo 11 de la Ley 34 de 2008.<\/p>\n\n\n\n<p>Adem\u00e1s, se ordena que todos los ministerios y entidades que realicen adquisiciones de bienes y servicios bajo el amparo de esta Resoluci\u00f3n de Gabinete, entreguen un informe escrito con el detalle de los bienes y servicios adquiridos.<\/p>\n\n\n\n<figure class=\"wp-block-image size-large\"><a href=\"https:\/\/alminutonoticia.com\/noticias\/wp-content\/uploads\/2025\/06\/WhatsApp-Image-2025-06-10-at-6.28.44-PM-1-scaled.jpeg\"><img fetchpriority=\"high\" decoding=\"async\" width=\"1024\" height=\"683\" src=\"https:\/\/alminutonoticia.com\/noticias\/wp-content\/uploads\/2025\/06\/WhatsApp-Image-2025-06-10-at-6.28.44-PM-1-1024x683.jpeg\" alt=\"\" class=\"wp-image-15029\" title=\"\" srcset=\"https:\/\/alminutonoticia.com\/noticias\/wp-content\/uploads\/2025\/06\/WhatsApp-Image-2025-06-10-at-6.28.44-PM-1-1024x683.jpeg 1024w, https:\/\/alminutonoticia.com\/noticias\/wp-content\/uploads\/2025\/06\/WhatsApp-Image-2025-06-10-at-6.28.44-PM-1-300x200.jpeg 300w, https:\/\/alminutonoticia.com\/noticias\/wp-content\/uploads\/2025\/06\/WhatsApp-Image-2025-06-10-at-6.28.44-PM-1-768x512.jpeg 768w, https:\/\/alminutonoticia.com\/noticias\/wp-content\/uploads\/2025\/06\/WhatsApp-Image-2025-06-10-at-6.28.44-PM-1-1536x1025.jpeg 1536w, https:\/\/alminutonoticia.com\/noticias\/wp-content\/uploads\/2025\/06\/WhatsApp-Image-2025-06-10-at-6.28.44-PM-1-2048x1366.jpeg 2048w\" sizes=\"(max-width: 1024px) 100vw, 1024px\" \/><\/a><\/figure>\n","protected":false},"excerpt":{"rendered":"<p>El Consejo de Gabinete aprob\u00f3 hoy la Resoluci\u00f3n N. 000, por la cual se declara estado de emergencia en las provincias de Herrera y Los Santos, ante la crisis h\u00eddrica por la contaminaci\u00f3n del r\u00edo La Villa y sus afluentes, que oblig\u00f3 a suspender la operaci\u00f3n de las plantas potabilizadoras debido a los elevados niveles [&hellip;]<\/p>\n","protected":false},"author":3,"featured_media":15029,"comment_status":"open","ping_status":"open","sticky":false,"template":"","format":"standard","meta":{"footnotes":""},"categories":[36],"tags":[],"class_list":["post-15028","post","type-post","status-publish","format-standard","has-post-thumbnail","hentry","category-nacionales"],"_links":{"self":[{"href":"https:\/\/alminutonoticia.com\/noticias\/wp-json\/wp\/v2\/posts\/15028","targetHints":{"allow":["GET"]}}],"collection":[{"href":"https:\/\/alminutonoticia.com\/noticias\/wp-json\/wp\/v2\/posts"}],"about":[{"href":"https:\/\/alminutonoticia.com\/noticias\/wp-json\/wp\/v2\/types\/post"}],"author":[{"embeddable":true,"href":"https:\/\/alminutonoticia.com\/noticias\/wp-json\/wp\/v2\/users\/3"}],"replies":[{"embeddable":true,"href":"https:\/\/alminutonoticia.com\/noticias\/wp-json\/wp\/v2\/comments?post=15028"}],"version-history":[{"count":1,"href":"https:\/\/alminutonoticia.com\/noticias\/wp-json\/wp\/v2\/posts\/15028\/revisions"}],"predecessor-version":[{"id":15030,"href":"https:\/\/alminutonoticia.com\/noticias\/wp-json\/wp\/v2\/posts\/15028\/revisions\/15030"}],"wp:featuredmedia":[{"embeddable":true,"href":"https:\/\/alminutonoticia.com\/noticias\/wp-json\/wp\/v2\/media\/15029"}],"wp:attachment":[{"href":"https:\/\/alminutonoticia.com\/noticias\/wp-json\/wp\/v2\/media?parent=15028"}],"wp:term":[{"taxonomy":"category","embeddable":true,"href":"https:\/\/alminutonoticia.com\/noticias\/wp-json\/wp\/v2\/categories?post=15028"},{"taxonomy":"post_tag","embeddable":true,"href":"https:\/\/alminutonoticia.com\/noticias\/wp-json\/wp\/v2\/tags?post=15028"}],"curies":[{"name":"wp","href":"https:\/\/api.w.org\/{rel}","templated":true}]}}