{"id":1463,"date":"2023-03-01T13:13:20","date_gmt":"2023-03-01T13:13:20","guid":{"rendered":"https:\/\/alminutonoticia.com\/noticias\/?p=1463"},"modified":"2023-03-01T13:13:21","modified_gmt":"2023-03-01T13:13:21","slug":"panama-destacara-la-ambicion-de-aumentar-la-proteccion-de-las-areas-marinas-durante-el-our-oceans","status":"publish","type":"post","link":"https:\/\/alminutonoticia.com\/noticias\/panama-destacara-la-ambicion-de-aumentar-la-proteccion-de-las-areas-marinas-durante-el-our-oceans\/","title":{"rendered":"Panam\u00e1 destacar\u00e1 la ambici\u00f3n de aumentar la protecci\u00f3n de las \u00e1reas marinas durante el Our Oceans"},"content":{"rendered":"\n<p>Panam\u00e1 ser\u00e1 el primer pa\u00eds centroamericano en realizar la conferencia Our Oceans-Nuestro Oc\u00e9ano, uno de los eventos m\u00e1s importantes en materia de protecci\u00f3n oce\u00e1nica mundial.<\/p>\n\n\n\n<p>La conferencia \u00abOur Ocean\u00bb (Nuestros Oc\u00e9anos) se desarrollar\u00e1 en Panam\u00e1 los d\u00edas 2 y 3 de marzo y ser\u00e1 propicio para atraer futuras inversiones extranjeras en los proyectos relacionados con dicha tem\u00e1tica.<br>Entidades financieras est\u00e1n haciendo m\u00e1s \u00e9nfasis y tratando de seleccionar proyectos internacionales que sean sostenibles, precisamente alineado con el objetivo de proteger del oc\u00e9ano.<\/p>\n\n\n\n<p>Diana Laguna, viceministra de Ambiente, destac\u00f3 que \u201cNuestros oc\u00e9anos\u201d, es un espacio clave para que los pa\u00edses presenten sus acciones y las expongan al mundo y as\u00ed tener la posibilidad de obtener apoyo en nuevas iniciativas\u201d, a\u00f1adi\u00f3.<\/p>\n\n\n\n<p>Para MiAMBIENTE en esta reuni\u00f3n los pa\u00edses adquieren compromisos mundiales sobre la protecci\u00f3n de los oc\u00e9anos y en el caso de Panam\u00e1 una de las finalidades es aumentar del 30.5% a al menos el 40% de la superficie marina protegida en el pa\u00eds antes del 2024.<\/p>\n\n\n\n<p>Laguna inform\u00f3 que el pa\u00eds avanza trabajando en la capacitaci\u00f3n interinstitucional con el apoyo del Ministerio de Seguridad, puntualmente en utilizar los avances geotecnol\u00f3gicos para darle seguimiento y persecuci\u00f3n a los delitos ambientales, como lo es la pesca ilegal.<\/p>\n\n\n\n<p>Tema clave<\/p>\n\n\n\n<p>Uno de los temas prioritarios en \u201cNuestros Oc\u00e9anos\u201d es el de pesca ilegal o no reglamentada. Laguna manifest\u00f3 que esta actividad tiende a disminuir las especies marinas y agravar el estado de peligro de extinci\u00f3n de algunas, ejemplo de ello son los tiburones, que justamente por la caza ilegal, venta de aletas y de su carne, est\u00e1n propensos a esta es un cr\u00edtico estado de extinci\u00f3n; de igual manera, con relaci\u00f3n a su funci\u00f3n en el ecosistema, se\u00f1ala que se caracterizan por ser un depredador tope que mantiene un equilibrio dentro del mar.<\/p>\n\n\n\n<p>\u201cOtro animal afectado es la ballena, mam\u00edfero que absorbe carbono, lo que hace que contribuya a disminuir los efectos del cambio clim\u00e1tico\u201d, sentenci\u00f3.<br>Y es que una de la pesca no reglamentada es uno de los problemas marinos a nivel mundial, culpable de la disminuci\u00f3n de las especies y agotamiento de los recursos naturales. Los gobiernos tanto de Panam\u00e1, como de otras naciones, establecen iniciativas que permitan reforzar las actividades comerciales en comunidades costeras, sin perjudicar el ecosistema natural, ni su interior.<\/p>\n\n\n\n<p>ODS<\/p>\n\n\n\n<p>Esta ser\u00e1 la primera Conferencia \u201cOur Oceans\u201d despu\u00e9s de la entrada en vigor de los principales compromisos mundiales para los oc\u00e9anos en el marco de los Objetivos del Desarrollo Sostenible, el Convenio sobre la Diversidad Biol\u00f3gica y el Acuerdo de Par\u00eds, con el objetivo de impulsar una gesti\u00f3n sostenible y responsable de los pl\u00e1sticos, marcando as\u00ed un impulso para la acci\u00f3n oce\u00e1nica-clim\u00e1tica del mundo.<\/p>\n\n\n\n<p>Actualmente el oc\u00e9ano paname\u00f1o est\u00e1 sufriendo una triple crisis planetaria en temas de p\u00e9rdida, biodiversidad contaminaci\u00f3n y cambio clim\u00e1tico.<\/p>\n\n\n\n<p>Objetivo de Desarrollo Sostenible 14: Vida bajo el agua<\/p>\n\n\n\n<p>Seg\u00fan la Organizaci\u00f3n de Naciones Unidas (ONU), el avance de este objetivo est\u00e1 guiado por metas espec\u00edficas que se centran en una variedad de problemas oce\u00e1nicos, incluida la reducci\u00f3n de la contaminaci\u00f3n marina, la protecci\u00f3n de los ecosistemas marinos y costeros, la minimizaci\u00f3n de la acidificaci\u00f3n, el fin de la pesca ilegal y excesiva, el aumento de la inversi\u00f3n en conocimiento cient\u00edfico y tecnolog\u00eda marina, y el respeto derecho internacional que exige el uso seguro y sostenible del oc\u00e9ano y sus recursos.<\/p>\n\n\n\n<p>En esta conferencia, en la que participan m\u00e1s de 190 pa\u00edses, hay mesas tem\u00e1ticas con diferentes t\u00f3picos relacionados los desaf\u00edos globales para tener un planeta m\u00e1s saludable y con calidad de vida para todos. Tambi\u00e9n se realizar\u00e1n importantes reuniones bilaterales entre l\u00edderes azules a fin de establecer estrategias transfronterizas que protejan el oc\u00e9ano y sus productos.<\/p>\n\n\n\n<figure class=\"wp-block-image size-large\"><a href=\"https:\/\/alminutonoticia.com\/noticias\/wp-content\/uploads\/2023\/03\/WhatsApp-Image-2023-02-28-at-10.38.44-AM.jpeg\"><img fetchpriority=\"high\" decoding=\"async\" width=\"1024\" height=\"682\" src=\"https:\/\/alminutonoticia.com\/noticias\/wp-content\/uploads\/2023\/03\/WhatsApp-Image-2023-02-28-at-10.38.44-AM-1024x682.jpeg\" alt=\"\" class=\"wp-image-1464\" title=\"\" srcset=\"https:\/\/alminutonoticia.com\/noticias\/wp-content\/uploads\/2023\/03\/WhatsApp-Image-2023-02-28-at-10.38.44-AM-1024x682.jpeg 1024w, https:\/\/alminutonoticia.com\/noticias\/wp-content\/uploads\/2023\/03\/WhatsApp-Image-2023-02-28-at-10.38.44-AM-300x200.jpeg 300w, https:\/\/alminutonoticia.com\/noticias\/wp-content\/uploads\/2023\/03\/WhatsApp-Image-2023-02-28-at-10.38.44-AM-768x512.jpeg 768w, https:\/\/alminutonoticia.com\/noticias\/wp-content\/uploads\/2023\/03\/WhatsApp-Image-2023-02-28-at-10.38.44-AM-1536x1023.jpeg 1536w, https:\/\/alminutonoticia.com\/noticias\/wp-content\/uploads\/2023\/03\/WhatsApp-Image-2023-02-28-at-10.38.44-AM.jpeg 1600w\" sizes=\"(max-width: 1024px) 100vw, 1024px\" \/><\/a><\/figure>\n\n\n\n<figure class=\"wp-block-image size-large\"><a href=\"https:\/\/alminutonoticia.com\/noticias\/wp-content\/uploads\/2023\/03\/WhatsApp-Image-2023-02-28-at-10.38.29-AM.jpeg\"><img decoding=\"async\" width=\"1024\" height=\"682\" src=\"https:\/\/alminutonoticia.com\/noticias\/wp-content\/uploads\/2023\/03\/WhatsApp-Image-2023-02-28-at-10.38.29-AM-1024x682.jpeg\" alt=\"\" class=\"wp-image-1465\" title=\"\" srcset=\"https:\/\/alminutonoticia.com\/noticias\/wp-content\/uploads\/2023\/03\/WhatsApp-Image-2023-02-28-at-10.38.29-AM-1024x682.jpeg 1024w, https:\/\/alminutonoticia.com\/noticias\/wp-content\/uploads\/2023\/03\/WhatsApp-Image-2023-02-28-at-10.38.29-AM-300x200.jpeg 300w, https:\/\/alminutonoticia.com\/noticias\/wp-content\/uploads\/2023\/03\/WhatsApp-Image-2023-02-28-at-10.38.29-AM-768x512.jpeg 768w, https:\/\/alminutonoticia.com\/noticias\/wp-content\/uploads\/2023\/03\/WhatsApp-Image-2023-02-28-at-10.38.29-AM-1536x1023.jpeg 1536w, https:\/\/alminutonoticia.com\/noticias\/wp-content\/uploads\/2023\/03\/WhatsApp-Image-2023-02-28-at-10.38.29-AM.jpeg 1600w\" sizes=\"(max-width: 1024px) 100vw, 1024px\" \/><\/a><\/figure>\n\n\n\n<figure class=\"wp-block-image size-large\"><a href=\"https:\/\/alminutonoticia.com\/noticias\/wp-content\/uploads\/2023\/03\/WhatsApp-Image-2023-02-28-at-10.38.25-AM-1.jpeg\"><img decoding=\"async\" width=\"1024\" height=\"682\" src=\"https:\/\/alminutonoticia.com\/noticias\/wp-content\/uploads\/2023\/03\/WhatsApp-Image-2023-02-28-at-10.38.25-AM-1-1024x682.jpeg\" alt=\"\" class=\"wp-image-1466\" title=\"\" srcset=\"https:\/\/alminutonoticia.com\/noticias\/wp-content\/uploads\/2023\/03\/WhatsApp-Image-2023-02-28-at-10.38.25-AM-1-1024x682.jpeg 1024w, https:\/\/alminutonoticia.com\/noticias\/wp-content\/uploads\/2023\/03\/WhatsApp-Image-2023-02-28-at-10.38.25-AM-1-300x200.jpeg 300w, https:\/\/alminutonoticia.com\/noticias\/wp-content\/uploads\/2023\/03\/WhatsApp-Image-2023-02-28-at-10.38.25-AM-1-768x512.jpeg 768w, https:\/\/alminutonoticia.com\/noticias\/wp-content\/uploads\/2023\/03\/WhatsApp-Image-2023-02-28-at-10.38.25-AM-1-1536x1023.jpeg 1536w, https:\/\/alminutonoticia.com\/noticias\/wp-content\/uploads\/2023\/03\/WhatsApp-Image-2023-02-28-at-10.38.25-AM-1.jpeg 1600w\" sizes=\"(max-width: 1024px) 100vw, 1024px\" \/><\/a><\/figure>\n\n\n\n<figure class=\"wp-block-image size-large\"><a href=\"https:\/\/alminutonoticia.com\/noticias\/wp-content\/uploads\/2023\/03\/WhatsApp-Image-2023-02-28-at-10.38.25-AM.jpeg\"><img loading=\"lazy\" decoding=\"async\" width=\"1024\" height=\"682\" src=\"https:\/\/alminutonoticia.com\/noticias\/wp-content\/uploads\/2023\/03\/WhatsApp-Image-2023-02-28-at-10.38.25-AM-1024x682.jpeg\" alt=\"\" class=\"wp-image-1467\" title=\"\" srcset=\"https:\/\/alminutonoticia.com\/noticias\/wp-content\/uploads\/2023\/03\/WhatsApp-Image-2023-02-28-at-10.38.25-AM-1024x682.jpeg 1024w, https:\/\/alminutonoticia.com\/noticias\/wp-content\/uploads\/2023\/03\/WhatsApp-Image-2023-02-28-at-10.38.25-AM-300x200.jpeg 300w, https:\/\/alminutonoticia.com\/noticias\/wp-content\/uploads\/2023\/03\/WhatsApp-Image-2023-02-28-at-10.38.25-AM-768x512.jpeg 768w, https:\/\/alminutonoticia.com\/noticias\/wp-content\/uploads\/2023\/03\/WhatsApp-Image-2023-02-28-at-10.38.25-AM-1536x1023.jpeg 1536w, https:\/\/alminutonoticia.com\/noticias\/wp-content\/uploads\/2023\/03\/WhatsApp-Image-2023-02-28-at-10.38.25-AM.jpeg 1600w\" sizes=\"(max-width: 1024px) 100vw, 1024px\" \/><\/a><\/figure>\n","protected":false},"excerpt":{"rendered":"<p>Panam\u00e1 ser\u00e1 el primer pa\u00eds centroamericano en realizar la conferencia Our Oceans-Nuestro Oc\u00e9ano, uno de los eventos m\u00e1s importantes en materia de protecci\u00f3n oce\u00e1nica mundial. La conferencia \u00abOur Ocean\u00bb (Nuestros Oc\u00e9anos) se desarrollar\u00e1 en Panam\u00e1 los d\u00edas 2 y 3 de marzo y ser\u00e1 propicio para atraer futuras inversiones extranjeras en los proyectos relacionados con [&hellip;]<\/p>\n","protected":false},"author":3,"featured_media":1466,"comment_status":"open","ping_status":"open","sticky":false,"template":"","format":"standard","meta":{"footnotes":""},"categories":[42,36],"tags":[],"class_list":["post-1463","post","type-post","status-publish","format-standard","has-post-thumbnail","hentry","category-ambiente","category-nacionales"],"_links":{"self":[{"href":"https:\/\/alminutonoticia.com\/noticias\/wp-json\/wp\/v2\/posts\/1463","targetHints":{"allow":["GET"]}}],"collection":[{"href":"https:\/\/alminutonoticia.com\/noticias\/wp-json\/wp\/v2\/posts"}],"about":[{"href":"https:\/\/alminutonoticia.com\/noticias\/wp-json\/wp\/v2\/types\/post"}],"author":[{"embeddable":true,"href":"https:\/\/alminutonoticia.com\/noticias\/wp-json\/wp\/v2\/users\/3"}],"replies":[{"embeddable":true,"href":"https:\/\/alminutonoticia.com\/noticias\/wp-json\/wp\/v2\/comments?post=1463"}],"version-history":[{"count":1,"href":"https:\/\/alminutonoticia.com\/noticias\/wp-json\/wp\/v2\/posts\/1463\/revisions"}],"predecessor-version":[{"id":1468,"href":"https:\/\/alminutonoticia.com\/noticias\/wp-json\/wp\/v2\/posts\/1463\/revisions\/1468"}],"wp:featuredmedia":[{"embeddable":true,"href":"https:\/\/alminutonoticia.com\/noticias\/wp-json\/wp\/v2\/media\/1466"}],"wp:attachment":[{"href":"https:\/\/alminutonoticia.com\/noticias\/wp-json\/wp\/v2\/media?parent=1463"}],"wp:term":[{"taxonomy":"category","embeddable":true,"href":"https:\/\/alminutonoticia.com\/noticias\/wp-json\/wp\/v2\/categories?post=1463"},{"taxonomy":"post_tag","embeddable":true,"href":"https:\/\/alminutonoticia.com\/noticias\/wp-json\/wp\/v2\/tags?post=1463"}],"curies":[{"name":"wp","href":"https:\/\/api.w.org\/{rel}","templated":true}]}}