{"id":1453,"date":"2023-03-01T12:56:31","date_gmt":"2023-03-01T12:56:31","guid":{"rendered":"https:\/\/alminutonoticia.com\/noticias\/?p=1453"},"modified":"2023-03-01T12:56:32","modified_gmt":"2023-03-01T12:56:32","slug":"rechazan-recurso-presentado-contra-reserva-de-cargos-en-el-prd-surgen-reacciones","status":"publish","type":"post","link":"https:\/\/alminutonoticia.com\/noticias\/rechazan-recurso-presentado-contra-reserva-de-cargos-en-el-prd-surgen-reacciones\/","title":{"rendered":"Rechazan recurso presentado contra reserva de cargos en el PRD, surgen reacciones"},"content":{"rendered":"\n<p>Este martes 28 de febrero se conoci\u00f3 que el&nbsp;<strong>Pleno del Tribunal Electoral&nbsp;<\/strong>rechaz\u00f3 el recurso presentado por el exsecretario general del&nbsp;<a href=\"https:\/\/www.tvn-2.com\/temas\/partido-revolucionario-democratico-prd\/\" target=\"_blank\" rel=\"noopener\">Partido Revolucionario Democr\u00e1tico (PRD)<\/a>,&nbsp;<strong>Pedro Miguel Gonz\u00e1lez&nbsp;<\/strong>contra la reserva de cargos a elecci\u00f3n popular dentro del colectivo pol\u00edtico.<\/p>\n\n\n\n<p>Este recurso presentado por Gonz\u00e1lez, qui\u00e9n anunci\u00f3 que buscar\u00e1 la nominaci\u00f3n presidencial del PRD, ten\u00eda como objetivo dejar sin efecto la resoluci\u00f3n del\u00a0<strong>Comit\u00e9 Ejecutivo Nacional (CEN)\u00a0<\/strong>del partido donde se anunci\u00f3 la reserva de 114 cargos a elecci\u00f3n popular y que deber\u00edan ser sometidos a las primarias que se celebrar\u00e1n el pr\u00f3ximo 11 de junio.<\/p>\n\n\n\n<h2 class=\"wp-block-heading\">La reserva de curules que le permitieron al PRD<\/h2>\n\n\n\n<p>La tarde del viernes 3 de febrero el&nbsp;<a href=\"https:\/\/www.tvn-2.com\/temas\/tribunal-electoral\/\" target=\"_blank\" rel=\"noopener\">Tribunal Electoral (TE)<\/a>&nbsp;public\u00f3 el&nbsp;<strong>Bolet\u00edn Electoral N\u00b0 5267<\/strong>&nbsp;en el cual se establecen los cargos que fueron reservados a lo interno del&nbsp;<a href=\"https:\/\/www.tvn-2.com\/temas\/partido-revolucionario-democratico-prd\/\" target=\"_blank\" rel=\"noopener\">Partido Revolucionario Democr\u00e1tico (PRD<\/a>)&nbsp;y que no ser\u00e1n sometidos a elecciones primarias.<\/p>\n\n\n\n<p>El PRD solicit\u00f3 la reserva de&nbsp;<strong>28 cargos a diputados, 22 a alcaldes y 64 cargos de representantes<\/strong>, lo que totaliza 114 reservas y equivale a un 13.25% de la totalidad de los cargos a puestos de elecci\u00f3n popular.<\/p>\n\n\n\n<p>En la provincia de\u00a0Bocas del Toro\u00a0se reservaron dos curules. Dentro de este circuito electoral (1-1), est\u00e1 el actual presidente del partido,\u00a0<strong>Benicio Robinson<\/strong>, quien tambi\u00e9n es el presidente de la Comisi\u00f3n de Presupuesto de la Asamblea Nacional.<\/p>\n\n\n\n<p>Mientras que, en el distrito de&nbsp;San Miguelito, donde actualmente son&nbsp;diputados,&nbsp;<strong>Ra\u00fal Pineda, Zulay Rodr\u00edguez, Leandro \u00c1vila<\/strong>&nbsp;y en alianza con el Molirena el diputado&nbsp;<strong>Francisco Alem\u00e1n&nbsp;s<\/strong>e reservaron las 7 curules.<\/p>\n\n\n\n<p><strong>Tambi\u00e9n se reservaron las alcald\u00edas de Panam\u00e1 y San Miguelito.<\/strong><\/p>\n\n\n\n<p>En la resoluci\u00f3n del\u00a0<strong>Comit\u00e9 Ejecutivo Nacional (CEN)\u00a0<\/strong>del PRD se mantuvo el art\u00edculo segundo que establece que \u201c<em>el Consejo Directivo Nacional elegir\u00e1 al candidato, cuando despu\u00e9s de celebradas las elecciones primarias para elegir \u00e9l o los candidatos a representantes de corregimientos, concejales, alcaldes o diputados con cualquier circunstancia que se produzca vacante absoluta en una candidatura<\/em>\u201d.<\/p>\n\n\n\n<figure class=\"wp-block-image size-full\"><a href=\"https:\/\/alminutonoticia.com\/noticias\/wp-content\/uploads\/2023\/03\/TribunalElectoralfachada_ML156536_MG103260162.jpg\"><img fetchpriority=\"high\" decoding=\"async\" width=\"600\" height=\"338\" src=\"https:\/\/alminutonoticia.com\/noticias\/wp-content\/uploads\/2023\/03\/TribunalElectoralfachada_ML156536_MG103260162.jpg\" alt=\"\" class=\"wp-image-1454\" title=\"\" srcset=\"https:\/\/alminutonoticia.com\/noticias\/wp-content\/uploads\/2023\/03\/TribunalElectoralfachada_ML156536_MG103260162.jpg 600w, https:\/\/alminutonoticia.com\/noticias\/wp-content\/uploads\/2023\/03\/TribunalElectoralfachada_ML156536_MG103260162-300x169.jpg 300w\" sizes=\"(max-width: 600px) 100vw, 600px\" \/><\/a><\/figure>\n","protected":false},"excerpt":{"rendered":"<p>Este martes 28 de febrero se conoci\u00f3 que el&nbsp;Pleno del Tribunal Electoral&nbsp;rechaz\u00f3 el recurso presentado por el exsecretario general del&nbsp;Partido Revolucionario Democr\u00e1tico (PRD),&nbsp;Pedro Miguel Gonz\u00e1lez&nbsp;contra la reserva de cargos a elecci\u00f3n popular dentro del colectivo pol\u00edtico. Este recurso presentado por Gonz\u00e1lez, qui\u00e9n anunci\u00f3 que buscar\u00e1 la nominaci\u00f3n presidencial del PRD, ten\u00eda como objetivo dejar sin [&hellip;]<\/p>\n","protected":false},"author":3,"featured_media":1454,"comment_status":"open","ping_status":"open","sticky":false,"template":"","format":"standard","meta":{"footnotes":""},"categories":[36,37],"tags":[],"class_list":["post-1453","post","type-post","status-publish","format-standard","has-post-thumbnail","hentry","category-nacionales","category-politica"],"_links":{"self":[{"href":"https:\/\/alminutonoticia.com\/noticias\/wp-json\/wp\/v2\/posts\/1453","targetHints":{"allow":["GET"]}}],"collection":[{"href":"https:\/\/alminutonoticia.com\/noticias\/wp-json\/wp\/v2\/posts"}],"about":[{"href":"https:\/\/alminutonoticia.com\/noticias\/wp-json\/wp\/v2\/types\/post"}],"author":[{"embeddable":true,"href":"https:\/\/alminutonoticia.com\/noticias\/wp-json\/wp\/v2\/users\/3"}],"replies":[{"embeddable":true,"href":"https:\/\/alminutonoticia.com\/noticias\/wp-json\/wp\/v2\/comments?post=1453"}],"version-history":[{"count":1,"href":"https:\/\/alminutonoticia.com\/noticias\/wp-json\/wp\/v2\/posts\/1453\/revisions"}],"predecessor-version":[{"id":1455,"href":"https:\/\/alminutonoticia.com\/noticias\/wp-json\/wp\/v2\/posts\/1453\/revisions\/1455"}],"wp:featuredmedia":[{"embeddable":true,"href":"https:\/\/alminutonoticia.com\/noticias\/wp-json\/wp\/v2\/media\/1454"}],"wp:attachment":[{"href":"https:\/\/alminutonoticia.com\/noticias\/wp-json\/wp\/v2\/media?parent=1453"}],"wp:term":[{"taxonomy":"category","embeddable":true,"href":"https:\/\/alminutonoticia.com\/noticias\/wp-json\/wp\/v2\/categories?post=1453"},{"taxonomy":"post_tag","embeddable":true,"href":"https:\/\/alminutonoticia.com\/noticias\/wp-json\/wp\/v2\/tags?post=1453"}],"curies":[{"name":"wp","href":"https:\/\/api.w.org\/{rel}","templated":true}]}}