{"id":1445,"date":"2023-02-28T10:29:29","date_gmt":"2023-02-28T10:29:29","guid":{"rendered":"https:\/\/alminutonoticia.com\/noticias\/?p=1445"},"modified":"2023-02-28T10:29:30","modified_gmt":"2023-02-28T10:29:30","slug":"subsidio-electoral-a-cd-continua-suspendido","status":"publish","type":"post","link":"https:\/\/alminutonoticia.com\/noticias\/subsidio-electoral-a-cd-continua-suspendido\/","title":{"rendered":"Subsidio electoral a CD contin\u00faa suspendido"},"content":{"rendered":"\n<p>El Tribunal Electoral neg\u00f3 la prorroga solicitada por el presidente del partido Cambio Democr\u00e1tico R\u00f3mulo Roux, con la cual buscaba extender el plazo para realizar las elecciones internas que elegir\u00e1n la nueva Junta Directiva de CD, lo que a juicio de la diputada Yanibel Abrego: \u00a8Es otra derrota para Roux\u00a8.<\/p>\n\n\n\n<p>El acuerdo de pleno 3-1 de 23 de enero de 2023 se confirma en todas sus partes, a trav\u00e9s del cual se decidi\u00f3 suspender el subsidio electoral al partido Cambio Democr\u00e1tico, por lo que contin\u00faa suspendido el financiamiento pol\u00edtico a este colectivo.<\/p>\n\n\n\n<p>El recurso de reconsideraci\u00f3n presentado por el licenciado Everardo Lozano P\u00ednz\u00f3n en calidad de apoderado de R\u00f3mulo Roux presidente de Cambio Democr\u00e1tico fue negado y lleva la firma de los magistrados Alfredo Junc\u00e1, presidente, Luis Guerra, magistrado segundo vicepresidente, Yara Ivette Campo, directora ejecutiva institucional.<\/p>\n\n\n\n<p>La negaci\u00f3n de este recurso a R\u00f3mulo Roux, evidencia una vez m\u00e1s, de acuerdo a Yanibel Abrego, que las peticiones hechas por los 14 diputados y por las bases del CD tienen fundamento y que R\u00f3mulo Roux no est\u00e1 por encima de la ley.<\/p>\n\n\n\n<p>Lastimosamente, por caprichos intencionales de este se\u00f1or, para no llevar a cabo las elecciones en el tiempo que corresponde, el personal que labora en Cambio Democr\u00e1tico es el que est\u00e1 siendo afectado al no recibir salarios.<\/p>\n\n\n\n<figure class=\"wp-block-image size-full\"><a href=\"https:\/\/alminutonoticia.com\/noticias\/wp-content\/uploads\/2023\/02\/whatsapp-image-2023-02-02-at-10-30_101-3395757_20230202083302.jpg\"><img fetchpriority=\"high\" decoding=\"async\" width=\"855\" height=\"550\" src=\"https:\/\/alminutonoticia.com\/noticias\/wp-content\/uploads\/2023\/02\/whatsapp-image-2023-02-02-at-10-30_101-3395757_20230202083302.jpg\" alt=\"\" class=\"wp-image-1446\" title=\"\" srcset=\"https:\/\/alminutonoticia.com\/noticias\/wp-content\/uploads\/2023\/02\/whatsapp-image-2023-02-02-at-10-30_101-3395757_20230202083302.jpg 855w, https:\/\/alminutonoticia.com\/noticias\/wp-content\/uploads\/2023\/02\/whatsapp-image-2023-02-02-at-10-30_101-3395757_20230202083302-300x193.jpg 300w, https:\/\/alminutonoticia.com\/noticias\/wp-content\/uploads\/2023\/02\/whatsapp-image-2023-02-02-at-10-30_101-3395757_20230202083302-768x494.jpg 768w\" sizes=\"(max-width: 855px) 100vw, 855px\" \/><\/a><\/figure>\n\n\n\n<figure class=\"wp-block-image size-large\"><a href=\"https:\/\/alminutonoticia.com\/noticias\/wp-content\/uploads\/2023\/02\/WhatsApp-Image-2023-02-27-at-2.15.05-PM.jpeg\"><img decoding=\"async\" width=\"768\" height=\"1024\" src=\"https:\/\/alminutonoticia.com\/noticias\/wp-content\/uploads\/2023\/02\/WhatsApp-Image-2023-02-27-at-2.15.05-PM-768x1024.jpeg\" alt=\"\" class=\"wp-image-1447\" title=\"\" srcset=\"https:\/\/alminutonoticia.com\/noticias\/wp-content\/uploads\/2023\/02\/WhatsApp-Image-2023-02-27-at-2.15.05-PM-768x1024.jpeg 768w, https:\/\/alminutonoticia.com\/noticias\/wp-content\/uploads\/2023\/02\/WhatsApp-Image-2023-02-27-at-2.15.05-PM-225x300.jpeg 225w, https:\/\/alminutonoticia.com\/noticias\/wp-content\/uploads\/2023\/02\/WhatsApp-Image-2023-02-27-at-2.15.05-PM-1152x1536.jpeg 1152w, https:\/\/alminutonoticia.com\/noticias\/wp-content\/uploads\/2023\/02\/WhatsApp-Image-2023-02-27-at-2.15.05-PM.jpeg 1200w\" sizes=\"(max-width: 768px) 100vw, 768px\" \/><\/a><\/figure>\n","protected":false},"excerpt":{"rendered":"<p>El Tribunal Electoral neg\u00f3 la prorroga solicitada por el presidente del partido Cambio Democr\u00e1tico R\u00f3mulo Roux, con la cual buscaba extender el plazo para realizar las elecciones internas que elegir\u00e1n la nueva Junta Directiva de CD, lo que a juicio de la diputada Yanibel Abrego: \u00a8Es otra derrota para Roux\u00a8. El acuerdo de pleno 3-1 [&hellip;]<\/p>\n","protected":false},"author":3,"featured_media":1446,"comment_status":"open","ping_status":"open","sticky":false,"template":"","format":"standard","meta":{"footnotes":""},"categories":[36,37],"tags":[],"class_list":["post-1445","post","type-post","status-publish","format-standard","has-post-thumbnail","hentry","category-nacionales","category-politica"],"_links":{"self":[{"href":"https:\/\/alminutonoticia.com\/noticias\/wp-json\/wp\/v2\/posts\/1445","targetHints":{"allow":["GET"]}}],"collection":[{"href":"https:\/\/alminutonoticia.com\/noticias\/wp-json\/wp\/v2\/posts"}],"about":[{"href":"https:\/\/alminutonoticia.com\/noticias\/wp-json\/wp\/v2\/types\/post"}],"author":[{"embeddable":true,"href":"https:\/\/alminutonoticia.com\/noticias\/wp-json\/wp\/v2\/users\/3"}],"replies":[{"embeddable":true,"href":"https:\/\/alminutonoticia.com\/noticias\/wp-json\/wp\/v2\/comments?post=1445"}],"version-history":[{"count":1,"href":"https:\/\/alminutonoticia.com\/noticias\/wp-json\/wp\/v2\/posts\/1445\/revisions"}],"predecessor-version":[{"id":1448,"href":"https:\/\/alminutonoticia.com\/noticias\/wp-json\/wp\/v2\/posts\/1445\/revisions\/1448"}],"wp:featuredmedia":[{"embeddable":true,"href":"https:\/\/alminutonoticia.com\/noticias\/wp-json\/wp\/v2\/media\/1446"}],"wp:attachment":[{"href":"https:\/\/alminutonoticia.com\/noticias\/wp-json\/wp\/v2\/media?parent=1445"}],"wp:term":[{"taxonomy":"category","embeddable":true,"href":"https:\/\/alminutonoticia.com\/noticias\/wp-json\/wp\/v2\/categories?post=1445"},{"taxonomy":"post_tag","embeddable":true,"href":"https:\/\/alminutonoticia.com\/noticias\/wp-json\/wp\/v2\/tags?post=1445"}],"curies":[{"name":"wp","href":"https:\/\/api.w.org\/{rel}","templated":true}]}}