{"id":1439,"date":"2023-02-28T10:24:13","date_gmt":"2023-02-28T10:24:13","guid":{"rendered":"https:\/\/alminutonoticia.com\/noticias\/?p=1439"},"modified":"2023-02-28T10:24:14","modified_gmt":"2023-02-28T10:24:14","slug":"conferencia-internacional-our-ocean-2023-inicia-este-jueves-en-panama","status":"publish","type":"post","link":"https:\/\/alminutonoticia.com\/noticias\/conferencia-internacional-our-ocean-2023-inicia-este-jueves-en-panama\/","title":{"rendered":"Conferencia internacional Our Ocean 2023 inicia este jueves en Panam\u00e1"},"content":{"rendered":"\n<p>En d\u00edas pasados, se realiz\u00f3 el lanzamiento de la Conferencia&nbsp;<strong>Our Ocean 2023&nbsp;<\/strong>que tendr\u00e1 lugar el pr\u00f3ximo 2 y 3 de marzo.&nbsp;<\/p>\n\n\n\n<p>Bajo el lema \u201cNuestro Oc\u00e9ano, Nuestra Conexi\u00f3n\u201d, se estar\u00e1 compartiendo durante los dos d\u00edas del evento, distintas acciones y pol\u00edticas que garantizan la protecci\u00f3n de los oc\u00e9anos, la gesti\u00f3n responsable de los recursos marinos y a futuro, el crecimiento econ\u00f3mico sostenible.<\/p>\n\n\n\n<p><strong>La viceministra de Asuntos Multilaterales y Cooperaci\u00f3n Internacional, Yill Otero,<\/strong>\u00a0se\u00f1al\u00f3 que este es un evento trascendental debido a que permitir\u00e1 a los distintos gobiernos, empresarios y miembros de la sociedad civil; plantear recomendaciones para salvar los oc\u00e9anos gracias a impactos medibles y la cooperaci\u00f3n.<\/p>\n\n\n\n<p>Al evento, se dar\u00e1n citas los distintos representantes de gobiernos, sector privado, organizaciones internacionales, Organizaciones No Gubernamentales, acad\u00e9micos y cient\u00edficos quienes consensuar\u00e1n acciones encaminadas a proteger los oc\u00e9anos de la poluci\u00f3n marina, el cambio clim\u00e1tico y la acidificaci\u00f3n, entre otras amenazas, y garantizar as\u00ed una gesti\u00f3n responsable de los recursos marinos, lo mismo que un crecimiento econ\u00f3mico sostenible.<\/p>\n\n\n\n<p>La conferencia estar\u00e1 centrada en seis ejes de acci\u00f3n: \u00c1reas marinas protegidas, seguridad marina, econom\u00eda azul, pesca sostenible, cambio clim\u00e1tico y contaminaci\u00f3n marina.<\/p>\n\n\n\n<p>Se espera que el evento comience con la Cumbre de L\u00edderes Juveniles, quienes presentar\u00e1n m\u00e1s de 70 soluciones oce\u00e1nicas creadas por j\u00f3venes de diferentes pa\u00edses, en las que ser\u00e1n analizadas las principales amenazas, as\u00ed como caminos para fomentar y fortalecer las alianzas de cara a una acci\u00f3n sostenible.<\/p>\n\n\n\n<p>Los participantes tendr\u00e1n la oportunidad de conocer la importancia de Panam\u00e1, su relaci\u00f3n hist\u00f3rica con el oc\u00e9ano y sus aportes encaminados a un futuro sostenible basada en la protecci\u00f3n y conservaci\u00f3n de este recurso natural vital para la humanidad.<\/p>\n\n\n\n<p>Con este fin, se estar\u00e1n realizando distintas giras de trabajo a los viveros de coral y de pepino de mar, y visitar\u00e1n tanto el\u00a0<strong>Biomuseo<\/strong>\u00a0como el\u00a0<strong>Canal de Panam\u00e1.<\/strong><\/p>\n\n\n\n<figure class=\"wp-block-image size-full\"><a href=\"https:\/\/alminutonoticia.com\/noticias\/wp-content\/uploads\/2023\/02\/WhatsApp-Image-2023-02-27-at-1.20.21-PM.jpeg\"><img fetchpriority=\"high\" decoding=\"async\" width=\"360\" height=\"240\" src=\"https:\/\/alminutonoticia.com\/noticias\/wp-content\/uploads\/2023\/02\/WhatsApp-Image-2023-02-27-at-1.20.21-PM.jpeg\" alt=\"\" class=\"wp-image-1440\" title=\"\" srcset=\"https:\/\/alminutonoticia.com\/noticias\/wp-content\/uploads\/2023\/02\/WhatsApp-Image-2023-02-27-at-1.20.21-PM.jpeg 360w, https:\/\/alminutonoticia.com\/noticias\/wp-content\/uploads\/2023\/02\/WhatsApp-Image-2023-02-27-at-1.20.21-PM-300x200.jpeg 300w\" sizes=\"(max-width: 360px) 100vw, 360px\" \/><\/a><\/figure>\n","protected":false},"excerpt":{"rendered":"<p>En d\u00edas pasados, se realiz\u00f3 el lanzamiento de la Conferencia&nbsp;Our Ocean 2023&nbsp;que tendr\u00e1 lugar el pr\u00f3ximo 2 y 3 de marzo.&nbsp; Bajo el lema \u201cNuestro Oc\u00e9ano, Nuestra Conexi\u00f3n\u201d, se estar\u00e1 compartiendo durante los dos d\u00edas del evento, distintas acciones y pol\u00edticas que garantizan la protecci\u00f3n de los oc\u00e9anos, la gesti\u00f3n responsable de los recursos marinos [&hellip;]<\/p>\n","protected":false},"author":3,"featured_media":1440,"comment_status":"open","ping_status":"open","sticky":false,"template":"","format":"standard","meta":{"footnotes":""},"categories":[42,39,36],"tags":[],"class_list":["post-1439","post","type-post","status-publish","format-standard","has-post-thumbnail","hentry","category-ambiente","category-internacionales","category-nacionales"],"_links":{"self":[{"href":"https:\/\/alminutonoticia.com\/noticias\/wp-json\/wp\/v2\/posts\/1439","targetHints":{"allow":["GET"]}}],"collection":[{"href":"https:\/\/alminutonoticia.com\/noticias\/wp-json\/wp\/v2\/posts"}],"about":[{"href":"https:\/\/alminutonoticia.com\/noticias\/wp-json\/wp\/v2\/types\/post"}],"author":[{"embeddable":true,"href":"https:\/\/alminutonoticia.com\/noticias\/wp-json\/wp\/v2\/users\/3"}],"replies":[{"embeddable":true,"href":"https:\/\/alminutonoticia.com\/noticias\/wp-json\/wp\/v2\/comments?post=1439"}],"version-history":[{"count":1,"href":"https:\/\/alminutonoticia.com\/noticias\/wp-json\/wp\/v2\/posts\/1439\/revisions"}],"predecessor-version":[{"id":1441,"href":"https:\/\/alminutonoticia.com\/noticias\/wp-json\/wp\/v2\/posts\/1439\/revisions\/1441"}],"wp:featuredmedia":[{"embeddable":true,"href":"https:\/\/alminutonoticia.com\/noticias\/wp-json\/wp\/v2\/media\/1440"}],"wp:attachment":[{"href":"https:\/\/alminutonoticia.com\/noticias\/wp-json\/wp\/v2\/media?parent=1439"}],"wp:term":[{"taxonomy":"category","embeddable":true,"href":"https:\/\/alminutonoticia.com\/noticias\/wp-json\/wp\/v2\/categories?post=1439"},{"taxonomy":"post_tag","embeddable":true,"href":"https:\/\/alminutonoticia.com\/noticias\/wp-json\/wp\/v2\/tags?post=1439"}],"curies":[{"name":"wp","href":"https:\/\/api.w.org\/{rel}","templated":true}]}}