{"id":14194,"date":"2025-03-22T12:07:42","date_gmt":"2025-03-22T12:07:42","guid":{"rendered":"https:\/\/alminutonoticia.com\/noticias\/?p=14194"},"modified":"2025-03-22T12:07:43","modified_gmt":"2025-03-22T12:07:43","slug":"ciudadanos-ponen-en-practica-protocolos-de-seguridad-tras-sismo-de-6-3-en-panama","status":"publish","type":"post","link":"https:\/\/alminutonoticia.com\/noticias\/ciudadanos-ponen-en-practica-protocolos-de-seguridad-tras-sismo-de-6-3-en-panama\/","title":{"rendered":"Ciudadanos ponen en pr\u00e1ctica protocolos de seguridad tras sismo de 6.3 en Panam\u00e1"},"content":{"rendered":"\n<p>La ma\u00f1ana de este viernes 21 de marzo, un sismo de magnitud 6.3 sacudi\u00f3 varias provincias del pa\u00eds, generando la activaci\u00f3n inmediata de protocolos de evacuaci\u00f3n en distintas comunidades y edificaciones. El epicentro del movimiento tel\u00farico se ubic\u00f3 a 78 kil\u00f3metros al suroeste de Coiba, con una profundidad de 10 kil\u00f3metros, seg\u00fan confirm\u00f3 el Instituto de Geociencias de la Universidad de Panam\u00e1.<\/p>\n\n\n\n<p>El Sistema Nacional de Protecci\u00f3n Civil (Sinaproc) destac\u00f3 la respuesta de la ciudadan\u00eda, que en diversas zonas como Bocas del Toro, Herrera, Chiriqu\u00ed y Veraguas aplic\u00f3 los planes de seguridad y se traslad\u00f3 a sitios seguros. En la capital, algunos edificios en Costa del Este fueron evacuados de manera preventiva.<\/p>\n\n\n\n<p>El director del Sinaproc, Omar Smith Gallardo, asegur\u00f3 que, hasta el momento, no se han registrado da\u00f1os ni afectaciones significativas. Adem\u00e1s, enfatiz\u00f3 que los equipos de monitoreo contin\u00faan en alerta para atender cualquier eventualidad. \u00abEs esencial que la poblaci\u00f3n mantenga la calma, revise el estado de sus viviendas y permanezca atenta a la informaci\u00f3n oficial\u00bb, indic\u00f3.<\/p>\n\n\n\n<p>Las autoridades han reforzado la vigilancia en cl\u00ednicas, policl\u00ednicas e instalaciones p\u00fablicas, garantizando la seguridad de los ciudadanos. Asimismo, reiteraron la importancia de conocer y practicar los procedimientos de evacuaci\u00f3n ante futuros eventos s\u00edsmicos.<\/p>\n\n\n\n<p>Las recomendaciones oficiales incluyen mantenerse informado a trav\u00e9s de fuentes verificadas, identificar rutas de evacuaci\u00f3n y preparar un plan de emergencia familiar. Las autoridades contin\u00faan con la supervisi\u00f3n y exhortan a la poblaci\u00f3n a reportar cualquier da\u00f1o estructural que represente un riesgo.<\/p>\n\n\n\n<figure class=\"wp-block-image size-full\"><a href=\"https:\/\/alminutonoticia.com\/noticias\/wp-content\/uploads\/2025\/03\/Gmk9_2TWAAgafIx-770x470-1.jpg\"><img fetchpriority=\"high\" decoding=\"async\" width=\"770\" height=\"470\" src=\"https:\/\/alminutonoticia.com\/noticias\/wp-content\/uploads\/2025\/03\/Gmk9_2TWAAgafIx-770x470-1.jpg\" alt=\"\" class=\"wp-image-14195\" title=\"\" srcset=\"https:\/\/alminutonoticia.com\/noticias\/wp-content\/uploads\/2025\/03\/Gmk9_2TWAAgafIx-770x470-1.jpg 770w, https:\/\/alminutonoticia.com\/noticias\/wp-content\/uploads\/2025\/03\/Gmk9_2TWAAgafIx-770x470-1-300x183.jpg 300w, https:\/\/alminutonoticia.com\/noticias\/wp-content\/uploads\/2025\/03\/Gmk9_2TWAAgafIx-770x470-1-768x469.jpg 768w\" sizes=\"(max-width: 770px) 100vw, 770px\" \/><\/a><\/figure>\n","protected":false},"excerpt":{"rendered":"<p>La ma\u00f1ana de este viernes 21 de marzo, un sismo de magnitud 6.3 sacudi\u00f3 varias provincias del pa\u00eds, generando la activaci\u00f3n inmediata de protocolos de evacuaci\u00f3n en distintas comunidades y edificaciones. El epicentro del movimiento tel\u00farico se ubic\u00f3 a 78 kil\u00f3metros al suroeste de Coiba, con una profundidad de 10 kil\u00f3metros, seg\u00fan confirm\u00f3 el Instituto [&hellip;]<\/p>\n","protected":false},"author":3,"featured_media":14195,"comment_status":"open","ping_status":"open","sticky":false,"template":"","format":"standard","meta":{"footnotes":""},"categories":[36],"tags":[],"class_list":["post-14194","post","type-post","status-publish","format-standard","has-post-thumbnail","hentry","category-nacionales"],"_links":{"self":[{"href":"https:\/\/alminutonoticia.com\/noticias\/wp-json\/wp\/v2\/posts\/14194","targetHints":{"allow":["GET"]}}],"collection":[{"href":"https:\/\/alminutonoticia.com\/noticias\/wp-json\/wp\/v2\/posts"}],"about":[{"href":"https:\/\/alminutonoticia.com\/noticias\/wp-json\/wp\/v2\/types\/post"}],"author":[{"embeddable":true,"href":"https:\/\/alminutonoticia.com\/noticias\/wp-json\/wp\/v2\/users\/3"}],"replies":[{"embeddable":true,"href":"https:\/\/alminutonoticia.com\/noticias\/wp-json\/wp\/v2\/comments?post=14194"}],"version-history":[{"count":1,"href":"https:\/\/alminutonoticia.com\/noticias\/wp-json\/wp\/v2\/posts\/14194\/revisions"}],"predecessor-version":[{"id":14196,"href":"https:\/\/alminutonoticia.com\/noticias\/wp-json\/wp\/v2\/posts\/14194\/revisions\/14196"}],"wp:featuredmedia":[{"embeddable":true,"href":"https:\/\/alminutonoticia.com\/noticias\/wp-json\/wp\/v2\/media\/14195"}],"wp:attachment":[{"href":"https:\/\/alminutonoticia.com\/noticias\/wp-json\/wp\/v2\/media?parent=14194"}],"wp:term":[{"taxonomy":"category","embeddable":true,"href":"https:\/\/alminutonoticia.com\/noticias\/wp-json\/wp\/v2\/categories?post=14194"},{"taxonomy":"post_tag","embeddable":true,"href":"https:\/\/alminutonoticia.com\/noticias\/wp-json\/wp\/v2\/tags?post=14194"}],"curies":[{"name":"wp","href":"https:\/\/api.w.org\/{rel}","templated":true}]}}