{"id":14190,"date":"2025-03-22T12:04:51","date_gmt":"2025-03-22T12:04:51","guid":{"rendered":"https:\/\/alminutonoticia.com\/noticias\/?p=14190"},"modified":"2025-03-22T12:04:53","modified_gmt":"2025-03-22T12:04:53","slug":"moon-fest-ancestral-culture-un-encuentro-cultural-unico-en-panama","status":"publish","type":"post","link":"https:\/\/alminutonoticia.com\/noticias\/moon-fest-ancestral-culture-un-encuentro-cultural-unico-en-panama\/","title":{"rendered":"Moon Fest Ancestral Culture:  Un encuentro cultural \u00fanico en Panam\u00e1"},"content":{"rendered":"\n<p>. Panam\u00e1 se prepara para recibir la primera edici\u00f3n del Moon Fest Ancestral Culture, un festival que celebrar\u00e1 la diversidad de las culturas orientales y asi\u00e1ticas en un evento sin precedentes. El festival se llevar\u00e1 a cabo los d\u00edas 12 y 13 de abril en el Convento de las Mojas de la Concepci\u00f3n del Sitio Arqueol\u00f3gico de Panam\u00e1 Viejo, un referente tur\u00edstico mundial.<\/p>\n\n\n\n<p>El evento se desarrollar\u00e1 de 5:00 p.m. a 11:00 p.m., ofreciendo una experiencia vibrante que fusiona tradiciones, arte, gastronom\u00eda y moda. Turqu\u00eda, India, Marruecos, Indonesia y diversas naciones \u00e1rabes tendr\u00e1n una presencia destacada, mostrando la influencia de sus comunidades en la cultura paname\u00f1a. \u201cEl Moon Fest Ancestral Culture busca consolidarse como una plataforma para explorar estas ricas culturas a trav\u00e9s de la gastronom\u00eda, el arte, la danza y los mercados tradicionales, impactando en la econom\u00eda de artesanos y emprendedores\u201d, destac\u00f3 Enrique S\u00e1nchez, director general del evento.<\/p>\n\n\n\n<p>Una experiencia inolvidable<\/p>\n\n\n\n<p>El festival, para todas las edades, promete ser una experiencia inolvidable, los asistentes podr\u00e1n disfrutar de una variada gastron\u00f3mia por parte de emprendedores quienes presentaran una oferta culinaria que refleja la riqueza de sus tradiciones. Adem\u00e1s contaremos con restaurantes de la localidad tales como: Barrio Pizza, Austin Mama&#8217;s, Delicias del Per\u00fa y el p\u00fablico podr\u00e1 degustar del reconocido Caf\u00e9 C\u00f3rdoba y de Kaffa Coffee Pty, a cargo del barista internacional Darwin Salazar.<\/p>\n\n\n\n<p>Uno de los momentos m\u00e1s esperados ser\u00e1 la pasarela de moda, donde dise\u00f1adores reconocidos como Jos\u00e9 D\u00edaz, Jaime Luna, Jochebec y Miva Designs presentar\u00e1n creaciones inspiradas en abayas, molas y moda india.<\/p>\n\n\n\n<p>S\u00e1nchez destac\u00f3 que el evento cuenta con el respaldo&nbsp; de ADN Creativo y otros patrocinadores, que apuestan a que esta iniciativa se consolide como un referente anual que impulse el turismo cultural y sostenible en Panam\u00e1.<\/p>\n\n\n\n<p>El Moon Fest Culture tambi\u00e9n ofrecer\u00e1 diversas actividades, incluyendo: Torneo de Mario Kart, organizado por The Cat Cave Gaming, con premios como estad\u00eda en hotel, paseos en catamar\u00e1n y hospedaje en casa de playa, cortes\u00eda de PTY-Safety Travel, mientras que para el p\u00fablico en general se realizar\u00e1 una din\u00e1mica para participar por boletos a Estambul cortes\u00eda de Turkish Airlines.<\/p>\n\n\n\n<p>Tambi\u00e9n habr\u00e1 espacio para exhibiciones culturales-folcl\u00f3ricas con presentaciones en vivo del&nbsp; Ballet Folcl\u00f3rico del Canal de Panam\u00e1, el Colegio Nuestra Se\u00f1ora de Lourdes, la Academia Leyla Salam (danzas \u00e1rabes) y Panam\u00e1 Flamenco (danzas espa\u00f1olas). Se contar\u00e1 con un \u00e1rea para juegos infantiles y experiencias interactivas.<\/p>\n\n\n\n<p>El evento cuenta con el apoyo del Ministerio de Cultura, Turkish Airline, Mega Travel y Sandals Hoteles.<\/p>\n\n\n\n<p>Cabe resaltar que el festival es un evento 100% cultural y parte de los fondos recaudados se destinar\u00e1n a programas sociales de la Fundaci\u00f3n Isl\u00e1mica de Panam\u00e1.<\/p>\n\n\n\n<p>Con esta iniciativa, Panam\u00e1 refuerza su posici\u00f3n como un crisol de culturas y destino tur\u00edstico din\u00e1mico, promoviendo la diversidad y la convivencia a trav\u00e9s de la integraci\u00f3n cultural. Para m\u00e1s informaci\u00f3n, ingresa a las redes sociales: Instagram\/Facebook: @moonfestpanama y sitio web www.moonfestpanama.com.<\/p>\n\n\n\n<p>&nbsp;\u00a1No te pierdas esta celebraci\u00f3n \u00fanica de tradiciones ancestrales!<\/p>\n\n\n\n<figure class=\"wp-block-image size-large\"><a href=\"https:\/\/alminutonoticia.com\/noticias\/wp-content\/uploads\/2025\/03\/WhatsApp-Image-2025-03-19-at-3.52.13-PM.jpeg\"><img fetchpriority=\"high\" decoding=\"async\" width=\"1024\" height=\"600\" src=\"https:\/\/alminutonoticia.com\/noticias\/wp-content\/uploads\/2025\/03\/WhatsApp-Image-2025-03-19-at-3.52.13-PM-1024x600.jpeg\" alt=\"\" class=\"wp-image-14191\" title=\"\" srcset=\"https:\/\/alminutonoticia.com\/noticias\/wp-content\/uploads\/2025\/03\/WhatsApp-Image-2025-03-19-at-3.52.13-PM-1024x600.jpeg 1024w, https:\/\/alminutonoticia.com\/noticias\/wp-content\/uploads\/2025\/03\/WhatsApp-Image-2025-03-19-at-3.52.13-PM-300x176.jpeg 300w, https:\/\/alminutonoticia.com\/noticias\/wp-content\/uploads\/2025\/03\/WhatsApp-Image-2025-03-19-at-3.52.13-PM-768x450.jpeg 768w, https:\/\/alminutonoticia.com\/noticias\/wp-content\/uploads\/2025\/03\/WhatsApp-Image-2025-03-19-at-3.52.13-PM-1536x900.jpeg 1536w, https:\/\/alminutonoticia.com\/noticias\/wp-content\/uploads\/2025\/03\/WhatsApp-Image-2025-03-19-at-3.52.13-PM.jpeg 1600w\" sizes=\"(max-width: 1024px) 100vw, 1024px\" \/><\/a><\/figure>\n\n\n\n<figure class=\"wp-block-image size-large\"><a href=\"https:\/\/alminutonoticia.com\/noticias\/wp-content\/uploads\/2025\/03\/WhatsApp-Image-2025-03-19-at-3.52.12-PM.jpeg\"><img decoding=\"async\" width=\"1024\" height=\"671\" src=\"https:\/\/alminutonoticia.com\/noticias\/wp-content\/uploads\/2025\/03\/WhatsApp-Image-2025-03-19-at-3.52.12-PM-1024x671.jpeg\" alt=\"\" class=\"wp-image-14192\" title=\"\" srcset=\"https:\/\/alminutonoticia.com\/noticias\/wp-content\/uploads\/2025\/03\/WhatsApp-Image-2025-03-19-at-3.52.12-PM-1024x671.jpeg 1024w, https:\/\/alminutonoticia.com\/noticias\/wp-content\/uploads\/2025\/03\/WhatsApp-Image-2025-03-19-at-3.52.12-PM-300x197.jpeg 300w, https:\/\/alminutonoticia.com\/noticias\/wp-content\/uploads\/2025\/03\/WhatsApp-Image-2025-03-19-at-3.52.12-PM-768x504.jpeg 768w, https:\/\/alminutonoticia.com\/noticias\/wp-content\/uploads\/2025\/03\/WhatsApp-Image-2025-03-19-at-3.52.12-PM-1536x1007.jpeg 1536w, https:\/\/alminutonoticia.com\/noticias\/wp-content\/uploads\/2025\/03\/WhatsApp-Image-2025-03-19-at-3.52.12-PM.jpeg 1600w\" sizes=\"(max-width: 1024px) 100vw, 1024px\" \/><\/a><\/figure>\n","protected":false},"excerpt":{"rendered":"<p>. Panam\u00e1 se prepara para recibir la primera edici\u00f3n del Moon Fest Ancestral Culture, un festival que celebrar\u00e1 la diversidad de las culturas orientales y asi\u00e1ticas en un evento sin precedentes. El festival se llevar\u00e1 a cabo los d\u00edas 12 y 13 de abril en el Convento de las Mojas de la Concepci\u00f3n del Sitio [&hellip;]<\/p>\n","protected":false},"author":3,"featured_media":14192,"comment_status":"open","ping_status":"open","sticky":false,"template":"","format":"standard","meta":{"footnotes":""},"categories":[41,36],"tags":[],"class_list":["post-14190","post","type-post","status-publish","format-standard","has-post-thumbnail","hentry","category-cultura-y-farandula","category-nacionales"],"_links":{"self":[{"href":"https:\/\/alminutonoticia.com\/noticias\/wp-json\/wp\/v2\/posts\/14190","targetHints":{"allow":["GET"]}}],"collection":[{"href":"https:\/\/alminutonoticia.com\/noticias\/wp-json\/wp\/v2\/posts"}],"about":[{"href":"https:\/\/alminutonoticia.com\/noticias\/wp-json\/wp\/v2\/types\/post"}],"author":[{"embeddable":true,"href":"https:\/\/alminutonoticia.com\/noticias\/wp-json\/wp\/v2\/users\/3"}],"replies":[{"embeddable":true,"href":"https:\/\/alminutonoticia.com\/noticias\/wp-json\/wp\/v2\/comments?post=14190"}],"version-history":[{"count":1,"href":"https:\/\/alminutonoticia.com\/noticias\/wp-json\/wp\/v2\/posts\/14190\/revisions"}],"predecessor-version":[{"id":14193,"href":"https:\/\/alminutonoticia.com\/noticias\/wp-json\/wp\/v2\/posts\/14190\/revisions\/14193"}],"wp:featuredmedia":[{"embeddable":true,"href":"https:\/\/alminutonoticia.com\/noticias\/wp-json\/wp\/v2\/media\/14192"}],"wp:attachment":[{"href":"https:\/\/alminutonoticia.com\/noticias\/wp-json\/wp\/v2\/media?parent=14190"}],"wp:term":[{"taxonomy":"category","embeddable":true,"href":"https:\/\/alminutonoticia.com\/noticias\/wp-json\/wp\/v2\/categories?post=14190"},{"taxonomy":"post_tag","embeddable":true,"href":"https:\/\/alminutonoticia.com\/noticias\/wp-json\/wp\/v2\/tags?post=14190"}],"curies":[{"name":"wp","href":"https:\/\/api.w.org\/{rel}","templated":true}]}}