{"id":14181,"date":"2025-03-18T11:50:13","date_gmt":"2025-03-18T11:50:13","guid":{"rendered":"https:\/\/alminutonoticia.com\/noticias\/?p=14181"},"modified":"2025-03-18T11:50:15","modified_gmt":"2025-03-18T11:50:15","slug":"dos-hombres-quedan-detenidos-provisionalmente-por-femicidio-de-la-nina-en-mano-de-piedra","status":"publish","type":"post","link":"https:\/\/alminutonoticia.com\/noticias\/dos-hombres-quedan-detenidos-provisionalmente-por-femicidio-de-la-nina-en-mano-de-piedra\/","title":{"rendered":"Dos hombres quedan detenidos provisionalmente por femicidio de la ni\u00f1a en Mano de Piedra"},"content":{"rendered":"\n<p>Por los delitos de femicidio en perjuicio de una menor de 9 a\u00f1os de edad y asociaci\u00f3n il\u00edcita, dos hombres de 20 a\u00f1os de edad fueron imputados por la Secci\u00f3n de Homicidio y Femicidio de la Fiscal\u00eda Regional de San Miguelito, donde se les decret\u00f3 la medida cautelar de detenci\u00f3n provisional.<\/p>\n\n\n\n<p>En el desarrollo de la audiencia de solicitudes m\u00faltiples, el<strong>&nbsp;Ministerio P\u00fablico<\/strong>&nbsp;&nbsp;tambi\u00e9n logr\u00f3 la legalizaci\u00f3n de la aprehensi\u00f3n y la imputaci\u00f3n de cargos; mientras que para la solicitud de la medida cautelar se bas\u00f3 en los riesgos procesales tales como, el&nbsp;<strong>peligro que representan ambos imputado<\/strong>&nbsp;para la comunidad y la naturaleza grave del delito, debido a que el hecho ocurri\u00f3 a plena luz del d\u00eda, en un lugar residencial en el que se encontraban entre 5 a 7 ni\u00f1os aproximadamente y en horas en la que usualmente se desplazan muchas personas por el \u00e1rea.<\/p>\n\n\n\n<p>El hecho ocurri\u00f3 siendo aproximadamente la&nbsp;<strong>1:00 p.m., el 14 de marzo de 2025<\/strong>, en Mano de Piedra, corregimiento de Arnulfo Arias, cuando la menor de edad se encontraba jugando y los dos imputados junto a otra persona, todos portando arma de fuego empezaron a realizar disparos, caus\u00e1ndole una herida grave a la menor, quien fallece posteriormente en un&nbsp;<strong>centro hospitalario.<\/strong><\/p>\n\n\n\n<figure class=\"wp-block-image size-full\"><a href=\"https:\/\/alminutonoticia.com\/noticias\/wp-content\/uploads\/2025\/03\/ninas-1-720x470-1.jpg\"><img fetchpriority=\"high\" decoding=\"async\" width=\"720\" height=\"470\" src=\"https:\/\/alminutonoticia.com\/noticias\/wp-content\/uploads\/2025\/03\/ninas-1-720x470-1.jpg\" alt=\"\" class=\"wp-image-14182\" title=\"\" srcset=\"https:\/\/alminutonoticia.com\/noticias\/wp-content\/uploads\/2025\/03\/ninas-1-720x470-1.jpg 720w, https:\/\/alminutonoticia.com\/noticias\/wp-content\/uploads\/2025\/03\/ninas-1-720x470-1-300x196.jpg 300w\" sizes=\"(max-width: 720px) 100vw, 720px\" \/><\/a><\/figure>\n","protected":false},"excerpt":{"rendered":"<p>Por los delitos de femicidio en perjuicio de una menor de 9 a\u00f1os de edad y asociaci\u00f3n il\u00edcita, dos hombres de 20 a\u00f1os de edad fueron imputados por la Secci\u00f3n de Homicidio y Femicidio de la Fiscal\u00eda Regional de San Miguelito, donde se les decret\u00f3 la medida cautelar de detenci\u00f3n provisional. En el desarrollo de [&hellip;]<\/p>\n","protected":false},"author":3,"featured_media":14182,"comment_status":"open","ping_status":"open","sticky":false,"template":"","format":"standard","meta":{"footnotes":""},"categories":[36],"tags":[],"class_list":["post-14181","post","type-post","status-publish","format-standard","has-post-thumbnail","hentry","category-nacionales"],"_links":{"self":[{"href":"https:\/\/alminutonoticia.com\/noticias\/wp-json\/wp\/v2\/posts\/14181","targetHints":{"allow":["GET"]}}],"collection":[{"href":"https:\/\/alminutonoticia.com\/noticias\/wp-json\/wp\/v2\/posts"}],"about":[{"href":"https:\/\/alminutonoticia.com\/noticias\/wp-json\/wp\/v2\/types\/post"}],"author":[{"embeddable":true,"href":"https:\/\/alminutonoticia.com\/noticias\/wp-json\/wp\/v2\/users\/3"}],"replies":[{"embeddable":true,"href":"https:\/\/alminutonoticia.com\/noticias\/wp-json\/wp\/v2\/comments?post=14181"}],"version-history":[{"count":1,"href":"https:\/\/alminutonoticia.com\/noticias\/wp-json\/wp\/v2\/posts\/14181\/revisions"}],"predecessor-version":[{"id":14183,"href":"https:\/\/alminutonoticia.com\/noticias\/wp-json\/wp\/v2\/posts\/14181\/revisions\/14183"}],"wp:featuredmedia":[{"embeddable":true,"href":"https:\/\/alminutonoticia.com\/noticias\/wp-json\/wp\/v2\/media\/14182"}],"wp:attachment":[{"href":"https:\/\/alminutonoticia.com\/noticias\/wp-json\/wp\/v2\/media?parent=14181"}],"wp:term":[{"taxonomy":"category","embeddable":true,"href":"https:\/\/alminutonoticia.com\/noticias\/wp-json\/wp\/v2\/categories?post=14181"},{"taxonomy":"post_tag","embeddable":true,"href":"https:\/\/alminutonoticia.com\/noticias\/wp-json\/wp\/v2\/tags?post=14181"}],"curies":[{"name":"wp","href":"https:\/\/api.w.org\/{rel}","templated":true}]}}