{"id":14178,"date":"2025-03-18T07:22:11","date_gmt":"2025-03-18T07:22:11","guid":{"rendered":"https:\/\/alminutonoticia.com\/noticias\/?p=14178"},"modified":"2025-03-18T07:22:13","modified_gmt":"2025-03-18T07:22:13","slug":"fiscalia-de-colon-continua-investigaciones-por-accidente-de-transito-en-maria-chiquita","status":"publish","type":"post","link":"https:\/\/alminutonoticia.com\/noticias\/fiscalia-de-colon-continua-investigaciones-por-accidente-de-transito-en-maria-chiquita\/","title":{"rendered":"Fiscal\u00eda de Col\u00f3n contin\u00faa investigaciones por accidente de tr\u00e1nsito en Mar\u00eda Chiquita"},"content":{"rendered":"\n<p>La Fiscal\u00eda Regional de Col\u00f3n y Guna Yala a trav\u00e9s de la Personer\u00eda Municipal del distrito de Portobelo contin\u00faa las investigaciones por el delito contra la vida e integridad personal, en la modalidad de&nbsp;<strong>homicidio culposo;<\/strong>&nbsp;luego del accidente de tr\u00e1nsito ocurrido el 15 de marzo del 2025, en el corregimiento de&nbsp;<strong>Mar\u00eda Chiquita,&nbsp;<\/strong>donde fallecieron ocho personas; entre ellas, tres menores de edad.<\/p>\n\n\n\n<p>Despu\u00e9s del accidente se han realizado entrevistas y se han recopilado indicios, donde se ha podido corroborar que en el veh\u00edculo incendiado viajaban miembros de<strong>&nbsp;cinco familias;<\/strong>&nbsp;de los cuales una mujer de 19 a\u00f1os y tres menores de 12, 14 y 15 a\u00f1os de edad que murieron en el lugar, pertenec\u00edan a un solo grupo familiar.<\/p>\n\n\n\n<p>Las cuatro v\u00edctimas restantes son de sexo masculino con edades de: 26, 28, 30 y 52 a\u00f1os de edad, que incluye al conductor del auto quien falleci\u00f3 en un centro m\u00e9dico; adem\u00e1s se confirm\u00f3 que<strong>&nbsp;todos son residentes de la provincia de Col\u00f3n.<\/strong><\/p>\n\n\n\n<p>Cabe destacar, que dos cuerpos de las personas fallecidas ser\u00e1n entregados a sus familiares, porque fueron reconocidos; mientras los restos humanos de las otras seis v\u00edctimas ser\u00e1n sometidos a pruebas de ADN en el Instituto de Medicina Legal y&nbsp;<strong>Ciencias Forenses (IMELCF),&nbsp;<\/strong>para posteriormente poder ser proporcionados a sus parientes.<\/p>\n\n\n\n<figure class=\"wp-block-image size-full\"><a href=\"https:\/\/alminutonoticia.com\/noticias\/wp-content\/uploads\/2025\/03\/traficos-770x470-1.jpg\"><img fetchpriority=\"high\" decoding=\"async\" width=\"770\" height=\"470\" src=\"https:\/\/alminutonoticia.com\/noticias\/wp-content\/uploads\/2025\/03\/traficos-770x470-1.jpg\" alt=\"\" class=\"wp-image-14179\" title=\"\" srcset=\"https:\/\/alminutonoticia.com\/noticias\/wp-content\/uploads\/2025\/03\/traficos-770x470-1.jpg 770w, https:\/\/alminutonoticia.com\/noticias\/wp-content\/uploads\/2025\/03\/traficos-770x470-1-300x183.jpg 300w, https:\/\/alminutonoticia.com\/noticias\/wp-content\/uploads\/2025\/03\/traficos-770x470-1-768x469.jpg 768w\" sizes=\"(max-width: 770px) 100vw, 770px\" \/><\/a><\/figure>\n","protected":false},"excerpt":{"rendered":"<p>La Fiscal\u00eda Regional de Col\u00f3n y Guna Yala a trav\u00e9s de la Personer\u00eda Municipal del distrito de Portobelo contin\u00faa las investigaciones por el delito contra la vida e integridad personal, en la modalidad de&nbsp;homicidio culposo;&nbsp;luego del accidente de tr\u00e1nsito ocurrido el 15 de marzo del 2025, en el corregimiento de&nbsp;Mar\u00eda Chiquita,&nbsp;donde fallecieron ocho personas; entre [&hellip;]<\/p>\n","protected":false},"author":3,"featured_media":14179,"comment_status":"open","ping_status":"open","sticky":false,"template":"","format":"standard","meta":{"footnotes":""},"categories":[36],"tags":[],"class_list":["post-14178","post","type-post","status-publish","format-standard","has-post-thumbnail","hentry","category-nacionales"],"_links":{"self":[{"href":"https:\/\/alminutonoticia.com\/noticias\/wp-json\/wp\/v2\/posts\/14178","targetHints":{"allow":["GET"]}}],"collection":[{"href":"https:\/\/alminutonoticia.com\/noticias\/wp-json\/wp\/v2\/posts"}],"about":[{"href":"https:\/\/alminutonoticia.com\/noticias\/wp-json\/wp\/v2\/types\/post"}],"author":[{"embeddable":true,"href":"https:\/\/alminutonoticia.com\/noticias\/wp-json\/wp\/v2\/users\/3"}],"replies":[{"embeddable":true,"href":"https:\/\/alminutonoticia.com\/noticias\/wp-json\/wp\/v2\/comments?post=14178"}],"version-history":[{"count":1,"href":"https:\/\/alminutonoticia.com\/noticias\/wp-json\/wp\/v2\/posts\/14178\/revisions"}],"predecessor-version":[{"id":14180,"href":"https:\/\/alminutonoticia.com\/noticias\/wp-json\/wp\/v2\/posts\/14178\/revisions\/14180"}],"wp:featuredmedia":[{"embeddable":true,"href":"https:\/\/alminutonoticia.com\/noticias\/wp-json\/wp\/v2\/media\/14179"}],"wp:attachment":[{"href":"https:\/\/alminutonoticia.com\/noticias\/wp-json\/wp\/v2\/media?parent=14178"}],"wp:term":[{"taxonomy":"category","embeddable":true,"href":"https:\/\/alminutonoticia.com\/noticias\/wp-json\/wp\/v2\/categories?post=14178"},{"taxonomy":"post_tag","embeddable":true,"href":"https:\/\/alminutonoticia.com\/noticias\/wp-json\/wp\/v2\/tags?post=14178"}],"curies":[{"name":"wp","href":"https:\/\/api.w.org\/{rel}","templated":true}]}}