{"id":14175,"date":"2025-03-18T07:20:26","date_gmt":"2025-03-18T07:20:26","guid":{"rendered":"https:\/\/alminutonoticia.com\/noticias\/?p=14175"},"modified":"2025-03-18T07:20:28","modified_gmt":"2025-03-18T07:20:28","slug":"asep-anuncia-peritaje-para-investigar-el-apagon-del-fin-de-semana","status":"publish","type":"post","link":"https:\/\/alminutonoticia.com\/noticias\/asep-anuncia-peritaje-para-investigar-el-apagon-del-fin-de-semana\/","title":{"rendered":"ASEP anuncia peritaje para investigar el apag\u00f3n del fin de semana"},"content":{"rendered":"\n<p>La Autoridad Nacional de los Servicios P\u00fablicos&nbsp;<strong>(ASEP)&nbsp;<\/strong>anunci\u00f3 la inclusi\u00f3n de un equipo de peritos en la investigaci\u00f3n que se adelanta sobre el apag\u00f3n ocurrido la noche del s\u00e1bado 15 y la madrugada del domingo 16 de marzo.<\/p>\n\n\n\n<p>De acuerdo con&nbsp;<strong>Zelmar Rodr\u00edguez Crespo,<\/strong>&nbsp;administradora general de esta entidad, se busca esclarecer los eventos ocurridos para conocer tres aspectos claves:<\/p>\n\n\n\n<p>1.\u2060 \u2060<strong>Causa de la explosi\u00f3n<\/strong>&nbsp;en la planta termoel\u00e9ctrica Pan-Am.<\/p>\n\n\n\n<p>2.\u2060&nbsp;<strong>\u2060<\/strong><strong>Motivo del colapso del sistema el\u00e9ctrico<\/strong>, que result\u00f3 en el apag\u00f3n nacional.<\/p>\n\n\n\n<p>3.\u2060 \u2060<strong>Raz\u00f3n del retraso en la recuperaci\u00f3n del servicio<\/strong>.<\/p>\n\n\n\n<p><strong>Rodr\u00edguez Crespo&nbsp;<\/strong>explic\u00f3, durante una reuni\u00f3n de trabajo, que tiene la intenci\u00f3n de llegar al fondo de la situaci\u00f3n, por lo que ha dado instrucciones al personal t\u00e9cnico, administrativo y legal para redoblar esfuerzos en la investigaci\u00f3n.<\/p>\n\n\n\n<p>\u00abNo podemos emitir conclusiones sin una investigaci\u00f3n exhaustiva de los eventos ocurridos\u00bb, se\u00f1al\u00f3 la funcionaria, quien agreg\u00f3 que se espera el informe de la Direcci\u00f3n Nacional de Seguridad, Prevenci\u00f3n e Investigaci\u00f3n de Incendios (DINASEPI) del Benem\u00e9rito Cuerpo de Bomberos de la Rep\u00fablica de Panam\u00e1 como parte del an\u00e1lisis de los hechos.<\/p>\n\n\n\n<p>Este informe, junto con otros informes y los peritos, ayudar\u00e1 a comprender c\u00f3mo se comport\u00f3 el sistema de recuperaci\u00f3n, as\u00ed como la oscilograf\u00eda del comportamiento de las protecciones de las plantas de generaci\u00f3n el\u00e9ctrica, mediante el registro general del sistema el\u00e9ctrico durante el periodo de investigaci\u00f3n.<\/p>\n\n\n\n<p>Si bien a\u00fan es prematuro se\u00f1alar responsabilidades, la ASEP est\u00e1 facultada para aplicar sanciones que van desde B\/.1,000 hasta B\/.20 millones, dependiendo de la gravedad del caso, una vez concluido el debido proceso sancionador.<\/p>\n\n\n\n<p>La administradora general de la ASEP, Zelmar Rodr\u00edguez Crespo realiz\u00f3 el domingo una visita a la planta termoel\u00e9ctrica Pan-Am, en La Chorrera, provincia de Panam\u00e1 Oeste, para conocer de primera mano los detalles preliminares del incidente.<\/p>\n\n\n\n<figure class=\"wp-block-image size-full\"><a href=\"https:\/\/alminutonoticia.com\/noticias\/wp-content\/uploads\/2025\/03\/asep-1-770x470-1.jpg\"><img fetchpriority=\"high\" decoding=\"async\" width=\"770\" height=\"470\" src=\"https:\/\/alminutonoticia.com\/noticias\/wp-content\/uploads\/2025\/03\/asep-1-770x470-1.jpg\" alt=\"\" class=\"wp-image-14176\" title=\"\" srcset=\"https:\/\/alminutonoticia.com\/noticias\/wp-content\/uploads\/2025\/03\/asep-1-770x470-1.jpg 770w, https:\/\/alminutonoticia.com\/noticias\/wp-content\/uploads\/2025\/03\/asep-1-770x470-1-300x183.jpg 300w, https:\/\/alminutonoticia.com\/noticias\/wp-content\/uploads\/2025\/03\/asep-1-770x470-1-768x469.jpg 768w\" sizes=\"(max-width: 770px) 100vw, 770px\" \/><\/a><\/figure>\n","protected":false},"excerpt":{"rendered":"<p>La Autoridad Nacional de los Servicios P\u00fablicos&nbsp;(ASEP)&nbsp;anunci\u00f3 la inclusi\u00f3n de un equipo de peritos en la investigaci\u00f3n que se adelanta sobre el apag\u00f3n ocurrido la noche del s\u00e1bado 15 y la madrugada del domingo 16 de marzo. De acuerdo con&nbsp;Zelmar Rodr\u00edguez Crespo,&nbsp;administradora general de esta entidad, se busca esclarecer los eventos ocurridos para conocer tres [&hellip;]<\/p>\n","protected":false},"author":3,"featured_media":14176,"comment_status":"open","ping_status":"open","sticky":false,"template":"","format":"standard","meta":{"footnotes":""},"categories":[36],"tags":[],"class_list":["post-14175","post","type-post","status-publish","format-standard","has-post-thumbnail","hentry","category-nacionales"],"_links":{"self":[{"href":"https:\/\/alminutonoticia.com\/noticias\/wp-json\/wp\/v2\/posts\/14175","targetHints":{"allow":["GET"]}}],"collection":[{"href":"https:\/\/alminutonoticia.com\/noticias\/wp-json\/wp\/v2\/posts"}],"about":[{"href":"https:\/\/alminutonoticia.com\/noticias\/wp-json\/wp\/v2\/types\/post"}],"author":[{"embeddable":true,"href":"https:\/\/alminutonoticia.com\/noticias\/wp-json\/wp\/v2\/users\/3"}],"replies":[{"embeddable":true,"href":"https:\/\/alminutonoticia.com\/noticias\/wp-json\/wp\/v2\/comments?post=14175"}],"version-history":[{"count":1,"href":"https:\/\/alminutonoticia.com\/noticias\/wp-json\/wp\/v2\/posts\/14175\/revisions"}],"predecessor-version":[{"id":14177,"href":"https:\/\/alminutonoticia.com\/noticias\/wp-json\/wp\/v2\/posts\/14175\/revisions\/14177"}],"wp:featuredmedia":[{"embeddable":true,"href":"https:\/\/alminutonoticia.com\/noticias\/wp-json\/wp\/v2\/media\/14176"}],"wp:attachment":[{"href":"https:\/\/alminutonoticia.com\/noticias\/wp-json\/wp\/v2\/media?parent=14175"}],"wp:term":[{"taxonomy":"category","embeddable":true,"href":"https:\/\/alminutonoticia.com\/noticias\/wp-json\/wp\/v2\/categories?post=14175"},{"taxonomy":"post_tag","embeddable":true,"href":"https:\/\/alminutonoticia.com\/noticias\/wp-json\/wp\/v2\/tags?post=14175"}],"curies":[{"name":"wp","href":"https:\/\/api.w.org\/{rel}","templated":true}]}}