{"id":14172,"date":"2025-03-18T07:18:12","date_gmt":"2025-03-18T07:18:12","guid":{"rendered":"https:\/\/alminutonoticia.com\/noticias\/?p=14172"},"modified":"2025-03-18T07:18:15","modified_gmt":"2025-03-18T07:18:15","slug":"productores-de-arroz-protestaran-para-exigir-pagos-y-apoyo-al-sector","status":"publish","type":"post","link":"https:\/\/alminutonoticia.com\/noticias\/productores-de-arroz-protestaran-para-exigir-pagos-y-apoyo-al-sector\/","title":{"rendered":"Productores de arroz protestar\u00e1n para exigir pagos y apoyo al sector"},"content":{"rendered":"\n<p>Los arroceros de Chiriqu\u00ed han decidido alzar su voz. La Asociaci\u00f3n de Productores de Arroz de Chiriqu\u00ed (APACH) anunci\u00f3 una protesta pac\u00edfica para el lunes 24 de marzo, en la que utilizar\u00e1n tractores para exigir al Gobierno el pago de compensaciones atrasadas y condiciones que les permitan seguir cultivando el principal alimento de los paname\u00f1os.<\/p>\n\n\n\n<p>El presidente de APACH, Gabriel Ara\u00faz, advirti\u00f3 sobre la crisis que enfrenta el sector. \u00abTenemos cuentas por cobrar con el Estado y un panorama complicado para arrancar la siembra. A pesar de todo, seguimos firmes en nuestra intenci\u00f3n de producir\u00bb, se\u00f1al\u00f3.<\/p>\n\n\n\n<p>Los productores reclaman una deuda de aproximadamente 6 millones de d\u00f3lares en compensaciones correspondientes al per\u00edodo 2023-2024, monto que a\u00fan no ha sido cancelado en su totalidad. Adem\u00e1s, se suma el retraso en el pago de la compensaci\u00f3n del per\u00edodo 2024-2025, lo que pone en jaque la inversi\u00f3n para la nueva cosecha.<\/p>\n\n\n\n<p>Pero el problema no termina ah\u00ed. Los arroceros tambi\u00e9n denuncian la importaci\u00f3n de arroz en plena \u00e9poca de cosecha, lo que afecta directamente su mercado, as\u00ed como retrasos en los pagos de los molinos. \u00abEs clave que los productores reciban su dinero a tiempo, de lo contrario, la cadena de producci\u00f3n se ve afectada\u00bb, subray\u00f3 Ara\u00faz.<\/p>\n\n\n\n<p>Por otro lado, tambi\u00e9n exigieron que el Gobierno no los deje a su suerte ante las p\u00e9rdidas ocasionadas por inundaciones, ya sean de origen natural o provocadas por hidroel\u00e9ctricas, que han golpeado con fuerza el agro en Chiriqu\u00ed.<\/p>\n\n\n\n<p>\u00abLo que buscamos son reglas claras para que el sector pueda ser sostenible\u00bb, puntualiz\u00f3 Ara\u00faz.<\/p>\n\n\n\n<figure class=\"wp-block-image size-full\"><a href=\"https:\/\/alminutonoticia.com\/noticias\/wp-content\/uploads\/2025\/03\/arroz.jpg\"><img fetchpriority=\"high\" decoding=\"async\" width=\"770\" height=\"470\" src=\"https:\/\/alminutonoticia.com\/noticias\/wp-content\/uploads\/2025\/03\/arroz.jpg\" alt=\"\" class=\"wp-image-14173\" title=\"\" srcset=\"https:\/\/alminutonoticia.com\/noticias\/wp-content\/uploads\/2025\/03\/arroz.jpg 770w, https:\/\/alminutonoticia.com\/noticias\/wp-content\/uploads\/2025\/03\/arroz-300x183.jpg 300w, https:\/\/alminutonoticia.com\/noticias\/wp-content\/uploads\/2025\/03\/arroz-768x469.jpg 768w\" sizes=\"(max-width: 770px) 100vw, 770px\" \/><\/a><\/figure>\n","protected":false},"excerpt":{"rendered":"<p>Los arroceros de Chiriqu\u00ed han decidido alzar su voz. La Asociaci\u00f3n de Productores de Arroz de Chiriqu\u00ed (APACH) anunci\u00f3 una protesta pac\u00edfica para el lunes 24 de marzo, en la que utilizar\u00e1n tractores para exigir al Gobierno el pago de compensaciones atrasadas y condiciones que les permitan seguir cultivando el principal alimento de los paname\u00f1os. [&hellip;]<\/p>\n","protected":false},"author":3,"featured_media":14173,"comment_status":"open","ping_status":"open","sticky":false,"template":"","format":"standard","meta":{"footnotes":""},"categories":[36],"tags":[],"class_list":["post-14172","post","type-post","status-publish","format-standard","has-post-thumbnail","hentry","category-nacionales"],"_links":{"self":[{"href":"https:\/\/alminutonoticia.com\/noticias\/wp-json\/wp\/v2\/posts\/14172","targetHints":{"allow":["GET"]}}],"collection":[{"href":"https:\/\/alminutonoticia.com\/noticias\/wp-json\/wp\/v2\/posts"}],"about":[{"href":"https:\/\/alminutonoticia.com\/noticias\/wp-json\/wp\/v2\/types\/post"}],"author":[{"embeddable":true,"href":"https:\/\/alminutonoticia.com\/noticias\/wp-json\/wp\/v2\/users\/3"}],"replies":[{"embeddable":true,"href":"https:\/\/alminutonoticia.com\/noticias\/wp-json\/wp\/v2\/comments?post=14172"}],"version-history":[{"count":1,"href":"https:\/\/alminutonoticia.com\/noticias\/wp-json\/wp\/v2\/posts\/14172\/revisions"}],"predecessor-version":[{"id":14174,"href":"https:\/\/alminutonoticia.com\/noticias\/wp-json\/wp\/v2\/posts\/14172\/revisions\/14174"}],"wp:featuredmedia":[{"embeddable":true,"href":"https:\/\/alminutonoticia.com\/noticias\/wp-json\/wp\/v2\/media\/14173"}],"wp:attachment":[{"href":"https:\/\/alminutonoticia.com\/noticias\/wp-json\/wp\/v2\/media?parent=14172"}],"wp:term":[{"taxonomy":"category","embeddable":true,"href":"https:\/\/alminutonoticia.com\/noticias\/wp-json\/wp\/v2\/categories?post=14172"},{"taxonomy":"post_tag","embeddable":true,"href":"https:\/\/alminutonoticia.com\/noticias\/wp-json\/wp\/v2\/tags?post=14172"}],"curies":[{"name":"wp","href":"https:\/\/api.w.org\/{rel}","templated":true}]}}