{"id":14166,"date":"2025-03-18T07:14:54","date_gmt":"2025-03-18T07:14:54","guid":{"rendered":"https:\/\/alminutonoticia.com\/noticias\/?p=14166"},"modified":"2025-03-18T07:14:56","modified_gmt":"2025-03-18T07:14:56","slug":"cierre-de-termoelectrica-en-la-chorrera-no-esta-descartado","status":"publish","type":"post","link":"https:\/\/alminutonoticia.com\/noticias\/cierre-de-termoelectrica-en-la-chorrera-no-esta-descartado\/","title":{"rendered":"Cierre de termoel\u00e9ctrica en La Chorrera no est\u00e1 descartado"},"content":{"rendered":"\n<p>El reciente apag\u00f3n nacional que afect\u00f3 a todo el pa\u00eds ha generado fuertes reacciones y acciones inmediatas por parte del Ministerio de Ambiente.<\/p>\n\n\n\n<p>El titular de la entidad, Juan Carlos Navarro, dej\u00f3 claro que se deben tomar medidas dr\u00e1sticas para evitar que una situaci\u00f3n similar vuelva a ocurrir.<\/p>\n\n\n\n<p>Navarro adelant\u00f3 que sostendr\u00e1 conversaciones formales con la Autoridad Nacional de los Servicios P\u00fablicos (ASEP) y la Secretar\u00eda de Energ\u00eda para analizar las decisiones a tomar.<\/p>\n\n\n\n<p>\u00abLo que ocurri\u00f3 el s\u00e1bado en la noche fue grave, con impactos econ\u00f3micos severos para el pa\u00eds. No podemos seguir en esta situaci\u00f3n\u00bb, manifest\u00f3 el ministro.<\/p>\n\n\n\n<p>El apag\u00f3n del s\u00e1bado fue provocado por la explosi\u00f3n de un transformador en la termoel\u00e9ctrica Pan Am, ubicada en La Chorrera.<\/p>\n\n\n\n<p>Navarro fue enf\u00e1tico en su postura de que plantas como esta no deben seguir operando en el pa\u00eds. \u00abNo caben en nuestro pa\u00eds plantas termoel\u00e9ctricas como la de La Chorrera, que contaminan y afectan la salud de la poblaci\u00f3n. Estas plantas deben eliminarse progresivamente para dar paso a energ\u00edas limpias\u00bb, expres\u00f3.<\/p>\n\n\n\n<p>Desde hace a\u00f1os, esta planta ha sido objeto de denuncias y cuestionamientos, no solo por fallas operativas, sino tambi\u00e9n por sus efectos en la salud de la poblaci\u00f3n y el medioambiente.<\/p>\n\n\n\n<p>Seg\u00fan el ministro, desde 2017 hab\u00eda un acuerdo para que la termoel\u00e9ctrica Pan Am migrara a gas natural, una alternativa m\u00e1s limpia, pero hasta la fecha esto no se ha cumplido. Ante este incumplimiento y los antecedentes de la planta, el cierre definitivo no est\u00e1 descartado.<\/p>\n\n\n\n<p>En octubre de 2024, MiAmbiente realiz\u00f3 una inspecci\u00f3n en la planta y abri\u00f3 un expediente administrativo por incumplimiento de normas ambientales. Ahora, tras el apag\u00f3n, el ministro ha ordenado una revisi\u00f3n completa de los expedientes de la termoel\u00e9ctrica desde 2017 para definir acciones concretas.<\/p>\n\n\n\n<p>Adem\u00e1s, como parte de las medidas a tomar, Navarro instruy\u00f3 a su equipo a realizar inspecciones en todas las termoel\u00e9ctricas que operan en el pa\u00eds, que suman 12 en total. \u00abNo vamos a tomar decisiones a la ligera, pero s\u00ed vamos a hacer los cambios necesarios para garantizar que esto no vuelva a ocurrir\u00bb, puntualiz\u00f3.<\/p>\n\n\n\n<figure class=\"wp-block-image size-full\"><a href=\"https:\/\/alminutonoticia.com\/noticias\/wp-content\/uploads\/2025\/03\/navarro.jpeg\"><img fetchpriority=\"high\" decoding=\"async\" width=\"770\" height=\"470\" src=\"https:\/\/alminutonoticia.com\/noticias\/wp-content\/uploads\/2025\/03\/navarro.jpeg\" alt=\"\" class=\"wp-image-14167\" title=\"\" srcset=\"https:\/\/alminutonoticia.com\/noticias\/wp-content\/uploads\/2025\/03\/navarro.jpeg 770w, https:\/\/alminutonoticia.com\/noticias\/wp-content\/uploads\/2025\/03\/navarro-300x183.jpeg 300w, https:\/\/alminutonoticia.com\/noticias\/wp-content\/uploads\/2025\/03\/navarro-768x469.jpeg 768w\" sizes=\"(max-width: 770px) 100vw, 770px\" \/><\/a><\/figure>\n","protected":false},"excerpt":{"rendered":"<p>El reciente apag\u00f3n nacional que afect\u00f3 a todo el pa\u00eds ha generado fuertes reacciones y acciones inmediatas por parte del Ministerio de Ambiente. El titular de la entidad, Juan Carlos Navarro, dej\u00f3 claro que se deben tomar medidas dr\u00e1sticas para evitar que una situaci\u00f3n similar vuelva a ocurrir. Navarro adelant\u00f3 que sostendr\u00e1 conversaciones formales con [&hellip;]<\/p>\n","protected":false},"author":3,"featured_media":14167,"comment_status":"open","ping_status":"open","sticky":false,"template":"","format":"standard","meta":{"footnotes":""},"categories":[36],"tags":[],"class_list":["post-14166","post","type-post","status-publish","format-standard","has-post-thumbnail","hentry","category-nacionales"],"_links":{"self":[{"href":"https:\/\/alminutonoticia.com\/noticias\/wp-json\/wp\/v2\/posts\/14166","targetHints":{"allow":["GET"]}}],"collection":[{"href":"https:\/\/alminutonoticia.com\/noticias\/wp-json\/wp\/v2\/posts"}],"about":[{"href":"https:\/\/alminutonoticia.com\/noticias\/wp-json\/wp\/v2\/types\/post"}],"author":[{"embeddable":true,"href":"https:\/\/alminutonoticia.com\/noticias\/wp-json\/wp\/v2\/users\/3"}],"replies":[{"embeddable":true,"href":"https:\/\/alminutonoticia.com\/noticias\/wp-json\/wp\/v2\/comments?post=14166"}],"version-history":[{"count":1,"href":"https:\/\/alminutonoticia.com\/noticias\/wp-json\/wp\/v2\/posts\/14166\/revisions"}],"predecessor-version":[{"id":14168,"href":"https:\/\/alminutonoticia.com\/noticias\/wp-json\/wp\/v2\/posts\/14166\/revisions\/14168"}],"wp:featuredmedia":[{"embeddable":true,"href":"https:\/\/alminutonoticia.com\/noticias\/wp-json\/wp\/v2\/media\/14167"}],"wp:attachment":[{"href":"https:\/\/alminutonoticia.com\/noticias\/wp-json\/wp\/v2\/media?parent=14166"}],"wp:term":[{"taxonomy":"category","embeddable":true,"href":"https:\/\/alminutonoticia.com\/noticias\/wp-json\/wp\/v2\/categories?post=14166"},{"taxonomy":"post_tag","embeddable":true,"href":"https:\/\/alminutonoticia.com\/noticias\/wp-json\/wp\/v2\/tags?post=14166"}],"curies":[{"name":"wp","href":"https:\/\/api.w.org\/{rel}","templated":true}]}}