{"id":14160,"date":"2025-03-17T04:58:36","date_gmt":"2025-03-17T04:58:36","guid":{"rendered":"https:\/\/alminutonoticia.com\/noticias\/?p=14160"},"modified":"2025-03-17T04:58:38","modified_gmt":"2025-03-17T04:58:38","slug":"aprehenden-a-dos-sujetos-presuntamente-involucrados-en-el-homicidio-de-una-nina-en-mano-de-piedra","status":"publish","type":"post","link":"https:\/\/alminutonoticia.com\/noticias\/aprehenden-a-dos-sujetos-presuntamente-involucrados-en-el-homicidio-de-una-nina-en-mano-de-piedra\/","title":{"rendered":"Aprehenden a dos sujetos presuntamente involucrados en el homicidio de una ni\u00f1a en Mano de Piedra"},"content":{"rendered":"\n<p><strong>Dos ciudadanos paname\u00f1os<\/strong>&nbsp;fueron puestos a disposici\u00f3n de las autoridades competentes, por su presunta vinculaci\u00f3n al homicidio de una<strong>&nbsp;ni\u00f1a de 9 a\u00f1os<\/strong>, quien fue impactada con arma de fuego en Altos de Buena Vista, corregimiento Mano de Piedra, distrito de San Miguelito, indic\u00f3 el Director General de la Polic\u00eda Nacional, Jaime Fern\u00e1ndez.<\/p>\n\n\n\n<p>En un per\u00edodo menor a 48 horas las unidades policiales a trav\u00e9s del Plan Firmeza, desarrollaron diligencias de allanamientos para dar con<strong>&nbsp;la aprehensi\u00f3n de los sospechosos<\/strong>&nbsp;y a\u00fan se mantiene la b\u00fasqueda a un tercer implicado.<\/p>\n\n\n\n<p>La primera aprehensi\u00f3n se da en una residencia ubicada por la&nbsp;<strong>Calle Esperanza,<\/strong>&nbsp;en el corregimiento Arnulfo Arias donde se ubica a ciudadano paname\u00f1o de 20 a\u00f1os, mientras que en la Cuarta de Mano de Piedra se logr\u00f3 la segunda captura de una persona de 45 a\u00f1os.<\/p>\n\n\n\n<p>Por su parte, las unidades policiales ubicaron en&nbsp;<strong>Mano de Piedra<\/strong>&nbsp;espec\u00edficamente entre veredas municiones y sustancias il\u00edcitas.<\/p>\n\n\n\n<p>La Polic\u00eda Nacional mantiene disponible el<strong>&nbsp;104 donde las informaciones<\/strong>&nbsp;referente a delitos son tratadas de forma confidencial.<\/p>\n\n\n\n<figure class=\"wp-block-image size-full\"><a href=\"https:\/\/alminutonoticia.com\/noticias\/wp-content\/uploads\/2025\/03\/policic-ancional-763x470-1.jpg\"><img fetchpriority=\"high\" decoding=\"async\" width=\"763\" height=\"470\" src=\"https:\/\/alminutonoticia.com\/noticias\/wp-content\/uploads\/2025\/03\/policic-ancional-763x470-1.jpg\" alt=\"\" class=\"wp-image-14161\" title=\"\" srcset=\"https:\/\/alminutonoticia.com\/noticias\/wp-content\/uploads\/2025\/03\/policic-ancional-763x470-1.jpg 763w, https:\/\/alminutonoticia.com\/noticias\/wp-content\/uploads\/2025\/03\/policic-ancional-763x470-1-300x185.jpg 300w\" sizes=\"(max-width: 763px) 100vw, 763px\" \/><\/a><\/figure>\n","protected":false},"excerpt":{"rendered":"<p>Dos ciudadanos paname\u00f1os&nbsp;fueron puestos a disposici\u00f3n de las autoridades competentes, por su presunta vinculaci\u00f3n al homicidio de una&nbsp;ni\u00f1a de 9 a\u00f1os, quien fue impactada con arma de fuego en Altos de Buena Vista, corregimiento Mano de Piedra, distrito de San Miguelito, indic\u00f3 el Director General de la Polic\u00eda Nacional, Jaime Fern\u00e1ndez. En un per\u00edodo menor [&hellip;]<\/p>\n","protected":false},"author":3,"featured_media":14161,"comment_status":"open","ping_status":"open","sticky":false,"template":"","format":"standard","meta":{"footnotes":""},"categories":[36],"tags":[],"class_list":["post-14160","post","type-post","status-publish","format-standard","has-post-thumbnail","hentry","category-nacionales"],"_links":{"self":[{"href":"https:\/\/alminutonoticia.com\/noticias\/wp-json\/wp\/v2\/posts\/14160","targetHints":{"allow":["GET"]}}],"collection":[{"href":"https:\/\/alminutonoticia.com\/noticias\/wp-json\/wp\/v2\/posts"}],"about":[{"href":"https:\/\/alminutonoticia.com\/noticias\/wp-json\/wp\/v2\/types\/post"}],"author":[{"embeddable":true,"href":"https:\/\/alminutonoticia.com\/noticias\/wp-json\/wp\/v2\/users\/3"}],"replies":[{"embeddable":true,"href":"https:\/\/alminutonoticia.com\/noticias\/wp-json\/wp\/v2\/comments?post=14160"}],"version-history":[{"count":1,"href":"https:\/\/alminutonoticia.com\/noticias\/wp-json\/wp\/v2\/posts\/14160\/revisions"}],"predecessor-version":[{"id":14162,"href":"https:\/\/alminutonoticia.com\/noticias\/wp-json\/wp\/v2\/posts\/14160\/revisions\/14162"}],"wp:featuredmedia":[{"embeddable":true,"href":"https:\/\/alminutonoticia.com\/noticias\/wp-json\/wp\/v2\/media\/14161"}],"wp:attachment":[{"href":"https:\/\/alminutonoticia.com\/noticias\/wp-json\/wp\/v2\/media?parent=14160"}],"wp:term":[{"taxonomy":"category","embeddable":true,"href":"https:\/\/alminutonoticia.com\/noticias\/wp-json\/wp\/v2\/categories?post=14160"},{"taxonomy":"post_tag","embeddable":true,"href":"https:\/\/alminutonoticia.com\/noticias\/wp-json\/wp\/v2\/tags?post=14160"}],"curies":[{"name":"wp","href":"https:\/\/api.w.org\/{rel}","templated":true}]}}