{"id":14157,"date":"2025-03-17T04:57:31","date_gmt":"2025-03-17T04:57:31","guid":{"rendered":"https:\/\/alminutonoticia.com\/noticias\/?p=14157"},"modified":"2025-03-17T04:57:33","modified_gmt":"2025-03-17T04:57:33","slug":"lucy-molinar-se-pronuncia-por-el-llamado-a-huelga-de-los-docentes","status":"publish","type":"post","link":"https:\/\/alminutonoticia.com\/noticias\/lucy-molinar-se-pronuncia-por-el-llamado-a-huelga-de-los-docentes\/","title":{"rendered":"Lucy Molinar se pronuncia por el llamado a huelga de los docentes"},"content":{"rendered":"\n<p>El M<strong>inisterio de Educaci\u00f3n (Meduca)<\/strong>&nbsp;enfrenta un nuevo desaf\u00edo tras el llamado a huelga de 24 horas anunciado por los docentes para el pr\u00f3ximo viernes 21 de marzo, en rechazo a la Ley 163, que reforma la&nbsp;<strong>Caja de Seguro Social (CSS).<\/strong><\/p>\n\n\n\n<p>La convocatoria ha generado reacciones encontradas, con el gremio docente defendiendo su derecho a la protesta, mientras las autoridades buscan<strong>&nbsp;evitar la interrupci\u00f3n del calendario escolar.<\/strong><\/p>\n\n\n\n<p>La ministra de Educaci\u00f3n,&nbsp;<strong>Lucy Molinar,&nbsp;<\/strong>cuestion\u00f3 la medida de fuerza, argumentando que no encuentra justificaci\u00f3n para una huelga en una etapa tan temprana del a\u00f1o escolar. \u00abAcabamos de empezar las clases, no entiendo la raz\u00f3n\u2026 No se justifica\u00bb, expres\u00f3.<\/p>\n\n\n\n<p>Adem\u00e1s, se\u00f1al\u00f3 que los dirigentes magisteriales constantemente recurren a llamados a huelga. \u00abEse es un grupo de personas que siempre va a<strong>&nbsp;hablar de huelga<\/strong>\u00ab, afirm\u00f3.<\/p>\n\n\n\n<p>En relaci\u00f3n con posibles sanciones para los docentes que no asistan a clases, Molinar subray\u00f3 que el Meduca deber\u00e1 aplicar la ley, aunque conf\u00eda en que la mayor\u00eda del personal educativo acudir\u00e1 a sus labores. \u00abNos toca cumplir la ley, pero tenemos tanto andando en Meduca en este momento que yo no creo que haya necesidad de eso porque la gente va a ir a trabajar\u00bb, puntualiz\u00f3.<\/p>\n\n\n\n<p>Mientras se acerca la fecha de la protesta, la comunidad educativa permanece a la expectativa sobre el impacto que pueda tener la medida en el desarrollo del&nbsp;<strong>a\u00f1o escolar.<\/strong><\/p>\n\n\n\n<figure class=\"wp-block-image size-full\"><a href=\"https:\/\/alminutonoticia.com\/noticias\/wp-content\/uploads\/2025\/03\/medulu-770x470-1.jpg\"><img fetchpriority=\"high\" decoding=\"async\" width=\"770\" height=\"470\" src=\"https:\/\/alminutonoticia.com\/noticias\/wp-content\/uploads\/2025\/03\/medulu-770x470-1.jpg\" alt=\"\" class=\"wp-image-14158\" title=\"\" srcset=\"https:\/\/alminutonoticia.com\/noticias\/wp-content\/uploads\/2025\/03\/medulu-770x470-1.jpg 770w, https:\/\/alminutonoticia.com\/noticias\/wp-content\/uploads\/2025\/03\/medulu-770x470-1-300x183.jpg 300w, https:\/\/alminutonoticia.com\/noticias\/wp-content\/uploads\/2025\/03\/medulu-770x470-1-768x469.jpg 768w\" sizes=\"(max-width: 770px) 100vw, 770px\" \/><\/a><\/figure>\n","protected":false},"excerpt":{"rendered":"<p>El Ministerio de Educaci\u00f3n (Meduca)&nbsp;enfrenta un nuevo desaf\u00edo tras el llamado a huelga de 24 horas anunciado por los docentes para el pr\u00f3ximo viernes 21 de marzo, en rechazo a la Ley 163, que reforma la&nbsp;Caja de Seguro Social (CSS). La convocatoria ha generado reacciones encontradas, con el gremio docente defendiendo su derecho a la [&hellip;]<\/p>\n","protected":false},"author":3,"featured_media":14158,"comment_status":"open","ping_status":"open","sticky":false,"template":"","format":"standard","meta":{"footnotes":""},"categories":[36],"tags":[],"class_list":["post-14157","post","type-post","status-publish","format-standard","has-post-thumbnail","hentry","category-nacionales"],"_links":{"self":[{"href":"https:\/\/alminutonoticia.com\/noticias\/wp-json\/wp\/v2\/posts\/14157","targetHints":{"allow":["GET"]}}],"collection":[{"href":"https:\/\/alminutonoticia.com\/noticias\/wp-json\/wp\/v2\/posts"}],"about":[{"href":"https:\/\/alminutonoticia.com\/noticias\/wp-json\/wp\/v2\/types\/post"}],"author":[{"embeddable":true,"href":"https:\/\/alminutonoticia.com\/noticias\/wp-json\/wp\/v2\/users\/3"}],"replies":[{"embeddable":true,"href":"https:\/\/alminutonoticia.com\/noticias\/wp-json\/wp\/v2\/comments?post=14157"}],"version-history":[{"count":1,"href":"https:\/\/alminutonoticia.com\/noticias\/wp-json\/wp\/v2\/posts\/14157\/revisions"}],"predecessor-version":[{"id":14159,"href":"https:\/\/alminutonoticia.com\/noticias\/wp-json\/wp\/v2\/posts\/14157\/revisions\/14159"}],"wp:featuredmedia":[{"embeddable":true,"href":"https:\/\/alminutonoticia.com\/noticias\/wp-json\/wp\/v2\/media\/14158"}],"wp:attachment":[{"href":"https:\/\/alminutonoticia.com\/noticias\/wp-json\/wp\/v2\/media?parent=14157"}],"wp:term":[{"taxonomy":"category","embeddable":true,"href":"https:\/\/alminutonoticia.com\/noticias\/wp-json\/wp\/v2\/categories?post=14157"},{"taxonomy":"post_tag","embeddable":true,"href":"https:\/\/alminutonoticia.com\/noticias\/wp-json\/wp\/v2\/tags?post=14157"}],"curies":[{"name":"wp","href":"https:\/\/api.w.org\/{rel}","templated":true}]}}