{"id":14151,"date":"2025-03-17T04:55:10","date_gmt":"2025-03-17T04:55:10","guid":{"rendered":"https:\/\/alminutonoticia.com\/noticias\/?p=14151"},"modified":"2025-03-17T04:55:11","modified_gmt":"2025-03-17T04:55:11","slug":"universidad-de-panama-se-consolida-entre-las-primeras-100-de-latinoamerica-segun-el-ranking-scimago","status":"publish","type":"post","link":"https:\/\/alminutonoticia.com\/noticias\/universidad-de-panama-se-consolida-entre-las-primeras-100-de-latinoamerica-segun-el-ranking-scimago\/","title":{"rendered":"Universidad de Panam\u00e1 se consolida entre las primeras 100 de Latinoam\u00e9rica, seg\u00fan el ranking SCImago"},"content":{"rendered":"\n<p>La&nbsp;<strong>Universidad de Panam\u00e1&nbsp;<\/strong>se consolida entre los 100 mejores centros de estudios superiores de Latinoam\u00e9rica, subiendo sesenta posiciones en un a\u00f1o, inform\u00f3 el rector de la Casa de M\u00e9ndez Pereira, Dr. Eduardo Flores Castro, al cierre de la octava versi\u00f3n de la Escuela Internacional de Verano.<\/p>\n\n\n\n<p>\u201cSubir una posici\u00f3n ya es mucho, porque ninguna universidad del mundo quiere quedarse atr\u00e1s. Todos queremos mejorar,&nbsp;<strong>pero subimos sesenta posiciones de un a\u00f1o a otro<\/strong>, y a nivel latinoamericano estamos en el puesto 92\u201d, coment\u00f3 el rector durante el discurso de cierre del evento acad\u00e9mico internacional.<\/p>\n\n\n\n<p>Agrega el rector que la noticia reafirma la posici\u00f3n de la Universidad de Panam\u00e1 como una de las instituciones acad\u00e9micas y de<strong>&nbsp;investigaci\u00f3n m\u00e1s destacadas de la regi\u00f3n<\/strong>&nbsp;de acuerdo con los resultados obtenidos de la \u00faltima edici\u00f3n del SCImago Institutions Rankings (SIR) 2025<\/p>\n\n\n\n<p>El ranking<strong>&nbsp;Scimago&nbsp;<\/strong>es una clasificaci\u00f3n internacional que eval\u00faa a m\u00e1s de nueve mil instituciones acad\u00e9micas y de investigaci\u00f3n en funci\u00f3n de un indicador compuesto que combina tres conjuntos de variables: rendimiento en investigaci\u00f3n, resultados de innovaci\u00f3n e impacto social, medido a trav\u00e9s de la visibilidad web. Su metodolog\u00eda permite ofrecer una visi\u00f3n integral del desempe\u00f1o de las instituciones, m\u00e1s all\u00e1 de la producci\u00f3n cient\u00edfica.<\/p>\n\n\n\n<p>\u201cEste logro no es gracias al rector. Es gracias a ustedes, a quienes realmente hacen una universidad, a nuestros profesores, investigadores y administradores, porque ah\u00ed es donde se mide la proyecci\u00f3n social, el v\u00ednculo y la reputaci\u00f3n de nuestros estudiantes. As\u00ed que quiero agradecer a toda la familia de la Universidad de Panam\u00e1\u201d, destac\u00f3 Flores Castro.<\/p>\n\n\n\n<figure class=\"wp-block-image size-full\"><a href=\"https:\/\/alminutonoticia.com\/noticias\/wp-content\/uploads\/2025\/03\/UP-770x470-1.jpg\"><img fetchpriority=\"high\" decoding=\"async\" width=\"770\" height=\"470\" src=\"https:\/\/alminutonoticia.com\/noticias\/wp-content\/uploads\/2025\/03\/UP-770x470-1.jpg\" alt=\"\" class=\"wp-image-14152\" title=\"\" srcset=\"https:\/\/alminutonoticia.com\/noticias\/wp-content\/uploads\/2025\/03\/UP-770x470-1.jpg 770w, https:\/\/alminutonoticia.com\/noticias\/wp-content\/uploads\/2025\/03\/UP-770x470-1-300x183.jpg 300w, https:\/\/alminutonoticia.com\/noticias\/wp-content\/uploads\/2025\/03\/UP-770x470-1-768x469.jpg 768w\" sizes=\"(max-width: 770px) 100vw, 770px\" \/><\/a><\/figure>\n","protected":false},"excerpt":{"rendered":"<p>La&nbsp;Universidad de Panam\u00e1&nbsp;se consolida entre los 100 mejores centros de estudios superiores de Latinoam\u00e9rica, subiendo sesenta posiciones en un a\u00f1o, inform\u00f3 el rector de la Casa de M\u00e9ndez Pereira, Dr. Eduardo Flores Castro, al cierre de la octava versi\u00f3n de la Escuela Internacional de Verano. \u201cSubir una posici\u00f3n ya es mucho, porque ninguna universidad del [&hellip;]<\/p>\n","protected":false},"author":3,"featured_media":14152,"comment_status":"open","ping_status":"open","sticky":false,"template":"","format":"standard","meta":{"footnotes":""},"categories":[36],"tags":[],"class_list":["post-14151","post","type-post","status-publish","format-standard","has-post-thumbnail","hentry","category-nacionales"],"_links":{"self":[{"href":"https:\/\/alminutonoticia.com\/noticias\/wp-json\/wp\/v2\/posts\/14151","targetHints":{"allow":["GET"]}}],"collection":[{"href":"https:\/\/alminutonoticia.com\/noticias\/wp-json\/wp\/v2\/posts"}],"about":[{"href":"https:\/\/alminutonoticia.com\/noticias\/wp-json\/wp\/v2\/types\/post"}],"author":[{"embeddable":true,"href":"https:\/\/alminutonoticia.com\/noticias\/wp-json\/wp\/v2\/users\/3"}],"replies":[{"embeddable":true,"href":"https:\/\/alminutonoticia.com\/noticias\/wp-json\/wp\/v2\/comments?post=14151"}],"version-history":[{"count":1,"href":"https:\/\/alminutonoticia.com\/noticias\/wp-json\/wp\/v2\/posts\/14151\/revisions"}],"predecessor-version":[{"id":14153,"href":"https:\/\/alminutonoticia.com\/noticias\/wp-json\/wp\/v2\/posts\/14151\/revisions\/14153"}],"wp:featuredmedia":[{"embeddable":true,"href":"https:\/\/alminutonoticia.com\/noticias\/wp-json\/wp\/v2\/media\/14152"}],"wp:attachment":[{"href":"https:\/\/alminutonoticia.com\/noticias\/wp-json\/wp\/v2\/media?parent=14151"}],"wp:term":[{"taxonomy":"category","embeddable":true,"href":"https:\/\/alminutonoticia.com\/noticias\/wp-json\/wp\/v2\/categories?post=14151"},{"taxonomy":"post_tag","embeddable":true,"href":"https:\/\/alminutonoticia.com\/noticias\/wp-json\/wp\/v2\/tags?post=14151"}],"curies":[{"name":"wp","href":"https:\/\/api.w.org\/{rel}","templated":true}]}}