{"id":14148,"date":"2025-03-17T04:54:05","date_gmt":"2025-03-17T04:54:05","guid":{"rendered":"https:\/\/alminutonoticia.com\/noticias\/?p=14148"},"modified":"2025-03-17T04:54:07","modified_gmt":"2025-03-17T04:54:07","slug":"instituto-de-seguro-agropecuario-lanza-plataforma-isa-core-para-agilizar-tramites-de-productores","status":"publish","type":"post","link":"https:\/\/alminutonoticia.com\/noticias\/instituto-de-seguro-agropecuario-lanza-plataforma-isa-core-para-agilizar-tramites-de-productores\/","title":{"rendered":"Instituto de Seguro Agropecuario lanza plataforma ISA Core para agilizar tr\u00e1mites de productores"},"content":{"rendered":"\n<p>El<strong>&nbsp;Instituto de Seguro Agropecuario (ISA)<\/strong>&nbsp;realiz\u00f3 el pasado 15 de marzo de 2025 en el marco de la Feria Internacional de San Jos\u00e9 de David, en la provincia de Chiriqu\u00ed, el lanzamiento de la plataforma&nbsp;<strong>ISA Core.<\/strong><\/p>\n\n\n\n<p><strong>ISA Core&nbsp;<\/strong>ofrecer\u00e1 al productor en un tiempo m\u00e1s r\u00e1pido, oportuno y sin tanta discrecionalidad la emisi\u00f3n de p\u00f3lizas; es importante reiterar que contamos con tres tipos de seguros: agr\u00edcola, pecuario y complementario.<\/p>\n\n\n\n<p>El ingeniero Ariel Espino, gerente general del ISA, manifest\u00f3 que la iniciativa estar\u00e1 habilitada para las provincias de Cocl\u00e9,&nbsp;<strong>Los Santos&nbsp;<\/strong>y Chiriqu\u00ed. Adem\u00e1s, explic\u00f3 que se ha realizado la adecuaci\u00f3n de las infraestructuras digitales y la inversi\u00f3n aproximadamente fue de unos&nbsp;<strong>800 mil d\u00f3lares.<\/strong><\/p>\n\n\n\n<p>Los productores podr\u00e1n realizar su solicitud desde cualquier dispositivo m\u00f3vil, en donde cotizar\u00e1n el tipo de seguro, llenar\u00e1n el documento en tiempo real y<strong>&nbsp;en menos de 30 minutos<\/strong>&nbsp;el productor obtendr\u00e1 su p\u00f3liza debidamente procesada.<\/p>\n\n\n\n<p>\u201cNos ahorrar\u00eda mucho tiempo, porque actualmente se realiza manual, queremos agilizar este proceso y que el productor tenga su p\u00f3liza en el menor tiempo posible y si existe alg\u00fan tipo de contingencia en donde tengamos que indemnizar se reducir\u00e1n los tiempos de pagos\u201d, indic\u00f3 el ingeniero&nbsp;<strong>Espino.<\/strong><\/p>\n\n\n\n<p>El ISA busca que el productor tenga la confianza y el acceso a este tipo de p\u00f3lizas y pueda cubrir la inversi\u00f3n realizada.<\/p>\n\n\n\n<p>Durante el lanzamiento de<strong>&nbsp;ISA Core<\/strong>&nbsp;tambi\u00e9n se presentaron algunas proyecciones que se tienen contempladas ejecutar este a\u00f1o, como son el hurto pecuario, actualizacion de los manuales t\u00e9cnicos, el seguro param\u00e9trico, entre otros.<\/p>\n\n\n\n<figure class=\"wp-block-image size-full\"><a href=\"https:\/\/alminutonoticia.com\/noticias\/wp-content\/uploads\/2025\/03\/isa.jpg\"><img fetchpriority=\"high\" decoding=\"async\" width=\"705\" height=\"445\" src=\"https:\/\/alminutonoticia.com\/noticias\/wp-content\/uploads\/2025\/03\/isa.jpg\" alt=\"\" class=\"wp-image-14149\" title=\"\" srcset=\"https:\/\/alminutonoticia.com\/noticias\/wp-content\/uploads\/2025\/03\/isa.jpg 705w, https:\/\/alminutonoticia.com\/noticias\/wp-content\/uploads\/2025\/03\/isa-300x189.jpg 300w\" sizes=\"(max-width: 705px) 100vw, 705px\" \/><\/a><\/figure>\n","protected":false},"excerpt":{"rendered":"<p>El&nbsp;Instituto de Seguro Agropecuario (ISA)&nbsp;realiz\u00f3 el pasado 15 de marzo de 2025 en el marco de la Feria Internacional de San Jos\u00e9 de David, en la provincia de Chiriqu\u00ed, el lanzamiento de la plataforma&nbsp;ISA Core. ISA Core&nbsp;ofrecer\u00e1 al productor en un tiempo m\u00e1s r\u00e1pido, oportuno y sin tanta discrecionalidad la emisi\u00f3n de p\u00f3lizas; es importante [&hellip;]<\/p>\n","protected":false},"author":3,"featured_media":14149,"comment_status":"open","ping_status":"open","sticky":false,"template":"","format":"standard","meta":{"footnotes":""},"categories":[36],"tags":[],"class_list":["post-14148","post","type-post","status-publish","format-standard","has-post-thumbnail","hentry","category-nacionales"],"_links":{"self":[{"href":"https:\/\/alminutonoticia.com\/noticias\/wp-json\/wp\/v2\/posts\/14148","targetHints":{"allow":["GET"]}}],"collection":[{"href":"https:\/\/alminutonoticia.com\/noticias\/wp-json\/wp\/v2\/posts"}],"about":[{"href":"https:\/\/alminutonoticia.com\/noticias\/wp-json\/wp\/v2\/types\/post"}],"author":[{"embeddable":true,"href":"https:\/\/alminutonoticia.com\/noticias\/wp-json\/wp\/v2\/users\/3"}],"replies":[{"embeddable":true,"href":"https:\/\/alminutonoticia.com\/noticias\/wp-json\/wp\/v2\/comments?post=14148"}],"version-history":[{"count":1,"href":"https:\/\/alminutonoticia.com\/noticias\/wp-json\/wp\/v2\/posts\/14148\/revisions"}],"predecessor-version":[{"id":14150,"href":"https:\/\/alminutonoticia.com\/noticias\/wp-json\/wp\/v2\/posts\/14148\/revisions\/14150"}],"wp:featuredmedia":[{"embeddable":true,"href":"https:\/\/alminutonoticia.com\/noticias\/wp-json\/wp\/v2\/media\/14149"}],"wp:attachment":[{"href":"https:\/\/alminutonoticia.com\/noticias\/wp-json\/wp\/v2\/media?parent=14148"}],"wp:term":[{"taxonomy":"category","embeddable":true,"href":"https:\/\/alminutonoticia.com\/noticias\/wp-json\/wp\/v2\/categories?post=14148"},{"taxonomy":"post_tag","embeddable":true,"href":"https:\/\/alminutonoticia.com\/noticias\/wp-json\/wp\/v2\/tags?post=14148"}],"curies":[{"name":"wp","href":"https:\/\/api.w.org\/{rel}","templated":true}]}}