{"id":14145,"date":"2025-03-17T04:52:35","date_gmt":"2025-03-17T04:52:35","guid":{"rendered":"https:\/\/alminutonoticia.com\/noticias\/?p=14145"},"modified":"2025-03-17T04:52:38","modified_gmt":"2025-03-17T04:52:38","slug":"inicia-investigacion-por-apagon-nacional-asep-realiza-un-recorrido-por-el-lugar-afectado","status":"publish","type":"post","link":"https:\/\/alminutonoticia.com\/noticias\/inicia-investigacion-por-apagon-nacional-asep-realiza-un-recorrido-por-el-lugar-afectado\/","title":{"rendered":"Inicia investigaci\u00f3n por apag\u00f3n nacional\u2026 ASEP realiza un recorrido por el lugar afectado"},"content":{"rendered":"\n<p>La administradora general de la ASEP,<strong>&nbsp;Zelmar Rodr\u00edguez Crespo,&nbsp;<\/strong>luego de monitorear durante toda la madrugada hasta las 6 horas 8 minutos de hoy domingo 16 de marzo, se desplaz\u00f3 a la planta termoel\u00e9ctrica&nbsp;<strong>Pan-Am<\/strong>, ubicada en distrito de La Chorrera, provincia de Panam\u00e1 Oeste, lugar donde se registr\u00f3 la explosi\u00f3n de un transformador y el posterior apag\u00f3n a nivel nacional para conocer detalles preliminares del incidente.<\/p>\n\n\n\n<p>Durante la visita, la funcionaria pudo comprobar el estado del transformador de&nbsp;<strong>50 MVA<\/strong>&nbsp;y el cuarto de operaciones que tambi\u00e9n result\u00f3 afectado por el siniestro.<\/p>\n\n\n\n<p>\u201cHemos dado acceso a la prensa para consolidar nuestro compromiso con la transparencia al pa\u00eds, por lo que nuestro personal t\u00e9cnico se involucrar\u00e1 de lleno en las investigaciones periciales para determinar lo sucedido anoche\u201d, indic\u00f3&nbsp;<strong>Rodr\u00edguez Crespo.<\/strong><\/p>\n\n\n\n<p>Como entidad reguladora informamos que, por medidas de seguridad, no se ha podido acceder a la zona de incidencia, hasta tanto el&nbsp;<strong>Cuerpo de Bomberos<\/strong>&nbsp;realice un levantamiento de los hechos.&nbsp; Una vez, nos permitan el acceso, iniciaremos las investigaciones, de acuerdo con las normas regulatorias.<\/p>\n\n\n\n<p>Personal de la Empresa de Trasmisi\u00f3n El\u00e9ctrica (ETESA) y de la planta afectada, adem\u00e1s del equipo t\u00e9cnico de la<strong>&nbsp;Direcci\u00f3n Nacional de Electricidad de ASEP,<\/strong>&nbsp;acompa\u00f1aron a la administradora en este recorrido desde las 8:00 a.m. de hoy domingo.<\/p>\n\n\n\n<p>El pa\u00eds fue afectado anoche por un apag\u00f3n nacional a las 23:40 (11:40 p.m.) del s\u00e1bado 15 de marzo, sin embargo,&nbsp;<strong>el servicio fue reestablecido progresivamente<\/strong>&nbsp;hasta completar la estabilidad del sistema a las 6:08 a.m. de hoy domingo.<\/p>\n\n\n\n<figure class=\"wp-block-image size-full\"><a href=\"https:\/\/alminutonoticia.com\/noticias\/wp-content\/uploads\/2025\/03\/asep-211-770x462-1.jpg\"><img fetchpriority=\"high\" decoding=\"async\" width=\"770\" height=\"462\" src=\"https:\/\/alminutonoticia.com\/noticias\/wp-content\/uploads\/2025\/03\/asep-211-770x462-1.jpg\" alt=\"\" class=\"wp-image-14146\" title=\"\" srcset=\"https:\/\/alminutonoticia.com\/noticias\/wp-content\/uploads\/2025\/03\/asep-211-770x462-1.jpg 770w, https:\/\/alminutonoticia.com\/noticias\/wp-content\/uploads\/2025\/03\/asep-211-770x462-1-300x180.jpg 300w, https:\/\/alminutonoticia.com\/noticias\/wp-content\/uploads\/2025\/03\/asep-211-770x462-1-768x461.jpg 768w\" sizes=\"(max-width: 770px) 100vw, 770px\" \/><\/a><\/figure>\n","protected":false},"excerpt":{"rendered":"<p>La administradora general de la ASEP,&nbsp;Zelmar Rodr\u00edguez Crespo,&nbsp;luego de monitorear durante toda la madrugada hasta las 6 horas 8 minutos de hoy domingo 16 de marzo, se desplaz\u00f3 a la planta termoel\u00e9ctrica&nbsp;Pan-Am, ubicada en distrito de La Chorrera, provincia de Panam\u00e1 Oeste, lugar donde se registr\u00f3 la explosi\u00f3n de un transformador y el posterior apag\u00f3n [&hellip;]<\/p>\n","protected":false},"author":3,"featured_media":14146,"comment_status":"open","ping_status":"open","sticky":false,"template":"","format":"standard","meta":{"footnotes":""},"categories":[36],"tags":[],"class_list":["post-14145","post","type-post","status-publish","format-standard","has-post-thumbnail","hentry","category-nacionales"],"_links":{"self":[{"href":"https:\/\/alminutonoticia.com\/noticias\/wp-json\/wp\/v2\/posts\/14145","targetHints":{"allow":["GET"]}}],"collection":[{"href":"https:\/\/alminutonoticia.com\/noticias\/wp-json\/wp\/v2\/posts"}],"about":[{"href":"https:\/\/alminutonoticia.com\/noticias\/wp-json\/wp\/v2\/types\/post"}],"author":[{"embeddable":true,"href":"https:\/\/alminutonoticia.com\/noticias\/wp-json\/wp\/v2\/users\/3"}],"replies":[{"embeddable":true,"href":"https:\/\/alminutonoticia.com\/noticias\/wp-json\/wp\/v2\/comments?post=14145"}],"version-history":[{"count":1,"href":"https:\/\/alminutonoticia.com\/noticias\/wp-json\/wp\/v2\/posts\/14145\/revisions"}],"predecessor-version":[{"id":14147,"href":"https:\/\/alminutonoticia.com\/noticias\/wp-json\/wp\/v2\/posts\/14145\/revisions\/14147"}],"wp:featuredmedia":[{"embeddable":true,"href":"https:\/\/alminutonoticia.com\/noticias\/wp-json\/wp\/v2\/media\/14146"}],"wp:attachment":[{"href":"https:\/\/alminutonoticia.com\/noticias\/wp-json\/wp\/v2\/media?parent=14145"}],"wp:term":[{"taxonomy":"category","embeddable":true,"href":"https:\/\/alminutonoticia.com\/noticias\/wp-json\/wp\/v2\/categories?post=14145"},{"taxonomy":"post_tag","embeddable":true,"href":"https:\/\/alminutonoticia.com\/noticias\/wp-json\/wp\/v2\/tags?post=14145"}],"curies":[{"name":"wp","href":"https:\/\/api.w.org\/{rel}","templated":true}]}}